{"id":19713,"date":"2025-04-12T11:37:17","date_gmt":"2025-04-12T11:37:17","guid":{"rendered":"https:\/\/www.europesays.com\/fr\/19713\/"},"modified":"2025-04-12T11:37:17","modified_gmt":"2025-04-12T11:37:17","slug":"reseau-des-pistes-cyclables-en-ile-de-france-des-associations-pointent-des-coupures-dangereuses","status":"publish","type":"post","link":"https:\/\/www.europesays.com\/fr\/19713\/","title":{"rendered":"R\u00e9seau des pistes cyclables en \u00cele-de-France\u00a0: des associations pointent des coupures dangereuses"},"content":{"rendered":"<p class=\"paragraph text_align_left\">La premi\u00e8re phase du VIF, le R\u00e9seau V\u00e9lo \u00cele-de-France, est cens\u00e9e \u00eatre termin\u00e9e d\u00e8s la fin 2025. Mais sur le terrain, les quelque <a href=\"https:\/\/www.leparisien.fr\/info-paris-ile-de-france-oise\/transports\/reseau-velo-ile-de-france-les-premiers-itineraires-cyclables-seront-inaugures-fin-2025-05-12-2024-GD4AUTHLQRBCVCO623FHIMF3JI.php\" target=\"_blank\" rel=\"nofollow noopener\">300 km de pistes cyclables promis<\/a> sont encore loin d\u2019\u00eatre fluides et continus\u2026 Mercredi soir, les adh\u00e9rents et adh\u00e9rentes du Collectif V\u00e9lo \u00cele-de-France, qui regroupe une quarantaine d\u2019associations, ont pos\u00e9 des panneaux signalant les coupures les plus dangereuses.<\/p>\n<p class=\"paragraph text_align_left\">Les associations ont cibl\u00e9 plusieurs sites dans les Yvelines, l\u2019Essonne et le Val-de-Marne. \u00c0 Nogent-sur-Marne (Val-de-Marne), les cyclistes sont \u00ab projet\u00e9s dans la circulation \u00e0 la sortie du bois \u00bb. \u00ab Alors qu\u2019un itin\u00e9raire temporaire a \u00e9t\u00e9 propos\u00e9 par le d\u00e9partement et la r\u00e9gion \u00cele-de-France, la ville de Nogent-sur-Marne fait toujours obstruction \u00e0 l\u2019am\u00e9nagement d\u2019un itin\u00e9raire s\u00e9curis\u00e9 \u00bb, d\u00e9plore le collectif. \u00c0 Cr\u00e9teil, les cyclistes constatent que la ville a \u00ab refus\u00e9 de p\u00e9renniser la piste provisoire d\u00e9ploy\u00e9e sur la D 86, rendant inaccessible <a href=\"https:\/\/www.leparisien.fr\/val-de-marne-94\/il-faut-trouver-une-solution-ca-sechauffe-au-carrefour-pompadour-de-creteil-victime-dembolie-routiere-13-01-2025-WALQVPKNIZHG7AD7FMVFWVLJ2U.php\" target=\"_blank\" rel=\"nofollow noopener\">le carrefour Pompadour<\/a> et coupant la ligne V20 du VIF \u00bb.<\/p>\n","protected":false},"excerpt":{"rendered":"La premi\u00e8re phase du VIF, le R\u00e9seau V\u00e9lo \u00cele-de-France, est cens\u00e9e \u00eatre termin\u00e9e d\u00e8s la fin 2025. Mais&hellip;\n","protected":false},"author":2,"featured_media":19714,"comment_status":"","ping_status":"","sticky":false,"template":"","format":"standard","meta":{"footnotes":""},"categories":[1592],"tags":[1111,11,1777,674,1011,27,662,1944,12,626,25,2382],"class_list":{"0":"post-19713","1":"post","2":"type-post","3":"status-publish","4":"format-standard","5":"has-post-thumbnail","7":"category-ile-de-france","8":"tag-actu","9":"tag-actualites","10":"tag-eu","11":"tag-europe","12":"tag-fr","13":"tag-france","14":"tag-ile-de-france","15":"tag-ma-ville","16":"tag-news","17":"tag-paris","18":"tag-republique-francaise","19":"tag-transport-idf-oise"},"share_on_mastodon":{"url":"https:\/\/pubeurope.com\/@fr\/114324795839018659","error":""},"_links":{"self":[{"href":"https:\/\/www.europesays.com\/fr\/wp-json\/wp\/v2\/posts\/19713","targetHints":{"allow":["GET"]}}],"collection":[{"href":"https:\/\/www.europesays.com\/fr\/wp-json\/wp\/v2\/posts"}],"about":[{"href":"https:\/\/www.europesays.com\/fr\/wp-json\/wp\/v2\/types\/post"}],"author":[{"embeddable":true,"href":"https:\/\/www.europesays.com\/fr\/wp-json\/wp\/v2\/users\/2"}],"replies":[{"embeddable":true,"href":"https:\/\/www.europesays.com\/fr\/wp-json\/wp\/v2\/comments?post=19713"}],"version-history":[{"count":0,"href":"https:\/\/www.europesays.com\/fr\/wp-json\/wp\/v2\/posts\/19713\/revisions"}],"wp:featuredmedia":[{"embeddable":true,"href":"https:\/\/www.europesays.com\/fr\/wp-json\/wp\/v2\/media\/19714"}],"wp:attachment":[{"href":"https:\/\/www.europesays.com\/fr\/wp-json\/wp\/v2\/media?parent=19713"}],"wp:term":[{"taxonomy":"category","embeddable":true,"href":"https:\/\/www.europesays.com\/fr\/wp-json\/wp\/v2\/categories?post=19713"},{"taxonomy":"post_tag","embeddable":true,"href":"https:\/\/www.europesays.com\/fr\/wp-json\/wp\/v2\/tags?post=19713"}],"curies":[{"name":"wp","href":"https:\/\/api.w.org\/{rel}","templated":true}]}}