{"id":197131,"date":"2025-06-23T02:10:09","date_gmt":"2025-06-23T02:10:09","guid":{"rendered":"https:\/\/www.europesays.com\/fr\/197131\/"},"modified":"2025-06-23T02:10:09","modified_gmt":"2025-06-23T02:10:09","slug":"treize-personnes-au-moins-disent-avoir-ete-victimes-de-piqures","status":"publish","type":"post","link":"https:\/\/www.europesays.com\/fr\/197131\/","title":{"rendered":"treize personnes au moins disent avoir \u00e9t\u00e9 victimes de \u00ab\u00a0piq\u00fbres\u00a0\u00bb"},"content":{"rendered":"<p>Une rumeur avait circul\u00e9 sur les r\u00e9seaux sociaux, la veille de la F\u00eate de la musique\u00a0: des groupes d\u2019hommes pr\u00e9voyaient, selon les dires d\u2019internautes, de \u00ab\u00a0piquer\u00a0\u00bb avec des seringues des participants \u00e0 la f\u00eate, \u00e0 Tours, samedi 21\u00a0juin 2025.\u00a0L\u2019association tourangelle Les \u00c9tabli.e.s avait <a target=\"_self\" href=\"https:\/\/www.lanouvellerepublique.fr\/tours\/fete-de-la-musique-a-tours-un-message-de-prevention-avant-la-fete-1750438454\" rel=\"nofollow noopener\">pris le sujet au s\u00e9rieux<\/a> et, en r\u00e9ponse, diffus\u00e9 un message de pr\u00e9vention.<\/p>\n<p>Dimanche 22 juin, au lendemain des festivit\u00e9s et au moment de faire le bilan du week-end, les sapeurs-pompiers d\u2019Indre-et-Loire affirment avoir pris en charge, sur les diff\u00e9rents postes de secours \u00e0 travers la ville, \u00ab\u00a0treize personnes\u00a0\u00bb disant avoir \u00e9t\u00e9 victimes de \u00ab\u00a0piq\u00fbres\u00a0\u00bb, sans qu\u2019il soit possible d\u2019en d\u00e9terminer la nature exacte. Ce dimanche, toujours selon les pompiers, le Samu a \u00e9t\u00e9 destinataire d\u2019appels relatant d\u2019autres faits similaires.<\/p>\n<p>Soixante-huit personnes prises en charge \u00e0 Tours<\/p>\n<p>Philippe Geiger, adjoint au maire de Tours, d\u00e9l\u00e9gu\u00e9 \u00e0 la tranquillit\u00e9 publique, avait pass\u00e9 une grande partie de la soir\u00e9e avec la police municipale et les services de secours. Dimanche, il assurait n\u2019avoir eu \u00ab\u00a0aucun fait grave \u00e0 d\u00e9plorer\u00a0\u00bb, ne signalant que \u00ab\u00a0quelques interventions pour des malaises\u00a0\u00bb.<\/p>\n<p>D\u2019apr\u00e8s le comptage effectu\u00e9 par les pompiers, soixante-huit personnes se sont pr\u00e9sent\u00e9es aux postes de secours durant la soir\u00e9e. \u00ab\u00a0Cinq ont \u00e9t\u00e9 transport\u00e9s en milieu hospitalier.\u00a0\u00bb<\/p>\n","protected":false},"excerpt":{"rendered":"Une rumeur avait circul\u00e9 sur les r\u00e9seaux sociaux, la veille de la F\u00eate de la musique\u00a0: des groupes&hellip;\n","protected":false},"author":2,"featured_media":197132,"comment_status":"","ping_status":"","sticky":false,"template":"","format":"standard","meta":{"footnotes":""},"categories":[4],"tags":[1392,11,274,1011,27,1387,12,25,1390],"class_list":{"0":"post-197131","1":"post","2":"type-post","3":"status-publish","4":"format-standard","5":"has-post-thumbnail","7":"category-france","8":"tag-a-la-une-local","9":"tag-actualites","10":"tag-faits-divers-justice","11":"tag-fr","12":"tag-france","13":"tag-indre-et-loire","14":"tag-news","15":"tag-republique-francaise","16":"tag-tours"},"share_on_mastodon":{"url":"https:\/\/pubeurope.com\/@fr\/114730252620833692","error":""},"_links":{"self":[{"href":"https:\/\/www.europesays.com\/fr\/wp-json\/wp\/v2\/posts\/197131","targetHints":{"allow":["GET"]}}],"collection":[{"href":"https:\/\/www.europesays.com\/fr\/wp-json\/wp\/v2\/posts"}],"about":[{"href":"https:\/\/www.europesays.com\/fr\/wp-json\/wp\/v2\/types\/post"}],"author":[{"embeddable":true,"href":"https:\/\/www.europesays.com\/fr\/wp-json\/wp\/v2\/users\/2"}],"replies":[{"embeddable":true,"href":"https:\/\/www.europesays.com\/fr\/wp-json\/wp\/v2\/comments?post=197131"}],"version-history":[{"count":0,"href":"https:\/\/www.europesays.com\/fr\/wp-json\/wp\/v2\/posts\/197131\/revisions"}],"wp:featuredmedia":[{"embeddable":true,"href":"https:\/\/www.europesays.com\/fr\/wp-json\/wp\/v2\/media\/197132"}],"wp:attachment":[{"href":"https:\/\/www.europesays.com\/fr\/wp-json\/wp\/v2\/media?parent=197131"}],"wp:term":[{"taxonomy":"category","embeddable":true,"href":"https:\/\/www.europesays.com\/fr\/wp-json\/wp\/v2\/categories?post=197131"},{"taxonomy":"post_tag","embeddable":true,"href":"https:\/\/www.europesays.com\/fr\/wp-json\/wp\/v2\/tags?post=197131"}],"curies":[{"name":"wp","href":"https:\/\/api.w.org\/{rel}","templated":true}]}}