{"id":197149,"date":"2025-06-23T02:32:59","date_gmt":"2025-06-23T02:32:59","guid":{"rendered":"https:\/\/www.europesays.com\/fr\/197149\/"},"modified":"2025-06-23T02:32:59","modified_gmt":"2025-06-23T02:32:59","slug":"pourquoi-cet-emblematique-cinema-nantais-a-t-il-decide-de-fermer-pendant-la-canicule","status":"publish","type":"post","link":"https:\/\/www.europesays.com\/fr\/197149\/","title":{"rendered":"Pourquoi cet embl\u00e9matique cin\u00e9ma nantais a-t-il d\u00e9cid\u00e9 de fermer pendant la canicule\u00a0? ."},"content":{"rendered":"<p>Une petite toile pour se mettre au frais, alors qu\u2019une journ\u00e9e caniculaire est annonc\u00e9e \u00e0 Nantes\u00a0? Et bien ce ne sera pas au Concorde. L\u2019embl\u00e9matique cin\u00e9ma a annonc\u00e9, jeudi, sa fermeture exceptionnelle <a href=\"https:\/\/nantes.maville.com\/actu\/actudet_-canicule-la-loire-atlantique-placee-en-vigilance-orange-vendredi-20-juin-ca-change-quoi-_8-6861682_actu.Htm\" target=\"_self\" rel=\"nofollow noopener\">ce vendredi 20\u00a0juin alors que la temp\u00e9rature devrait d\u00e9passer les 35\u00a0degr\u00e9s<\/a>. Aucun film ne sera projet\u00e9 dans les quatre salles de cet \u00e9tablissement embl\u00e9matique \u00e0 l\u2019ouest de Nantes.<\/p>\n<p>Ferm\u00e9 pour prot\u00e9ger le mat\u00e9riel<\/p>\n<p>Le Concorde avait d\u00e9j\u00e0 pris cette d\u00e9cision il y a deux ans, lors du gros \u00e9pisode de canicule \u00e0 Nantes, en septembre\u00a02023.\u00a0La chaleur ne pose pas en soi de probl\u00e8mes \u00e0 l\u2019int\u00e9rieur des salles, mais elle l\u2019est dans l\u2019espace technique. En jeu, le mat\u00e9riel. <strong>\u00ab\u00a0Quand on encha\u00eene une p\u00e9riode avec des temp\u00e9ratures au-del\u00e0 de 35-37\u00b0, on se pose la question<\/strong>, explique Sylvain Clochard, son directeur. <strong>Les climatiseurs des espaces de projection ont \u00e9t\u00e9 dimensionn\u00e9s \u00e0 une \u00e9poque o\u00f9 il faisait moins chaud.\u00a0\u00bb<\/strong><\/p>\n<p>\u00ab\u00a0Avec l\u2019\u00e9lectronique, ce n\u2019est plus possible\u00a0\u00bb<\/p>\n<p>Dans le contexte de grosses chaleurs \u00e0 l\u2019int\u00e9rieur d\u2019une petite pi\u00e8ce o\u00f9 tournent \u00e0 fond les projecteurs, les serveurs de projection et <strong>\u00ab\u00a0six ou sept amplis pour le son\u00a0\u00bb<\/strong>, c\u2019est prendre le risque d\u2019endommager le mat\u00e9riel. <strong>\u00ab\u00a0\u00c0 l\u2019\u00e9poque de la pellicule, comme quand j\u2019ai d\u00e9marr\u00e9 au Hublot, \u00e0 Pornic, on pouvait bosser torse nu sous 40\u00a0degr\u00e9s sans trop de difficult\u00e9, mais avec l\u2019\u00e9lectronique, ce n\u2019est plus possible.\u00a0\u00bb<\/strong><\/p>\n<p>Des projections supprim\u00e9es pendant la F\u00eate de la musique<\/p>\n<p>120 \u00e0 150\u00a0cin\u00e9philes, ou 50\u00a0dans les pires journ\u00e9es, fr\u00e9quentent durant cette p\u00e9riode le Concorde. <strong>\u00ab\u00a0Nous sommes ouverts tous les samedis de l\u2019ann\u00e9e. C\u2019est extr\u00eamement rare, mais on pr\u00e9f\u00e8re annuler une journ\u00e9e de projections, plut\u00f4t que de devoir remplacer un petit projecteur \u00e0 35\u00a0000\u00a0\u20ac ou un serveur \u00e0 13\u00a0000\u00a0\u20ac.\u00a0\u00bb<\/strong> Autre d\u00e9cision prise\u00a0: compte tenu de <a href=\"https:\/\/nantes.maville.com\/actu\/actudet_-fete-de-la-musique.-la-selection-rafraichissante-de-la-redaction-d-ouest-france-en-loire-atlantique-_8-6858352_actu.Htm\" target=\"_self\" rel=\"nofollow noopener\">la m\u00e9t\u00e9o estivale tr\u00e8s ensoleill\u00e9e et de la F\u00eate de la musique<\/a>, les s\u00e9ances de 18\u00a0h et 20\u00a0h sont \u00e9galement supprim\u00e9es, samedi soir.<\/p>\n<p>\u00a0<\/p>\n","protected":false},"excerpt":{"rendered":"Une petite toile pour se mettre au frais, alors qu\u2019une journ\u00e9e caniculaire est annonc\u00e9e \u00e0 Nantes\u00a0? Et bien&hellip;\n","protected":false},"author":2,"featured_media":197150,"comment_status":"","ping_status":"","sticky":false,"template":"","format":"standard","meta":{"footnotes":""},"categories":[2818],"tags":[16736,1111,11,6698,650,24684,33688,1777,674,6614,1011,27,4715,766,12,2636,25],"class_list":{"0":"post-197149","1":"post","2":"type-post","3":"status-publish","4":"format-standard","5":"has-post-thumbnail","7":"category-nantes","8":"tag-a-t-il","9":"tag-actu","10":"tag-actualites","11":"tag-canicule","12":"tag-cinema","13":"tag-decide","14":"tag-emblematique","15":"tag-eu","16":"tag-europe","17":"tag-fermer","18":"tag-fr","19":"tag-france","20":"tag-nantais","21":"tag-nantes","22":"tag-news","23":"tag-pays-de-la-loire","24":"tag-republique-francaise"},"share_on_mastodon":{"url":"https:\/\/pubeurope.com\/@fr\/114730342988004426","error":""},"_links":{"self":[{"href":"https:\/\/www.europesays.com\/fr\/wp-json\/wp\/v2\/posts\/197149","targetHints":{"allow":["GET"]}}],"collection":[{"href":"https:\/\/www.europesays.com\/fr\/wp-json\/wp\/v2\/posts"}],"about":[{"href":"https:\/\/www.europesays.com\/fr\/wp-json\/wp\/v2\/types\/post"}],"author":[{"embeddable":true,"href":"https:\/\/www.europesays.com\/fr\/wp-json\/wp\/v2\/users\/2"}],"replies":[{"embeddable":true,"href":"https:\/\/www.europesays.com\/fr\/wp-json\/wp\/v2\/comments?post=197149"}],"version-history":[{"count":0,"href":"https:\/\/www.europesays.com\/fr\/wp-json\/wp\/v2\/posts\/197149\/revisions"}],"wp:featuredmedia":[{"embeddable":true,"href":"https:\/\/www.europesays.com\/fr\/wp-json\/wp\/v2\/media\/197150"}],"wp:attachment":[{"href":"https:\/\/www.europesays.com\/fr\/wp-json\/wp\/v2\/media?parent=197149"}],"wp:term":[{"taxonomy":"category","embeddable":true,"href":"https:\/\/www.europesays.com\/fr\/wp-json\/wp\/v2\/categories?post=197149"},{"taxonomy":"post_tag","embeddable":true,"href":"https:\/\/www.europesays.com\/fr\/wp-json\/wp\/v2\/tags?post=197149"}],"curies":[{"name":"wp","href":"https:\/\/api.w.org\/{rel}","templated":true}]}}