{"id":197155,"date":"2025-06-23T02:43:13","date_gmt":"2025-06-23T02:43:13","guid":{"rendered":"https:\/\/www.europesays.com\/fr\/197155\/"},"modified":"2025-06-23T02:43:13","modified_gmt":"2025-06-23T02:43:13","slug":"la-saison-folle-des-girondins-de-bordeaux-se-poursuit-en-justice","status":"publish","type":"post","link":"https:\/\/www.europesays.com\/fr\/197155\/","title":{"rendered":"La saison folle des Girondins de Bordeaux se poursuit en justice"},"content":{"rendered":"<p>        Emmanuel Hoarau, Bordeaux<\/p>\n<p>    Publi\u00e9 le 22 juin 2025 \u00e0 13:58. \/ Modifi\u00e9 le 22 juin 2025 \u00e0 17:44.<\/p>\n<p> 4 min. de lecture<\/p>\n<p>La saison s\u2019est achev\u00e9e le 17\u00a0mai dernier mais les Girondins de Bordeaux continuent de jouer leur avenir sur les terrains judiciaire et r\u00e9glementaire. Mardi 24\u00a0juin, la Chambre commerciale de la Cour d\u2019appel de Bordeaux doit se prononcer sur le plan de continuation de l\u2019activit\u00e9 du club six fois champion de France, qui tra\u00eene une dette de 94\u00a0millions d\u2019euros (88,5\u00a0millions de francs). Le m\u00eame jour, la Direction nationale du contr\u00f4le de gestion (DNCG) de la Ligue de football professionnel (LFP) doit valider l\u2019engagement du club en National 2 (4e division) la saison prochaine. Enjeu: la poursuite d\u2019activit\u00e9 du club, ou une liquidation judiciaire synonyme de disparition de l\u2019entreprise.<\/p>\n<p>Rel\u00e9gu\u00e9s sportivement en Ligue 2 en mai 2022, au terme d\u2019une saison entam\u00e9e avec Vladimir Petkovic, les Girondins ratent de peu la remont\u00e9e imm\u00e9diate la saison suivante puis sombrent et sont r\u00e9trograd\u00e9s administrativement en 2024 par la DNCG en Nationale 2, au niveau semi-professionnel. La saison 2024-2025 m\u00e9riterait une s\u00e9rie sur Netflix: l\u2019entra\u00eeneur Bruno Irles monte en derni\u00e8re minute un effectif compos\u00e9 de joueurs amateurs auxquels s\u2019ajoute l\u2019ancien avant-centre de Liverpool Andy Carroll, venu \u00abpour vivre une aventure\u00bb \u00e0 36\u00a0ans. Les d\u00e9buts sont laborieux, on joue les premi\u00e8res rencontres \u00e0 domicile au petit stade Sainte-Germaine, au Bouscat, puis Bordeaux remonte au classement et renoue avec son public, qui vient parfois \u00e0 plus de 10\u00a0000\u00a0au Matmut Atlantique, qui peut en accueillir 42\u00a0000. Les deux principaux groupes de supporters, qui s\u2019opposaient parfois violemment, signent m\u00eame un pacte de non-agression. Et puis l\u2019\u00e9quipe, leader \u00e0 dix journ\u00e9es de la fin, s\u2019effondre et ne se classe que quatri\u00e8me, \u00e0 11 points du leader et promu, Saint-Brieuc.<\/p>\n","protected":false},"excerpt":{"rendered":"Emmanuel Hoarau, Bordeaux Publi\u00e9 le 22 juin 2025 \u00e0 13:58. \/ Modifi\u00e9 le 22 juin 2025 \u00e0 17:44.&hellip;\n","protected":false},"author":2,"featured_media":197156,"comment_status":"","ping_status":"","sticky":false,"template":"","format":"standard","meta":{"footnotes":""},"categories":[2817],"tags":[1111,11,1997,1777,674,1011,27,12,2219,301,25],"class_list":{"0":"post-197155","1":"post","2":"type-post","3":"status-publish","4":"format-standard","5":"has-post-thumbnail","7":"category-bordeaux","8":"tag-actu","9":"tag-actualites","10":"tag-bordeaux","11":"tag-eu","12":"tag-europe","13":"tag-fr","14":"tag-france","15":"tag-news","16":"tag-nouvelle-aquitaine","17":"tag-premium","18":"tag-republique-francaise"},"share_on_mastodon":{"url":"https:\/\/pubeurope.com\/@fr\/114730382363693431","error":""},"_links":{"self":[{"href":"https:\/\/www.europesays.com\/fr\/wp-json\/wp\/v2\/posts\/197155","targetHints":{"allow":["GET"]}}],"collection":[{"href":"https:\/\/www.europesays.com\/fr\/wp-json\/wp\/v2\/posts"}],"about":[{"href":"https:\/\/www.europesays.com\/fr\/wp-json\/wp\/v2\/types\/post"}],"author":[{"embeddable":true,"href":"https:\/\/www.europesays.com\/fr\/wp-json\/wp\/v2\/users\/2"}],"replies":[{"embeddable":true,"href":"https:\/\/www.europesays.com\/fr\/wp-json\/wp\/v2\/comments?post=197155"}],"version-history":[{"count":0,"href":"https:\/\/www.europesays.com\/fr\/wp-json\/wp\/v2\/posts\/197155\/revisions"}],"wp:featuredmedia":[{"embeddable":true,"href":"https:\/\/www.europesays.com\/fr\/wp-json\/wp\/v2\/media\/197156"}],"wp:attachment":[{"href":"https:\/\/www.europesays.com\/fr\/wp-json\/wp\/v2\/media?parent=197155"}],"wp:term":[{"taxonomy":"category","embeddable":true,"href":"https:\/\/www.europesays.com\/fr\/wp-json\/wp\/v2\/categories?post=197155"},{"taxonomy":"post_tag","embeddable":true,"href":"https:\/\/www.europesays.com\/fr\/wp-json\/wp\/v2\/tags?post=197155"}],"curies":[{"name":"wp","href":"https:\/\/api.w.org\/{rel}","templated":true}]}}