{"id":197159,"date":"2025-06-23T02:45:10","date_gmt":"2025-06-23T02:45:10","guid":{"rendered":"https:\/\/www.europesays.com\/fr\/197159\/"},"modified":"2025-06-23T02:45:10","modified_gmt":"2025-06-23T02:45:10","slug":"un-ado-aurait-ete-victime-dun-guet-apens-antisemite-pres-de-toulouse","status":"publish","type":"post","link":"https:\/\/www.europesays.com\/fr\/197159\/","title":{"rendered":"Un ado aurait \u00e9t\u00e9 victime d\u2019un guet-apens antis\u00e9mite pr\u00e8s de Toulouse"},"content":{"rendered":"<p>La violence avec en toile de fond l\u2019<a href=\"https:\/\/www.20minutes.fr\/dossier\/antisemitisme\" target=\"_blank\" class=\"color-ultramarine c-link\" rel=\"noopener\">antis\u00e9mitisme<\/a> a frapp\u00e9 dans la banlieue de <a href=\"https:\/\/www.20minutes.fr\/toulouse\/\" target=\"_blank\" class=\"color-ultramarine c-link\" rel=\"noopener\">Toulouse<\/a> la semaine derni\u00e8re. Un mineur de 15 ans s\u2019est en effet pr\u00e9sent\u00e9 jeudi 19\u00a0juin au commissariat de Colomiers dans le but de d\u00e9poser plainte pour une agression.<\/p>\n<p>Selon un communiqu\u00e9 dimanche du procureur de la r\u00e9publique de Toulouse, David Charmatz, la victime a expliqu\u00e9 avoir retrouv\u00e9 le 18\u00a0juin \u00ab\u00a0une jeune fille avec laquelle il conversait sur les <a href=\"https:\/\/www.20minutes.fr\/dossier\/reseaux_sociaux\" target=\"_blank\" class=\"color-ultramarine c-link\" rel=\"noopener\">r\u00e9seaux sociaux<\/a> pour un rendez-vous. Celle-ci se pr\u00e9sentait, accompagn\u00e9e d\u2019un autre mineur et, sous un faux pr\u00e9texte, ils attiraient la victime dans une cave. Sur place un troisi\u00e8me mineur l\u2019attendait un couteau \u00e0 la main\u00a0\u00bb.<\/p>\n<p>Une agression \u00ab\u00a0diffus\u00e9e sur les r\u00e9seaux sociaux\u00a0\u00bb<\/p>\n<p>Selon les d\u00e9clarations, du mineur de 15 ans, la jeune fille est alors sortie et l\u2019<a href=\"https:\/\/www.20minutes.fr\/dossier\/agression\" target=\"_blank\" class=\"color-ultramarine c-link\" rel=\"noopener\">agression<\/a> a commenc\u00e9. Il a \u00e9t\u00e9 contraint de retirer son tee-shirt, de danser et de s\u2019agenouiller puis forc\u00e9 de prier et de supplier ses agresseurs, tout en \u00e9tant trait\u00e9 de \u00ab\u00a0sale juif\u00a0\u00bb, selon le procureur.<\/p>\n<\/p>\n<p>La victime a ensuite pu repartir. Il aurait en outre \u00e9t\u00e9 menac\u00e9 de mort s\u2019il d\u00e9posait plainte. La sc\u00e8ne de violences et d\u2019humiliation a \u00e9t\u00e9 film\u00e9e. Le mineur assure avoir constat\u00e9 \u00ab\u00a0le lendemain qu\u2019elle avait \u00e9t\u00e9 diffus\u00e9e sur les r\u00e9seaux sociaux\u00a0\u00bb.<\/p>\n<p>Selon le procureur, \u00ab\u00a0la victime qui n\u2019\u00e9tait pas de confession juive \u00e9tait scolaris\u00e9e \u00e0 l\u2019ORT de Colomiers, lyc\u00e9e professionnel priv\u00e9 juda\u00efque, sous contrat avec l\u2019\u00e9tat\u00a0\u00bb.<\/p>\n<p>Deux suspects interpell\u00e9s<\/p>\n<p>Les investigations ont permis d\u2019identifier un premier mineur \u00e2g\u00e9 de 14 ans. Il a \u00e9t\u00e9 plac\u00e9 en garde \u00e0 vue le 20\u00a0juin. Un second adolescent, \u00e2g\u00e9 de 16 ans, a, lui, \u00e9t\u00e9 plac\u00e9 en garde \u00e0 vue le 21\u00a0juin. Les deux suspects ont reconnu avoir particip\u00e9 \u00e0 une s\u00e9ance d\u2019humiliation de la victime. S\u2019ils \u00e9voquent la pr\u00e9sence d\u2019un couteau, l\u2019un et l\u2019autre ont par contre contest\u00e9 le caract\u00e8re antis\u00e9mite des faits commis. Selon eux, la victime aurait \u00e9t\u00e9 attir\u00e9e dans ce guet-apens pour un autre motif. Le second mineur interpell\u00e9 a en outre expliqu\u00e9 avoir fait dispara\u00eetre le couteau en comprenant qu\u2019une enqu\u00eate \u00e9tait en cours.<\/p>\n<p><a href=\"https:\/\/www.20minutes.fr\/faits_divers\/\" target=\"_blank\" class=\"c-link c-btn c-btn--primary\" rel=\"noopener\">Notre dossier sur les Faits divers<\/a><\/p>\n<p>Selon le procureur, les enregistrements retrouv\u00e9s sur l\u2019un des t\u00e9l\u00e9phones portables saisis confirment la sc\u00e8ne d\u2019humiliation et les violences mais aucun propos antis\u00e9mite n\u2019est entendu. L\u2019arme n\u2019a pas \u00e9t\u00e9 retrouv\u00e9e et la jeune fille n\u2019a pas pu \u00eatre identifi\u00e9e ni entendue.<\/p>\n<p>Une information judiciaire a \u00e9t\u00e9 ouverte pour violences avec pr\u00e9m\u00e9ditation, s\u00e9questration suivie de lib\u00e9ration volontaire avant le 7e jour, diffusion de l\u2019enregistrement d\u2019images relatives \u00e0 la commission d\u2019une atteinte volontaire \u00e0 l\u2019int\u00e9grit\u00e9 de la personne et menaces de mort sous condition.<\/p>\n","protected":false},"excerpt":{"rendered":"La violence avec en toile de fond l\u2019antis\u00e9mitisme a frapp\u00e9 dans la banlieue de Toulouse la semaine derni\u00e8re.&hellip;\n","protected":false},"author":2,"featured_media":197160,"comment_status":"","ping_status":"","sticky":false,"template":"","format":"standard","meta":{"footnotes":""},"categories":[2816],"tags":[1111,47,11,1120,8556,6155,1777,674,118,6738,1011,27,2722,2721,12,2680,25,938,6188,2312,133,809],"class_list":{"0":"post-197159","1":"post","2":"type-post","3":"status-publish","4":"format-standard","5":"has-post-thumbnail","7":"category-toulouse","8":"tag-actu","9":"tag-actualite","10":"tag-actualites","11":"tag-agression","12":"tag-agression-antisemite","13":"tag-antisemitisme","14":"tag-eu","15":"tag-europe","16":"tag-faits-divers","17":"tag-faits-divers-toulouse","18":"tag-fr","19":"tag-france","20":"tag-haute-garonne","21":"tag-midi-pyrenees","22":"tag-news","23":"tag-occitanie","24":"tag-republique-francaise","25":"tag-reseaux-sociaux","26":"tag-sequestration","27":"tag-toulouse","28":"tag-video","29":"tag-violence"},"share_on_mastodon":{"url":"https:\/\/pubeurope.com\/@fr\/114730390204046240","error":""},"_links":{"self":[{"href":"https:\/\/www.europesays.com\/fr\/wp-json\/wp\/v2\/posts\/197159","targetHints":{"allow":["GET"]}}],"collection":[{"href":"https:\/\/www.europesays.com\/fr\/wp-json\/wp\/v2\/posts"}],"about":[{"href":"https:\/\/www.europesays.com\/fr\/wp-json\/wp\/v2\/types\/post"}],"author":[{"embeddable":true,"href":"https:\/\/www.europesays.com\/fr\/wp-json\/wp\/v2\/users\/2"}],"replies":[{"embeddable":true,"href":"https:\/\/www.europesays.com\/fr\/wp-json\/wp\/v2\/comments?post=197159"}],"version-history":[{"count":0,"href":"https:\/\/www.europesays.com\/fr\/wp-json\/wp\/v2\/posts\/197159\/revisions"}],"wp:featuredmedia":[{"embeddable":true,"href":"https:\/\/www.europesays.com\/fr\/wp-json\/wp\/v2\/media\/197160"}],"wp:attachment":[{"href":"https:\/\/www.europesays.com\/fr\/wp-json\/wp\/v2\/media?parent=197159"}],"wp:term":[{"taxonomy":"category","embeddable":true,"href":"https:\/\/www.europesays.com\/fr\/wp-json\/wp\/v2\/categories?post=197159"},{"taxonomy":"post_tag","embeddable":true,"href":"https:\/\/www.europesays.com\/fr\/wp-json\/wp\/v2\/tags?post=197159"}],"curies":[{"name":"wp","href":"https:\/\/api.w.org\/{rel}","templated":true}]}}