{"id":197174,"date":"2025-06-23T02:55:39","date_gmt":"2025-06-23T02:55:39","guid":{"rendered":"https:\/\/www.europesays.com\/fr\/197174\/"},"modified":"2025-06-23T02:55:39","modified_gmt":"2025-06-23T02:55:39","slug":"les-images-de-lenvol-de-la-vasque-olympique-de-retour-dans-le-ciel-de-paris","status":"publish","type":"post","link":"https:\/\/www.europesays.com\/fr\/197174\/","title":{"rendered":"les images de l\u2019envol de la vasque olympique, de retour dans le ciel de Paris"},"content":{"rendered":"<p>La d\u00e9sormais c\u00e9l\u00e8bre vasque olympique a \u00e9t\u00e9 rallum\u00e9e ce samedi 21 juin, pr\u00e8s d\u2019un an apr\u00e8s les Jeux olympiques de Paris.<\/p>\n<p class=\"fig-paragraph\">Le ballon gris de la vasque olympique a retrouv\u00e9 sa place dans le ciel de Paris ce samedi. La vasque olympique a \u00e9t\u00e9 allum\u00e9e pr\u00e8s d\u2019un an apr\u00e8s les JO de Paris. Elle s\u2019est \u00e9lev\u00e9e \u00e0 22h au son d\u2019une reprise de \u00abSauver l\u2019amour\u00bb par le musicien et compositeur Victor Le Masne \u00e0 l\u2019occasion de la F\u00eate de la musique, comme l\u2019avait annonc\u00e9 le minist\u00e8re de la Culture.<\/p>\n<p class=\"fig-paragraph\">Embl\u00e9matique des Jeux olympiques de Paris, la vasque a regagn\u00e9 sa place au jardin des Tuileries, o\u00f9 se sont produits plusieurs artistes comme Camille, Christine and the Queens ou encore Youssef Swatt\u2019s. La vasque \u00e9lectrique va illuminer le ciel de la capitale chaque soir jusqu\u2019au 14 septembre, si la m\u00e9t\u00e9o le permet.<\/p>\n","protected":false},"excerpt":{"rendered":"La d\u00e9sormais c\u00e9l\u00e8bre vasque olympique a \u00e9t\u00e9 rallum\u00e9e ce samedi 21 juin, pr\u00e8s d\u2019un an apr\u00e8s les Jeux&hellip;\n","protected":false},"author":2,"featured_media":197175,"comment_status":"","ping_status":"","sticky":false,"template":"","format":"standard","meta":{"footnotes":""},"categories":[1888],"tags":[1111,1928,47,11,1927,1109,1112,1777,674,118,1108,107,1106,1107,1011,27,1110,1114,14,12,1926,1113,626,1925,316,25],"class_list":{"0":"post-197174","1":"post","2":"type-post","3":"status-publish","4":"format-standard","5":"has-post-thumbnail","7":"category-paris","8":"tag-actu","9":"tag-actu-paris","10":"tag-actualite","11":"tag-actualites","12":"tag-actualites-paris","13":"tag-breves","14":"tag-depeches","15":"tag-eu","16":"tag-europe","17":"tag-faits-divers","18":"tag-fil","19":"tag-fil-info","20":"tag-flash","21":"tag-flash-actu","22":"tag-fr","23":"tag-france","24":"tag-informations","25":"tag-infos","26":"tag-international","27":"tag-news","28":"tag-news-paris","29":"tag-nouvelles","30":"tag-paris","31":"tag-paris-news","32":"tag-politique","33":"tag-republique-francaise"},"share_on_mastodon":{"url":"https:\/\/pubeurope.com\/@fr\/114730429780699125","error":""},"_links":{"self":[{"href":"https:\/\/www.europesays.com\/fr\/wp-json\/wp\/v2\/posts\/197174","targetHints":{"allow":["GET"]}}],"collection":[{"href":"https:\/\/www.europesays.com\/fr\/wp-json\/wp\/v2\/posts"}],"about":[{"href":"https:\/\/www.europesays.com\/fr\/wp-json\/wp\/v2\/types\/post"}],"author":[{"embeddable":true,"href":"https:\/\/www.europesays.com\/fr\/wp-json\/wp\/v2\/users\/2"}],"replies":[{"embeddable":true,"href":"https:\/\/www.europesays.com\/fr\/wp-json\/wp\/v2\/comments?post=197174"}],"version-history":[{"count":0,"href":"https:\/\/www.europesays.com\/fr\/wp-json\/wp\/v2\/posts\/197174\/revisions"}],"wp:featuredmedia":[{"embeddable":true,"href":"https:\/\/www.europesays.com\/fr\/wp-json\/wp\/v2\/media\/197175"}],"wp:attachment":[{"href":"https:\/\/www.europesays.com\/fr\/wp-json\/wp\/v2\/media?parent=197174"}],"wp:term":[{"taxonomy":"category","embeddable":true,"href":"https:\/\/www.europesays.com\/fr\/wp-json\/wp\/v2\/categories?post=197174"},{"taxonomy":"post_tag","embeddable":true,"href":"https:\/\/www.europesays.com\/fr\/wp-json\/wp\/v2\/tags?post=197174"}],"curies":[{"name":"wp","href":"https:\/\/api.w.org\/{rel}","templated":true}]}}