{"id":197176,"date":"2025-06-23T02:56:21","date_gmt":"2025-06-23T02:56:21","guid":{"rendered":"https:\/\/www.europesays.com\/fr\/197176\/"},"modified":"2025-06-23T02:56:21","modified_gmt":"2025-06-23T02:56:21","slug":"piscines-municipales-bassins-temporaires-ou-baignade-dans-la-seine-47-lieux-pour-nager-a-paris-cet-ete","status":"publish","type":"post","link":"https:\/\/www.europesays.com\/fr\/197176\/","title":{"rendered":"Piscines municipales, bassins temporaires ou baignade dans la Seine\u00a0: 47 lieux pour nager \u00e0 Paris cet \u00e9t\u00e9"},"content":{"rendered":"<p class=\"paragraph text_align_left lp-f-body-02\">\u00ab C\u2019est l\u2019enfer, le monde \u00e0 la piscine\u2026 alors dans les bassins ext\u00e9rieurs, je n\u2019ose m\u00eame pas imaginer \u00bb, soupire Antoine, habitant du XXe arrondissement, qui ne compte pas changer ses habitudes cet \u00e9t\u00e9. Pour nager ou simplement se rafra\u00eechir, il continuera de fr\u00e9quenter la piscine Yvonne-Godart (XXe), son repaire habituel.<\/p>\n<p class=\"paragraph text_align_left lp-f-body-02\">Et pourtant, Paris n\u2019a jamais offert autant de possibilit\u00e9s de baignade. Entre la <a href=\"https:\/\/www.leparisien.fr\/paris-75\/renovations-fermetures-et-travaux-en-vue-des-jo-les-habitues-des-piscines-parisiennes-en-eaux-troubles-05-03-2023-JP5MKCDYUJBATA3QNFJFYA22VY.php\" target=\"_self\" rel=\"nofollow noopener\">r\u00e9ouverture des piscines<\/a> apr\u00e8s les Jeux olympiques et l\u2019ouverture de nouveaux bassins ext\u00e9rieurs, dont <a href=\"https:\/\/www.leparisien.fr\/paris-75\/paris-la-baignade-dans-la-seine-ouverte-des-le-5-juillet-14-05-2025-G7KZDAQM6JD3BG74EWUCURWYQY.php\" target=\"_self\" rel=\"nofollow noopener\">trois dans la Seine<\/a>, la capitale se dote d\u2019une offre \u00ab encore jamais atteinte \u00bb, se f\u00e9licite Pierre Rabadan, adjoint au sport \u00e0 la mairie de Paris.<\/p>\n<p class=\"paragraph text_align_left lp-f-body-02\">En 2024, les Parisiens pouvaient profiter de 29 piscines et de 7 sites de baignade, comme la zone surveill\u00e9e dans le canal Saint-Martin (XXe). En 2025, ce sont 36 piscines et 11 points de baignade qui seront accessibles. Parmi les nouveaut\u00e9s les plus attendues : les sites am\u00e9nag\u00e9s dans la Seine, au bras Marie (Paris Centre), au port de Grenelle (XVe) et \u00e0 Bercy (XIIe). Ce dernier, le plus vaste des trois, pourra accueillir 300 nageurs simultan\u00e9ment. La Ville a d\u00e9bours\u00e9 11,2 millions d\u2019euros dans l\u2019am\u00e9nagement de ces zones de baignade surveill\u00e9e. \u00c0 cela s\u2019ajouteront 2,6 millions d\u2019euros chaque saison pour assurer leur fonctionnement.<\/p>\n<p>Un nouveau site \u00e9ph\u00e9m\u00e8re dans le XVIIe<\/p>\n<p class=\"paragraph text_align_left lp-f-body-02\">Autre temps fort de cet \u00e9t\u00e9 post-Jeux : la r\u00e9ouverture des piscines qui avaient \u00e9t\u00e9 r\u00e9quisitionn\u00e9es ou transform\u00e9es pour les <a href=\"https:\/\/www.leparisien.fr\/jo-paris-2024\/\" target=\"_self\" rel=\"nofollow noopener\">Jeux olympiques et paralympiques de Paris 2024<\/a>. C\u2019est le cas notamment de la piscine Georges-Vallerey (XXe), qui avait accueilli les entra\u00eenements pour la natation, la nage marathon et le triathlon. Apr\u00e8s deux ans de lourds travaux, l\u2019\u00e9tablissement a rouvert en avril 2025, dot\u00e9 de bassins flambant neufs.<\/p>\n<p><img decoding=\"async\" class=\"image \" loading=\"lazy\" src=\"https:\/\/www.europesays.com\/fr\/wp-content\/uploads\/2025\/06\/C6V3NPWGUVG6RGTAFUP4RSM2K4.jpg\" alt=\"\" align=\"\" data-rubrique-principale=\"\" data-article-type=\"\" fetchpriority=\"auto\"\/><\/p>\n<p class=\"paragraph text_align_left lp-f-body-02\">Parmi la trentaine de piscines municipales, certaines disposent \u00e9galement de toits d\u00e9couvrables. C\u2019est le cas des piscines Le Gall (XIIe), Baker (XIIIe) ou Keller (XVe).<\/p>\n<p class=\"paragraph text_align_left lp-f-body-02\">La municipalit\u00e9 a \u00e9galement mis en place une s\u00e9rie de bassins d\u2019\u00e9t\u00e9 temporaires, install\u00e9s dans diff\u00e9rents arrondissements. Cette ann\u00e9e, un tout nouveau fait son apparition au stade Just-Fontaine, dans le XVIIe arrondissement. Il fait partie des huit bassins ext\u00e9rieurs gratuits accessibles du 5 juillet au 31 ao\u00fbt, \u00e0 l\u2019exception de celui du canal Saint-Martin, qui ouvrira le 6 juillet.<\/p>\n<p class=\"paragraph text_align_left lp-f-body-02\">Ces installations visent un public large : \u00ab Pour que ceux qui restent \u00e0 Paris pendant l\u2019\u00e9t\u00e9 et ne peuvent pas partir en vacances aient des endroits pour se rafra\u00eechir \u00bb, poursuit Pierre Rabadan. Gr\u00e2ce \u00e0 l\u2019\u00e9largissement de l\u2019offre cette saison, l\u2019\u00e9lu esp\u00e8re \u00ab \u00e9viter que tout le monde se concentre au m\u00eame endroit d\u00e8s que le mercure grimpe \u00bb.<\/p>\n<p>Pas assez de ma\u00eetres nageurs<\/p>\n<p class=\"paragraph text_align_left lp-f-body-02\">Car en p\u00e9riode de forte chaleur, l\u2019affluence peut \u00eatre impressionnante. \u00ab La baignade de la Villette est la plus fr\u00e9quent\u00e9e de celles qui sont gratuites, et la piscine de la Butte-aux-Cailles la plus fr\u00e9quent\u00e9e des payantes, avec parfois jusqu\u2019\u00e0 2 000 entr\u00e9es par jour \u00bb, indique Mathieu Bourgau, \u00e9lu du personnel FO \u00e0 la Ville de Paris et ma\u00eetre nageur \u00e0 la piscine de la Butte-aux-Cailles. Mais pas d\u2019inqui\u00e9tude : \u00ab Ces deux sites sont con\u00e7us pour absorber cette affluence \u00bb, pr\u00e9cise-t-il.<\/p>\n<p class=\"paragraph text_align_left lp-f-body-02\">Bien que la Ville ait recrut\u00e9 une trentaine de surveillants <a href=\"https:\/\/www.leparisien.fr\/paris-75\/baignade-dans-la-seine-a-paris-avant-le-grand-plongeon-le-chantier-a-commence-30-03-2025-2EDA4FUIV5BXFFXZUGS5DYM7HM.php\" target=\"_self\" rel=\"nofollow noopener\">de baignade <\/a>saisonniers, \u00ab il en manque, ainsi que des ma\u00eetres nageurs \u00bb, assure Mathieu Bourgau. En cons\u00e9quence, il craint \u00ab des annulations d\u2019activit\u00e9 d\u2019aquagym ou de le\u00e7ons de natation \u00bb.<\/p>\n<p>Certaines piscines fermeront \u00e0 22 heures<\/p>\n<p class=\"paragraph text_align_left lp-f-body-02\">C\u00f4t\u00e9 pratique, le tarif reste inchang\u00e9 : 3,50 euros l\u2019entr\u00e9e plein tarif, 2 euros pour les tarifs r\u00e9duits. En cas d\u2019activation du plan canicule par la pr\u00e9fecture, certaines piscines verront leurs horaires prolong\u00e9s jusqu\u2019\u00e0 22 heures.<\/p>\n<p class=\"paragraph text_align_left lp-f-body-02\">Six piscines resteront ferm\u00e9es cet \u00e9t\u00e9 pour cause de travaux. Certaines pour de simples op\u00e9rations de maintenance, d\u2019autres dans le cadre du plan de la Ville Nager \u00e0 Paris, qui entend combler le manque de bassins et moderniser <a href=\"https:\/\/www.leparisien.fr\/paris-75\/piscines-vetustes-deficit-dequipements-paris-peine-a-rattraper-son-retard-11-03-2022-DX4QHU6BFJBJPEFQCQLNFWM77Y.php\" target=\"_self\" rel=\"nofollow noopener\">un parc longtemps v\u00e9tuste<\/a>. Dans le nord de la capitale, la piscine Rouvet (XIXe) ne rouvrira qu\u2019en septembre, tandis que Ch\u00e2teau-Landon (Xe) attendra d\u00e9but 2026.<\/p>\n","protected":false},"excerpt":{"rendered":"\u00ab C\u2019est l\u2019enfer, le monde \u00e0 la piscine\u2026 alors dans les bassins ext\u00e9rieurs, je n\u2019ose m\u00eame pas imaginer&hellip;\n","protected":false},"author":2,"featured_media":197177,"comment_status":"","ping_status":"","sticky":false,"template":"","format":"standard","meta":{"footnotes":""},"categories":[1888],"tags":[11,1777,674,1011,27,1944,12,626,25],"class_list":{"0":"post-197176","1":"post","2":"type-post","3":"status-publish","4":"format-standard","5":"has-post-thumbnail","7":"category-paris","8":"tag-actualites","9":"tag-eu","10":"tag-europe","11":"tag-fr","12":"tag-france","13":"tag-ma-ville","14":"tag-news","15":"tag-paris","16":"tag-republique-francaise"},"share_on_mastodon":{"url":"https:\/\/pubeurope.com\/@fr\/114730433647303714","error":""},"_links":{"self":[{"href":"https:\/\/www.europesays.com\/fr\/wp-json\/wp\/v2\/posts\/197176","targetHints":{"allow":["GET"]}}],"collection":[{"href":"https:\/\/www.europesays.com\/fr\/wp-json\/wp\/v2\/posts"}],"about":[{"href":"https:\/\/www.europesays.com\/fr\/wp-json\/wp\/v2\/types\/post"}],"author":[{"embeddable":true,"href":"https:\/\/www.europesays.com\/fr\/wp-json\/wp\/v2\/users\/2"}],"replies":[{"embeddable":true,"href":"https:\/\/www.europesays.com\/fr\/wp-json\/wp\/v2\/comments?post=197176"}],"version-history":[{"count":0,"href":"https:\/\/www.europesays.com\/fr\/wp-json\/wp\/v2\/posts\/197176\/revisions"}],"wp:featuredmedia":[{"embeddable":true,"href":"https:\/\/www.europesays.com\/fr\/wp-json\/wp\/v2\/media\/197177"}],"wp:attachment":[{"href":"https:\/\/www.europesays.com\/fr\/wp-json\/wp\/v2\/media?parent=197176"}],"wp:term":[{"taxonomy":"category","embeddable":true,"href":"https:\/\/www.europesays.com\/fr\/wp-json\/wp\/v2\/categories?post=197176"},{"taxonomy":"post_tag","embeddable":true,"href":"https:\/\/www.europesays.com\/fr\/wp-json\/wp\/v2\/tags?post=197176"}],"curies":[{"name":"wp","href":"https:\/\/api.w.org\/{rel}","templated":true}]}}