{"id":197184,"date":"2025-06-23T03:00:23","date_gmt":"2025-06-23T03:00:23","guid":{"rendered":"https:\/\/www.europesays.com\/fr\/197184\/"},"modified":"2025-06-23T03:00:23","modified_gmt":"2025-06-23T03:00:23","slug":"gouvernement-munichois-paillasson-des-usa-la-classe-politique-francaise-se-dechire-au-sujet-de-lintervention-americaine-en-iran","status":"publish","type":"post","link":"https:\/\/www.europesays.com\/fr\/197184\/","title":{"rendered":"\u00abGouvernement munichois\u00bb, \u00abpaillasson des USA\u00bb&#8230; La classe politique fran\u00e7aise se d\u00e9chire au sujet de l\u2019intervention am\u00e9ricaine en Iran"},"content":{"rendered":"<p>Si la position officielle de la diplomatie fran\u00e7aise est plut\u00f4t mesur\u00e9e, le gouvernement ayant appel\u00e9 \u00e0 la d\u00e9sescalade au Moyen-Orient, ce dernier est pris en tenailles entre des r\u00e9actions de soutien inconditionnel ou de condamnation absolue de l\u2019intervention am\u00e9ricaine en Iran.<\/p>\n<p class=\"fig-paragraph\">La France n\u2019a pas fermement condamn\u00e9 les\u00a0<a href=\"https:\/\/www.lefigaro.fr\/international\/direct-iran-israel-trump-etats-unis-nucleaire-b-2-fordo-attaque-bombardement-20250622\" data-fig-type=\"Live\" data-gtm-custom-categorie=\"navigation\" data-gtm-custom-action=\"crossclick\" data-gtm-custom-label=\"Contextuel\" data-gtm-event=\"customEventSPE\" data-fig-domain=\"LEFIGARO\" target=\"_blank\" rel=\"noopener\">bombardements lanc\u00e9s cette nuit<\/a>\u00a0par son alli\u00e9 am\u00e9ricain sur trois sites nucl\u00e9aires iraniens, mais le pr\u00e9sident de la R\u00e9publique et son gouvernement ont exprim\u00e9 leur distance avec cette intervention, et appel\u00e9 \u00e0 la d\u00e9sescalade et aux n\u00e9gociations toutes les parties.<\/p>\n<p class=\"fig-paragraph\"><a href=\"https:\/\/www.lefigaro.fr\/tag\/emmanuel-macron\" target=\"_blank\" rel=\"noopener\" data-gtm-custom-categorie=\"navigation\" data-gtm-custom-action=\"crossclick\" data-gtm-custom-label=\"Contextuel\" data-gtm-event=\"customEventSPE\">Emmanuel Macron<\/a>\u00a0a \u00e9chang\u00e9 dimanche avec le pr\u00e9sident iranien Masoud Pezeshkian et l\u2019a appel\u00e9 \u00ab\u00e0 l\u2019exercice de la plus grande retenue\u00bb pour \u00abpermettre un retour \u00e0 la voie diplomatique\u00bb, a-t-il affirm\u00e9 sur X. Lors de cet \u00e9change, il a r\u00e9it\u00e9r\u00e9 son appel \u00e0 la lib\u00e9ration imm\u00e9diate de C\u00e9cile Kohler et Jacques Paris, d\u00e9tenus en Iran. \u00abLe dialogue, un engagement clair de l\u2019Iran de renoncer \u00e0 l\u2019arme nucl\u00e9aire, ou le risque du pire pour toute la r\u00e9gion. Il n\u2019y a que ce chemin qui m\u00e8ne vers la paix et la s\u00e9curit\u00e9 de tous\u00bb, a r\u00e9sum\u00e9 le pr\u00e9sident fran\u00e7ais.<\/p>\n<p class=\"fig-body-link\">\n            \u00c0 lire aussi<br \/>\n        <a class=\"fig-body-link__link\" href=\"http:\/\/www.lefigaro.fr\/international\/ce-n-est-pas-constitutionnel-donald-trump-pouvait-il-se-passer-du-congres-pour-frapper-l-iran-20250622\" data-fig-type=\"Article\" data-gtm-custom-categorie=\"navigation\" data-gtm-custom-action=\"crossclick\" data-gtm-custom-label=\"Contextuel\" data-gtm-event=\"customEventSPE\" data-fig-domain=\"LEFIGARO\" target=\"_blank\" rel=\"noopener\">\u00abCe n\u2019est pas constitutionnel\u00bb\u00a0: Donald Trump pouvait-il se passer du Congr\u00e8s pour frapper l\u2019Iran\u00a0?<br \/>\n    <\/a>\n<\/p>\n<p class=\"fig-paragraph\">Par la voix de son chef de la diplomatie\u00a0<a href=\"https:\/\/www.lefigaro.fr\/tag\/jean-noel-barrot\" target=\"_blank\" rel=\"noopener\" data-gtm-custom-categorie=\"navigation\" data-gtm-custom-action=\"crossclick\" data-gtm-custom-label=\"Contextuel\" data-gtm-event=\"customEventSPE\">Jean-No\u00ebl Barrot<\/a>, la France s\u2019est \u00e9galement dite \u00abpr\u00e9occup\u00e9e\u00bb apr\u00e8s les frappes am\u00e9ricaines, exhortant \u00ables parties \u00e0 la retenue pour \u00e9viter toute escalade susceptible de conduire \u00e0 une extension du conflit\u00bb. Pr\u00e9cisant qu\u2019elle \u00abn\u2019a ni particip\u00e9 \u00e0 ces frappes ni \u00e0 leur planification\u00bb, la France se dit ainsi \u00abconvaincue que le r\u00e8glement durable \u00e0 cette question passe par une solution n\u00e9goci\u00e9e dans le cadre du Trait\u00e9 de non-prolif\u00e9ration\u00bb.<\/p>\n<p class=\"fig-paragraph\">Cette r\u00e9action de retenue, par laquelle la France redit son refus de voir l\u2019Iran se doter de l\u2019arme nucl\u00e9aire et sa r\u00e9ticence, en creux, \u00e0 d\u00e9noncer les frappes am\u00e9ricaines comme une infraction au droit international, ont suscit\u00e9 l\u2019ire de la gauche. \u00abEn exprimant seulement sa \u201cpr\u00e9occupation\u201d, la France n\u2019est pas \u00e0 la hauteur de la situation, d\u00e9clare La France insoumise dans un communiqu\u00e9. Elle doit condamner sans d\u00e9tour cette attaque et se d\u00e9sengager de toute alliance avec ces fauteurs de guerre\u00bb. LFI appelle du reste \u00e0 un d\u00e9bat et un vote \u00e0 l\u2019Assembl\u00e9e nationale.<\/p>\n<p>Le clash \u00c9ric Ciotti \/ Antoine L\u00e9aument<\/p>\n<p class=\"fig-paragraph\">Jean-Luc M\u00e9lenchon a inscrit sa condamnation des frappes am\u00e9ricaines dans l\u2019h\u00e9ritage du pacifisme de Jaur\u00e8s et des socialistes du d\u00e9but du XXe si\u00e8cle\u00a0: \u00abJaur\u00e8s aussi n\u2019aimait pas le Kaiser, et nous n\u2019aimons pas Khamenei, mais il militait pour la paix et il est mort pour elle.\u00bb S\u2019il a appel\u00e9 la France \u00e0 porter une autre voix, il n\u2019a toutefois pas attaqu\u00e9 frontalement la r\u00e9action de l\u2019ex\u00e9cutif.<\/p>\n<p class=\"fig-paragraph\">En revanche, \u00c9ric Ciotti ne s\u2019en est pas priv\u00e9\u00a0: le pr\u00e9sident de l\u2019UDR, alli\u00e9 au RN, a d\u00e9nonc\u00e9 un \u00abgouvernement munichois\u00bb en ciblant la d\u00e9claration de Jean-No\u00ebl Barrot, dont il d\u00e9plore l\u2019absence de soutien affirm\u00e9 aux frappes am\u00e9ricaines. \u00abPaillasson des USA\u00bb, lui a r\u00e9torqu\u00e9 le d\u00e9put\u00e9 LFI Antoine L\u00e9aument.<\/p>\n<p class=\"fig-paragraph\">Au RN, \u00c9ric Ciotti n\u2019est pas suivi si nettement par ses alli\u00e9s\u00a0: si sur France Inter le d\u00e9put\u00e9 RN Jean-Philippe Tanguy a \u00e9mis des r\u00e9serves au sujet de l\u2019intervention am\u00e9ricaine, rejoignant la position fran\u00e7aise sur son appel \u00e0 une r\u00e9ponse diplomatique, il estime malgr\u00e9 tout que les frappes de cette nuit doivent \u00eatre \u00absalu\u00e9es\u00bb, si toutefois \u00abcette op\u00e9ration se limite \u00e0 des destructions de site et n\u2019est pas le pr\u00e9ambule \u00e0 une guerre plus durable\u00bb.<\/p>\n","protected":false},"excerpt":{"rendered":"Si la position officielle de la diplomatie fran\u00e7aise est plut\u00f4t mesur\u00e9e, le gouvernement ayant appel\u00e9 \u00e0 la d\u00e9sescalade&hellip;\n","protected":false},"author":2,"featured_media":197185,"comment_status":"","ping_status":"","sticky":false,"template":"","format":"standard","meta":{"footnotes":""},"categories":[1589],"tags":[259,11,260,73,1866,14,3019,664,261,12,262,1864,1865,1863,308],"class_list":{"0":"post-197184","1":"post","2":"type-post","3":"status-publish","4":"format-standard","5":"has-post-thumbnail","7":"category-etats-unis","8":"tag-actualite-internationale","9":"tag-actualites","10":"tag-affaires-etrangeres","11":"tag-etats-unis","12":"tag-etats-unis-damerique","13":"tag-international","14":"tag-iran","15":"tag-israel","16":"tag-ministere-des-affaires-etrangeres","17":"tag-news","18":"tag-politique-etrangere","19":"tag-united-states","20":"tag-united-states-of-america","21":"tag-us","22":"tag-usa"},"share_on_mastodon":{"url":"https:\/\/pubeurope.com\/@fr\/114730449675388893","error":""},"_links":{"self":[{"href":"https:\/\/www.europesays.com\/fr\/wp-json\/wp\/v2\/posts\/197184","targetHints":{"allow":["GET"]}}],"collection":[{"href":"https:\/\/www.europesays.com\/fr\/wp-json\/wp\/v2\/posts"}],"about":[{"href":"https:\/\/www.europesays.com\/fr\/wp-json\/wp\/v2\/types\/post"}],"author":[{"embeddable":true,"href":"https:\/\/www.europesays.com\/fr\/wp-json\/wp\/v2\/users\/2"}],"replies":[{"embeddable":true,"href":"https:\/\/www.europesays.com\/fr\/wp-json\/wp\/v2\/comments?post=197184"}],"version-history":[{"count":0,"href":"https:\/\/www.europesays.com\/fr\/wp-json\/wp\/v2\/posts\/197184\/revisions"}],"wp:featuredmedia":[{"embeddable":true,"href":"https:\/\/www.europesays.com\/fr\/wp-json\/wp\/v2\/media\/197185"}],"wp:attachment":[{"href":"https:\/\/www.europesays.com\/fr\/wp-json\/wp\/v2\/media?parent=197184"}],"wp:term":[{"taxonomy":"category","embeddable":true,"href":"https:\/\/www.europesays.com\/fr\/wp-json\/wp\/v2\/categories?post=197184"},{"taxonomy":"post_tag","embeddable":true,"href":"https:\/\/www.europesays.com\/fr\/wp-json\/wp\/v2\/tags?post=197184"}],"curies":[{"name":"wp","href":"https:\/\/api.w.org\/{rel}","templated":true}]}}