{"id":197188,"date":"2025-06-23T03:02:16","date_gmt":"2025-06-23T03:02:16","guid":{"rendered":"https:\/\/www.europesays.com\/fr\/197188\/"},"modified":"2025-06-23T03:02:16","modified_gmt":"2025-06-23T03:02:16","slug":"euro-litalie-senerve-la-france-affrontera-lallemagne","status":"publish","type":"post","link":"https:\/\/www.europesays.com\/fr\/197188\/","title":{"rendered":"Euro : L\u2019Italie s\u2019\u00e9nerve, la France affrontera l\u2019Allemagne"},"content":{"rendered":"<p>              <img decoding=\"async\" src=\"https:\/\/www.europesays.com\/fr\/wp-content\/uploads\/2025\/06\/euro-l-italie-s-enerve-la-france-affrontera-l-allemagne-iconsport_262889_0012-394625.jpg\" alt=\"Euro : L\u2019Italie s\u2019\u00e9nerve, la France affrontera l\u2019Allemagne\"\/> <\/p>\n<p class=\"credit\">Icon Sport<\/p>\n<p class=\"the_post_info\">\n            Publi\u00e9 Dimanche 22 Juin 2025 \u00e0 23:36  Dans\u00a0: <a href=\"https:\/\/www.foot01.com\/foot-europeen\/\" rel=\"nofollow noopener\" target=\"_blank\">Foot Europeen<\/a>.<br \/>Par <a href=\"https:\/\/www.foot01.com\/author\/3\/\" rel=\"nofollow noopener\" target=\"_blank\">Guillaume Conte<\/a>\n          <\/p>\n<p class=\"p1\"><strong>Dans le dernier quart de finale de l\u2019Euro Espoirs, l\u2019Allemagne a pris le meilleur sur l\u2019Italie dans une rencontre acharn\u00e9e (3-2, ap).<\/strong><\/p>\n<p class=\"p1\"> Un match que les jeunes transalpins ont termin\u00e9 \u00e0 9, en raison des rouges r\u00e9colt\u00e9s par Gnonto (81e) et Zanotti (90e). Malgr\u00e9 cela, cette double inf\u00e9riorit\u00e9 num\u00e9rique ne les a pas emp\u00each\u00e9s d\u2019\u00e9galiser sur coup-franc \u00e0 la derni\u00e8re seconde, et d\u2019aller chercher la prolongation. Mais avec une telle sup\u00e9riorit\u00e9, l\u2019Allemagne a fini par faire la diff\u00e9rence par une frappe de Rohl \u00e0 la 117e minute. L\u2019Allemagne affrontera la France en demi-finale, ce mercredi. <\/p>\n<p>\u00a0<\/p>\n","protected":false},"excerpt":{"rendered":"Icon Sport Publi\u00e9 Dimanche 22 Juin 2025 \u00e0 23:36 Dans\u00a0: Foot Europeen.Par Guillaume Conte Dans le dernier quart&hellip;\n","protected":false},"author":2,"featured_media":197189,"comment_status":"","ping_status":"","sticky":false,"template":"","format":"standard","meta":{"footnotes":""},"categories":[1587],"tags":[11,672,1804,1805,1803,1777,674,1801,12,1802],"class_list":{"0":"post-197188","1":"post","2":"type-post","3":"status-publish","4":"format-standard","5":"has-post-thumbnail","7":"category-allemagne","8":"tag-actualites","9":"tag-allemagne","10":"tag-bundesrepublik-deutschland","11":"tag-de","12":"tag-deutschland","13":"tag-eu","14":"tag-europe","15":"tag-germany","16":"tag-news","17":"tag-republique-federale-dallemagne"},"share_on_mastodon":{"url":"https:\/\/pubeurope.com\/@fr\/114730457106454741","error":""},"_links":{"self":[{"href":"https:\/\/www.europesays.com\/fr\/wp-json\/wp\/v2\/posts\/197188","targetHints":{"allow":["GET"]}}],"collection":[{"href":"https:\/\/www.europesays.com\/fr\/wp-json\/wp\/v2\/posts"}],"about":[{"href":"https:\/\/www.europesays.com\/fr\/wp-json\/wp\/v2\/types\/post"}],"author":[{"embeddable":true,"href":"https:\/\/www.europesays.com\/fr\/wp-json\/wp\/v2\/users\/2"}],"replies":[{"embeddable":true,"href":"https:\/\/www.europesays.com\/fr\/wp-json\/wp\/v2\/comments?post=197188"}],"version-history":[{"count":0,"href":"https:\/\/www.europesays.com\/fr\/wp-json\/wp\/v2\/posts\/197188\/revisions"}],"wp:featuredmedia":[{"embeddable":true,"href":"https:\/\/www.europesays.com\/fr\/wp-json\/wp\/v2\/media\/197189"}],"wp:attachment":[{"href":"https:\/\/www.europesays.com\/fr\/wp-json\/wp\/v2\/media?parent=197188"}],"wp:term":[{"taxonomy":"category","embeddable":true,"href":"https:\/\/www.europesays.com\/fr\/wp-json\/wp\/v2\/categories?post=197188"},{"taxonomy":"post_tag","embeddable":true,"href":"https:\/\/www.europesays.com\/fr\/wp-json\/wp\/v2\/tags?post=197188"}],"curies":[{"name":"wp","href":"https:\/\/api.w.org\/{rel}","templated":true}]}}