{"id":197190,"date":"2025-06-23T03:03:09","date_gmt":"2025-06-23T03:03:09","guid":{"rendered":"https:\/\/www.europesays.com\/fr\/197190\/"},"modified":"2025-06-23T03:03:09","modified_gmt":"2025-06-23T03:03:09","slug":"defendre-leurope-a-lage-des-empires","status":"publish","type":"post","link":"https:\/\/www.europesays.com\/fr\/197190\/","title":{"rendered":"\u00ab\u00a0D\u00e9fendre l\u2019Europe \u00e0 l\u2019\u00e2ge des empires\u00a0\u00bb"},"content":{"rendered":"<p><strong>CHRONIQUE &#8211;<\/strong> Pour l\u2019Europe, les cinq prochaines ann\u00e9es seront d\u00e9cisives. Soit elle parvient \u00e0 s\u2019affirmer comme un acteur strat\u00e9gique ind\u00e9pendant. Soit elle perdra sa souverainet\u00e9 et sa libert\u00e9 pour faire l\u2019objet d\u2019un nouveau Yalta entre les puissances imp\u00e9riales.<\/p>\n<p class=\"fig-paragraph\">La guerre lanc\u00e9e par\u00a0<a href=\"http:\/\/www.lefigaro.fr\/international\/dossier\/frappes-d-israel-sur-l-iran-notre-dossier-pour-tout-comprendre\" target=\"_blank\" data-fig-type=\"Topic\" rel=\"noopener\" data-gtm-custom-categorie=\"navigation\" data-gtm-custom-action=\"crossclick\" data-gtm-custom-label=\"Contextuel\" data-gtm-event=\"customEventSPE\" data-fig-domain=\"LEFIGARO\">Isra\u00ebl contre l\u2019Iran<\/a>\u00a0avec pour objectif de d\u00e9truire son appareil militaire, ses installations nucl\u00e9aires et son r\u00e9gime politique confirme le bouleversement de la g\u00e9opolitique mondiale. Elle illustre le primat de la force sur le droit, m\u00eame si Isra\u00ebl peut fonder son op\u00e9ration sur la l\u00e9gitime d\u00e9fense face \u00e0 un \u00c9tat qui entend se doter de l\u2019arme atomique pour l\u2019annihiler.<\/p>\n<p class=\"fig-paragraph\">Elle souligne la vitesse de l\u2019\u00e9volution des rapports de force, avec l\u2019effondrement de l\u2019empire chiite depuis\u00a0<a href=\"http:\/\/www.lefigaro.fr\/international\/des-massacres-du-7-octobre-au-cessez-le-feu-quinze-mois-de-cauchemar-pour-israel-et-gaza-20250116\" target=\"_blank\" data-fig-type=\"Article\" rel=\"noopener\" data-gtm-custom-categorie=\"navigation\" data-gtm-custom-action=\"crossclick\" data-gtm-custom-label=\"Contextuel\" data-gtm-event=\"customEventSPE\" data-fig-domain=\"LEFIGARO\">les massacres du 7 octobre 2023<\/a>, de la neutralisation du Hamas \u00e0 Gaza et du Hezbollah au Liban \u00e0\u00a0<a href=\"http:\/\/www.lefigaro.fr\/international\/dossier\/chute-de-bachar-el-assad-notre-dossier-pour-suivre-l-evolution-de-la-situation-en-syrie\" target=\"_blank\" data-fig-type=\"Topic\" rel=\"noopener\" data-gtm-custom-categorie=\"navigation\" data-gtm-custom-action=\"crossclick\" data-gtm-custom-label=\"Contextuel\" data-gtm-event=\"customEventSPE\" data-fig-domain=\"LEFIGARO\">la chute de Bachar el-Assad<\/a>\u00a0en Syrie. Elle t\u00e9moigne, tout comme le conflit ukrainien, de la transformation radicale de la guerre avec le r\u00f4le cl\u00e9 de l\u2019espace et du renseignement, de la d\u00e9fense a\u00e9rienne avec les syst\u00e8mes de d\u00f4mes, des drones, du cyber et de l\u2019intelligence artificielle &#8211; autant d\u2019\u00e9l\u00e9ments qui jettent une lumi\u00e8re crue sur les lacunes et les retards des arm\u00e9es fran\u00e7aises, y compris dans\u2026<\/p>\n<p class=\"fig-premium-paywall__infos\">\n        Cet article est r\u00e9serv\u00e9 aux abonn\u00e9s.        Il vous reste 87% \u00e0 d\u00e9couvrir.\n    <\/p>\n<p>                <img  data- alt=\"Le Figaro\" class=\"fig-img--complete fig-img\"\/><\/p>\n<p class=\"fig-premium-paywall__title\">Vente Flash<\/p>\n<p class=\"fig-premium-paywall__subtitle\">3,99\u20ac par mois pendant 12 mois. Sans engagement.<\/p>\n<p class=\"fig-premium-paywall__connect\">\n                D\u00e9j\u00e0 abonn\u00e9\u00a0?                <a class=\"fig-premium-paywall__connect-link\" href=\"https:\/\/connect.lefigaro.fr\/login?client=horizon_web&amp;type=main&amp;redirect_uri=https%3A%2F%2Fwww.lefigaro.fr%2Fvox%2Fmonde%2Fnicolas-baverez-defendre-l-europe-a-l-age-des-empires-20250623\" data-js-gtm=\"{&quot;customCategorie&quot;: &quot;conversion&quot;, &quot;customAction&quot;: &quot;before_Landing_Connexion_paywall_auto&quot;, &quot;customLabel&quot;: &quot;bGVmaWdhcm8uZnJfXzFmMDRkYjhmLTgyOTgtNjQwMi1iZjlmLTBiOTdiYmFmYmZlNl9fQXJ0aWNsZQ==_Nicolas Baverez\u00a0: \u00ab\u00a0D\u00e9fendre l\u2019Europe \u00e0 l\u2019\u00e2ge des empires\u00a0\u00bb_608&quot;, &quot;customIDSPE&quot;: &quot;bGVmaWdhcm8uZnJfXzFmMDRkYjhmLTgyOTgtNjQwMi1iZjlmLTBiOTdiYmFmYmZlNl9fQXJ0aWNsZQ==&quot;, &quot;event&quot;: &quot;customEventSPE&quot;}\" target=\"_blank\" rel=\"noopener\"><br \/>\n                    Connectez-vous<br \/>\n                <\/a>\n            <\/p>\n","protected":false},"excerpt":{"rendered":"CHRONIQUE &#8211; Pour l\u2019Europe, les cinq prochaines ann\u00e9es seront d\u00e9cisives. Soit elle parvient \u00e0 s\u2019affirmer comme un acteur&hellip;\n","protected":false},"author":2,"featured_media":197191,"comment_status":"","ping_status":"","sticky":false,"template":"","format":"standard","meta":{"footnotes":""},"categories":[1586],"tags":[11,1428,1292,2198,2197,1777,674,1429,1011,27,14,3019,664,12,1427,1426,25],"class_list":{"0":"post-197190","1":"post","2":"type-post","3":"status-publish","4":"format-standard","5":"has-post-thumbnail","7":"category-europe","8":"tag-actualites","9":"tag-chroniqueurs","10":"tag-debat","11":"tag-debat-monde","12":"tag-debats-international","13":"tag-eu","14":"tag-europe","15":"tag-figarovox","16":"tag-fr","17":"tag-france","18":"tag-international","19":"tag-iran","20":"tag-israel","21":"tag-news","22":"tag-opinions","23":"tag-questions","24":"tag-republique-francaise"},"share_on_mastodon":{"url":"https:\/\/pubeurope.com\/@fr\/114730460996851950","error":""},"_links":{"self":[{"href":"https:\/\/www.europesays.com\/fr\/wp-json\/wp\/v2\/posts\/197190","targetHints":{"allow":["GET"]}}],"collection":[{"href":"https:\/\/www.europesays.com\/fr\/wp-json\/wp\/v2\/posts"}],"about":[{"href":"https:\/\/www.europesays.com\/fr\/wp-json\/wp\/v2\/types\/post"}],"author":[{"embeddable":true,"href":"https:\/\/www.europesays.com\/fr\/wp-json\/wp\/v2\/users\/2"}],"replies":[{"embeddable":true,"href":"https:\/\/www.europesays.com\/fr\/wp-json\/wp\/v2\/comments?post=197190"}],"version-history":[{"count":0,"href":"https:\/\/www.europesays.com\/fr\/wp-json\/wp\/v2\/posts\/197190\/revisions"}],"wp:featuredmedia":[{"embeddable":true,"href":"https:\/\/www.europesays.com\/fr\/wp-json\/wp\/v2\/media\/197191"}],"wp:attachment":[{"href":"https:\/\/www.europesays.com\/fr\/wp-json\/wp\/v2\/media?parent=197190"}],"wp:term":[{"taxonomy":"category","embeddable":true,"href":"https:\/\/www.europesays.com\/fr\/wp-json\/wp\/v2\/categories?post=197190"},{"taxonomy":"post_tag","embeddable":true,"href":"https:\/\/www.europesays.com\/fr\/wp-json\/wp\/v2\/tags?post=197190"}],"curies":[{"name":"wp","href":"https:\/\/api.w.org\/{rel}","templated":true}]}}