{"id":197192,"date":"2025-06-23T03:04:13","date_gmt":"2025-06-23T03:04:13","guid":{"rendered":"https:\/\/www.europesays.com\/fr\/197192\/"},"modified":"2025-06-23T03:04:13","modified_gmt":"2025-06-23T03:04:13","slug":"le-devoir-de-diligence-dans-le-viseur-de-la-commission-europeenne","status":"publish","type":"post","link":"https:\/\/www.europesays.com\/fr\/197192\/","title":{"rendered":"le devoir de diligence dans le viseur de la Commission europ\u00e9enne"},"content":{"rendered":"<p>La course \u00e0 la simplification se poursuit toujours \u00e0 vive allure \u00e0 l&rsquo;\u00e9chelle de l&rsquo;Union europ\u00e9enne. Derni\u00e8re \u00e9tape en date de ce parcours sans fin du paquet Omnibus\u00a0: l&rsquo;obligation de diligence des entreprises du secteur des batteries. Afin de leur offrir \u00ab\u00a0davantage de temps pour se pr\u00e9parer\u00a0\u00bb, les repr\u00e9sentants des \u00c9tats membres r\u00e9unis en conseil ont donn\u00e9 leur aval, jeudi 19 juin, pour reporter de deux ans, en 2027, la date d&rsquo;application de cette contrainte, contenue dans le&#8230;<\/p>\n<p>Article publi\u00e9 le 20 juin 2025<\/p>\n","protected":false},"excerpt":{"rendered":"La course \u00e0 la simplification se poursuit toujours \u00e0 vive allure \u00e0 l&rsquo;\u00e9chelle de l&rsquo;Union europ\u00e9enne. Derni\u00e8re \u00e9tape&hellip;\n","protected":false},"author":2,"featured_media":197193,"comment_status":"","ping_status":"","sticky":false,"template":"","format":"standard","meta":{"footnotes":""},"categories":[1586],"tags":[21806,14427,21809,21810,1111,21805,47,11,4763,2965,2813,21811,21807,21804,21808,21818,4858,51,893,436,18315,1777,674,1779,1011,27,21813,21815,6417,12,6334,21812,1800,4048,21816,21814,3887,25,4510,17429,895,1778,364,21817],"class_list":{"0":"post-197192","1":"post","2":"type-post","3":"status-publish","4":"format-standard","5":"has-post-thumbnail","7":"category-europe","8":"tag-cologie","9":"tag-nergie","10":"tag-nergies-renouvelables","11":"tag-olien","12":"tag-actu","13":"tag-actualit","14":"tag-actualite","15":"tag-actualites","16":"tag-agenda","17":"tag-air","18":"tag-article","19":"tag-biomasse","20":"tag-dchet","21":"tag-dveloppement-durable","22":"tag-dechet","23":"tag-e-zine","24":"tag-eau","25":"tag-ecologie","26":"tag-energie","27":"tag-environnement","28":"tag-eolien","29":"tag-eu","30":"tag-europe","31":"tag-european-union","32":"tag-fr","33":"tag-france","34":"tag-hse","35":"tag-hygine","36":"tag-information","37":"tag-news","38":"tag-newsletter","39":"tag-photovoltaique","40":"tag-pollution","41":"tag-presse","42":"tag-propret","43":"tag-qse","44":"tag-recyclage","45":"tag-republique-francaise","46":"tag-risque","47":"tag-sol","48":"tag-solaire","49":"tag-ue","50":"tag-union-europeenne","51":"tag-webzine"},"share_on_mastodon":{"url":"","error":"Validation failed: Text character limit of 500 exceeded"},"_links":{"self":[{"href":"https:\/\/www.europesays.com\/fr\/wp-json\/wp\/v2\/posts\/197192","targetHints":{"allow":["GET"]}}],"collection":[{"href":"https:\/\/www.europesays.com\/fr\/wp-json\/wp\/v2\/posts"}],"about":[{"href":"https:\/\/www.europesays.com\/fr\/wp-json\/wp\/v2\/types\/post"}],"author":[{"embeddable":true,"href":"https:\/\/www.europesays.com\/fr\/wp-json\/wp\/v2\/users\/2"}],"replies":[{"embeddable":true,"href":"https:\/\/www.europesays.com\/fr\/wp-json\/wp\/v2\/comments?post=197192"}],"version-history":[{"count":0,"href":"https:\/\/www.europesays.com\/fr\/wp-json\/wp\/v2\/posts\/197192\/revisions"}],"wp:featuredmedia":[{"embeddable":true,"href":"https:\/\/www.europesays.com\/fr\/wp-json\/wp\/v2\/media\/197193"}],"wp:attachment":[{"href":"https:\/\/www.europesays.com\/fr\/wp-json\/wp\/v2\/media?parent=197192"}],"wp:term":[{"taxonomy":"category","embeddable":true,"href":"https:\/\/www.europesays.com\/fr\/wp-json\/wp\/v2\/categories?post=197192"},{"taxonomy":"post_tag","embeddable":true,"href":"https:\/\/www.europesays.com\/fr\/wp-json\/wp\/v2\/tags?post=197192"}],"curies":[{"name":"wp","href":"https:\/\/api.w.org\/{rel}","templated":true}]}}