{"id":197198,"date":"2025-06-23T03:07:12","date_gmt":"2025-06-23T03:07:12","guid":{"rendered":"https:\/\/www.europesays.com\/fr\/197198\/"},"modified":"2025-06-23T03:07:12","modified_gmt":"2025-06-23T03:07:12","slug":"communique-conjoint-de-jean-noel-barrot-ministre-de-leurope-et-des-affaires-etrangeres-et-sebastien-lecornu-ministre-des-armees-sur-la-situation-au-proche-et-moyent-orient-vols-de-rapatri","status":"publish","type":"post","link":"https:\/\/www.europesays.com\/fr\/197198\/","title":{"rendered":"Communiqu\u00e9 conjoint de Jean-No\u00ebl Barrot, ministre de l&rsquo;Europe et des Affaires \u00e9trang\u00e8res et S\u00e9bastien Lecornu, ministre des Arm\u00e9es sur la situation au Proche et Moyent-Orient \u2013 Vols de rapatriement des ressortissants fran\u00e7ais (22.06.25)"},"content":{"rendered":"<p>A l\u2019issue du Conseil de D\u00e9fense et de S\u00e9curit\u00e9 Nationale (CDSN), \u00e0 la demande du Pr\u00e9sident de la R\u00e9publique, le ministre des Arm\u00e9es, M.\u00a0S\u00e9bastien Lecornu, et le ministre l\u2019Europe et des Affaires \u00e9trang\u00e8res, M.\u00a0Jean-No\u00ebl Barrot annoncent qu\u2019en plus des liaisons a\u00e9riennes civiles, en particulier des vols affr\u00e9t\u00e9s au d\u00e9part d\u2019Amman, des vols militaires sont d\u00e8s \u00e0 pr\u00e9sent mobilis\u00e9s (A400M) pour acheminer les ressortissants fran\u00e7ais qui le souhaitent de l\u2019a\u00e9roport Ben Gourion en Isra\u00ebl vers Chypre, sous r\u00e9serve de l\u2019autorisation isra\u00e9lienne.<\/p>\n<p>Depuis le vendredi 13 juin, les \u00e9quipes du Minist\u00e8re de l\u2019Europe et des Affaires \u00e9trang\u00e8res sont mobilis\u00e9es pour porter assistance \u00e0 nos ressortissants fran\u00e7ais dans la zone. Les \u00e9quipes du Centre de Crise et de Soutien ont r\u00e9pondu \u00e0 plus de 4500 appels. Les num\u00e9ros d\u2019urgence du Centre de Crise et de Soutien du Minist\u00e8re de l\u2019Europe et des Affaires \u00e9trang\u00e8res restent accessibles \u00e0 toute heure. Ils sont affich\u00e9s sur les sites de nos ambassades et de nos consulats.<\/p>\n<p>Ce dimanche 22 juin, 160 ressortissants fran\u00e7ais, pour la plupart en situation d\u2019urgence et de vuln\u00e9rabilit\u00e9, accompagn\u00e9s par un m\u00e9decin du Centre de Crise et de Soutien du Minist\u00e8re, sont rapatri\u00e9s depuis la Jordanie (Amman). D\u2019autres vols suivront, en compl\u00e9ment des liaisons commerciales directes ou indirectes au d\u00e9part d\u2019Amman (Jordanie) et de Charm el Cheikh (Egypte)\u00a0:<\/p>\n<p>Ce lundi 23 juin \u00e0 16h, un vol commercial suppl\u00e9mentaire est mis en place par la Royal Jordanian depuis Amman \u00e0 la demande de la France, il permettra le retour de 150 ressortissants fran\u00e7ais\u00a0; pour mardi 24 juin, le Minist\u00e8re de l\u2019Europe et des Affaires \u00e9trang\u00e8res affr\u00e8te un vol qui permettra \u00e0 plus de 150 ressortissants en situation de vuln\u00e9rabilit\u00e9 de revenir en France.<\/p>\n<p>Les consignes de s\u00e9curit\u00e9 et les informations d\u2019urgence sont mises \u00e0 jour en temps r\u00e9el ici\u00a0: <a href=\"https:\/\/www.diplomatie.gouv.fr\/fr\/dossiers-pays\/afrique-du-nord-moyen-orient\/article\/consignes-de-securite-a-destination-des-ressortissants-francais-au-proche-et\" class=\"spip_url auto\" rel=\"nofollow noopener\" target=\"_blank\">https:\/\/www.diplomatie.gouv.fr\/fr\/dossiers-pays\/afrique-du-nord-moyen-orient\/article\/consignes-de-securite-a-destination-des-ressortissants-francais-au-proche-et<\/a><\/p>\n<p>Nous rappelons \u00e0 chaque Fran\u00e7ais la n\u00e9cessit\u00e9 de s\u2019inscrire sur le Fil Ariane lors de chaque voyage \u00e0 l\u2019\u00e9tranger\u00a0: <a href=\"https:\/\/fildariane.diplomatie.gouv.fr\/fildariane-internet\/accueil\" class=\"spip_url spip_out auto\" rel=\"nofollow external noopener\" target=\"_blank\">https:\/\/fildariane.diplomatie.gouv.fr\/fildariane-internet\/accueil<\/a><\/p>\n","protected":false},"excerpt":{"rendered":"A l\u2019issue du Conseil de D\u00e9fense et de S\u00e9curit\u00e9 Nationale (CDSN), \u00e0 la demande du Pr\u00e9sident de la&hellip;\n","protected":false},"author":2,"featured_media":197199,"comment_status":"","ping_status":"","sticky":false,"template":"","format":"standard","meta":{"footnotes":""},"categories":[4],"tags":[11,9435,9436,312,1011,27,12,9437,25],"class_list":{"0":"post-197198","1":"post","2":"type-post","3":"status-publish","4":"format-standard","5":"has-post-thumbnail","7":"category-france","8":"tag-actualites","9":"tag-diplomate","10":"tag-diplomates","11":"tag-diplomatie","12":"tag-fr","13":"tag-france","14":"tag-news","15":"tag-quai-d","16":"tag-republique-francaise"},"share_on_mastodon":{"url":"https:\/\/pubeurope.com\/@fr\/114730477352959400","error":""},"_links":{"self":[{"href":"https:\/\/www.europesays.com\/fr\/wp-json\/wp\/v2\/posts\/197198","targetHints":{"allow":["GET"]}}],"collection":[{"href":"https:\/\/www.europesays.com\/fr\/wp-json\/wp\/v2\/posts"}],"about":[{"href":"https:\/\/www.europesays.com\/fr\/wp-json\/wp\/v2\/types\/post"}],"author":[{"embeddable":true,"href":"https:\/\/www.europesays.com\/fr\/wp-json\/wp\/v2\/users\/2"}],"replies":[{"embeddable":true,"href":"https:\/\/www.europesays.com\/fr\/wp-json\/wp\/v2\/comments?post=197198"}],"version-history":[{"count":0,"href":"https:\/\/www.europesays.com\/fr\/wp-json\/wp\/v2\/posts\/197198\/revisions"}],"wp:featuredmedia":[{"embeddable":true,"href":"https:\/\/www.europesays.com\/fr\/wp-json\/wp\/v2\/media\/197199"}],"wp:attachment":[{"href":"https:\/\/www.europesays.com\/fr\/wp-json\/wp\/v2\/media?parent=197198"}],"wp:term":[{"taxonomy":"category","embeddable":true,"href":"https:\/\/www.europesays.com\/fr\/wp-json\/wp\/v2\/categories?post=197198"},{"taxonomy":"post_tag","embeddable":true,"href":"https:\/\/www.europesays.com\/fr\/wp-json\/wp\/v2\/tags?post=197198"}],"curies":[{"name":"wp","href":"https:\/\/api.w.org\/{rel}","templated":true}]}}