{"id":197204,"date":"2025-06-23T03:11:10","date_gmt":"2025-06-23T03:11:10","guid":{"rendered":"https:\/\/www.europesays.com\/fr\/197204\/"},"modified":"2025-06-23T03:11:10","modified_gmt":"2025-06-23T03:11:10","slug":"pronostic-damir-dzumhur-arthur-rinderknech-atp-majorque","status":"publish","type":"post","link":"https:\/\/www.europesays.com\/fr\/197204\/","title":{"rendered":"Pronostic Damir Dzumhur Arthur Rinderknech &#8211; ATP Majorque"},"content":{"rendered":"<p class=\"text-xs leading-5 text-gray-400 mb-2\">\n                        Publi\u00e9 le 22\/06\/2025 12:26<br \/>\n                        \u00a0par<br \/>\n                                                            <a href=\"https:\/\/www.sportytrader.com\/auteur\/leo-measson-54\/\" target=\"_blank\" rel=\"noopener\">L\u00e9o Measson<\/a><\/p>\n<p>                                                    |<br \/>\n                            Modifi\u00e9 le<br \/>\n                                22\/06\/2025<br \/>\n                                \u00e0 12:38<\/p>\n<p>                                                                                                            dans<br \/>\n                                <a data-trans=\"tips.published.sport %sport%\" href=\"https:\/\/www.sportytrader.com\/pronostics\/tennis\/\" target=\"_blank\" rel=\"noopener\"><br \/>\n                                    Pronostics Tennis<br \/>\n                                <\/a><\/p>\n<p>La saison sur gazon est lanc\u00e9e depuis maintenant quelques semaines et il ne reste que quelques chances de remporter un dernier titre avant le Grand Chelem de Wimbledon ! Cette semaine, c&rsquo;est le tournoi de Majorque qui ouvre ses portes avec un duel entre le bosnien\u00a0Damir Dzumhur et le fran\u00e7ais\u00a0Arthur Rinderknech dans les 16e de finale.<\/p>\n<p>Damir Dzumhur arrive en Espagne avec un bilan peu encourageant puisqu&rsquo;il a perdu 60% de ses 10 derniers matchs et enchaine actuellement 2 d\u00e9faites cons\u00e9cutives. De plus, son premier match jou\u00e9 sur le gazon dans cette saison 2025 \u00e0 Stuttgart s&rsquo;est sold\u00e9 par un abandon forc\u00e9 suite \u00e0 une blessure au profit du fran\u00e7ais\u00a0Pierre-Hugues Herbert. Sur gazon, le bosnien ne semble pas particuli\u00e8rement \u00e0 l&rsquo;aise puisqu&rsquo;il avait notamment enchain\u00e9 4 d\u00e9faites cons\u00e9cutives l&rsquo;an dernier.<\/p>\n<p>Arthur Rinderknech, de son c\u00f4t\u00e9, a remport\u00e9 son premier tour \u00e0 Stuttgart face \u00e0 Denis Shapovalov avant de s&rsquo;incliner face \u00e0 Miomir Kecmanovic. C&rsquo;est au tournoi du Queen&rsquo;s qu&rsquo;il a \u00e9t\u00e9 le plus performant sur gazon cette saison puisque apr\u00e8s avoir \u00e9t\u00e9 rep\u00each\u00e9 en tant que Lucky Loser, il a su \u00e9liminer le top 10 Ben Shelton en seulement 2 sets avant de stopper \u00e9galement l&rsquo;am\u00e9ricain Reilly Opelka (75e mondial). Quart de finaliste face \u00e0 Carlos Alcaraz, il devrait arriver en confiance dans ce nouveau tournoi.<\/p>\n","protected":false},"excerpt":{"rendered":"Publi\u00e9 le 22\/06\/2025 12:26 \u00a0par L\u00e9o Measson | Modifi\u00e9 le 22\/06\/2025 \u00e0 12:38 dans Pronostics Tennis La saison&hellip;\n","protected":false},"author":2,"featured_media":197205,"comment_status":"","ping_status":"","sticky":false,"template":"","format":"standard","meta":{"footnotes":""},"categories":[1415],"tags":[32066,33690,2769,1011,27,1817,1821,60,1467],"class_list":{"0":"post-197204","1":"post","2":"type-post","3":"status-publish","4":"format-standard","5":"has-post-thumbnail","7":"category-tennis","8":"tag-arthur-rinderknech","9":"tag-atp-majorque","10":"tag-damir-dzumhur","11":"tag-fr","12":"tag-france","13":"tag-pronostic","14":"tag-pronostics","15":"tag-sports","16":"tag-tennis"},"share_on_mastodon":{"url":"https:\/\/pubeurope.com\/@fr\/114730492406185822","error":""},"_links":{"self":[{"href":"https:\/\/www.europesays.com\/fr\/wp-json\/wp\/v2\/posts\/197204","targetHints":{"allow":["GET"]}}],"collection":[{"href":"https:\/\/www.europesays.com\/fr\/wp-json\/wp\/v2\/posts"}],"about":[{"href":"https:\/\/www.europesays.com\/fr\/wp-json\/wp\/v2\/types\/post"}],"author":[{"embeddable":true,"href":"https:\/\/www.europesays.com\/fr\/wp-json\/wp\/v2\/users\/2"}],"replies":[{"embeddable":true,"href":"https:\/\/www.europesays.com\/fr\/wp-json\/wp\/v2\/comments?post=197204"}],"version-history":[{"count":0,"href":"https:\/\/www.europesays.com\/fr\/wp-json\/wp\/v2\/posts\/197204\/revisions"}],"wp:featuredmedia":[{"embeddable":true,"href":"https:\/\/www.europesays.com\/fr\/wp-json\/wp\/v2\/media\/197205"}],"wp:attachment":[{"href":"https:\/\/www.europesays.com\/fr\/wp-json\/wp\/v2\/media?parent=197204"}],"wp:term":[{"taxonomy":"category","embeddable":true,"href":"https:\/\/www.europesays.com\/fr\/wp-json\/wp\/v2\/categories?post=197204"},{"taxonomy":"post_tag","embeddable":true,"href":"https:\/\/www.europesays.com\/fr\/wp-json\/wp\/v2\/tags?post=197204"}],"curies":[{"name":"wp","href":"https:\/\/api.w.org\/{rel}","templated":true}]}}