{"id":197208,"date":"2025-06-23T03:14:09","date_gmt":"2025-06-23T03:14:09","guid":{"rendered":"https:\/\/www.europesays.com\/fr\/197208\/"},"modified":"2025-06-23T03:14:09","modified_gmt":"2025-06-23T03:14:09","slug":"ousmane-dieng-et-les-six-autres-champions-nba-francais-en-images","status":"publish","type":"post","link":"https:\/\/www.europesays.com\/fr\/197208\/","title":{"rendered":"Ousmane Dieng et les six autres champions NBA fran\u00e7ais en images"},"content":{"rendered":"<p><strong>DIAPORAMA &#8211; <\/strong>Sacr\u00e9 dimanche avec Oklahoma City, le jeune (22 ans) ailier de 22 ans rejoint le club ferm\u00e9 des joueurs fran\u00e7ais qui ont soulev\u00e9 le troph\u00e9e Larry O\u2019Brien en NBA.<\/p>\n<p class=\"fig-paragraph\">Certes, Ousmane Dieng n\u2019est pas un cadre au sein de l\u2019effectif d\u2019Oklahoma City. En fait, c\u2019est m\u00eame une option de bout de banc pour Mark Daigneault, le coach du Thunder, qui n\u2019a utilis\u00e9 le Fran\u00e7ais qu\u2019une fois en finale et sept depuis le d\u00e9but des play-offs. N\u00e9anmoins, l\u2019ailier de 22 ans aura bel et bien droit \u00e0 sa bague de champion NBA.\u00a0<a href=\"http:\/\/www.lefigaro.fr\/sports\/basket\/nba\/finales-nba-okc-sacre-face-a-indiana-l-epilogue-gache-par-la-blessure-de-tyrese-haliburton-20250623\" data-fig-type=\"NewsFlash\" data-gtm-custom-categorie=\"navigation\" data-gtm-custom-action=\"crossclick\" data-gtm-custom-label=\"Contextuel\" data-gtm-event=\"customEventSPE\" data-fig-domain=\"LEFIGARO\" target=\"_blank\" rel=\"noopener\">Le club de l\u2019Oklahoma a d\u00e9croch\u00e9 la timbale dimanche, face aux Pacers (103-91)<\/a>, au Paycom Center. Choisi en 11e position de la Draft 2022, l\u2019ancien joueur de Bordeaux et des New Zealand Breakers rejoint six autres de ses compatriotes dans le club tr\u00e8s ferm\u00e9 des joueurs fran\u00e7ais qui peuvent se vanter d\u2019\u00eatre champion NBA. La liste en image, avec un nom qui revient \u00e0 quatre reprises, Tony Parker, seul joueur tricolore qui a soulev\u00e9 le troph\u00e9e Larry O\u2019Brien plus d\u2019une fois. Et le seul aussi qui a \u00e9t\u00e9 d\u00e9sign\u00e9 MVP de la finale. C\u2019\u00e9tait en 2007, contre les Cavs.<\/p>\n<p>    <a href=\"https:\/\/photo.lefigaro.fr\/sports\/basket\/nba\/les-francais-champions-nba-en-images-20250620\" target=\"_blank\" rel=\"noopener\"><\/p>\n<p class=\"fig-slideshow__title\">\n                    Les Fran\u00e7ais champions NBA en images\n                <\/p>\n<p>Acc\u00e9der au diaporama (10)<\/p>\n<p>    <\/a><\/p>\n","protected":false},"excerpt":{"rendered":"DIAPORAMA &#8211; Sacr\u00e9 dimanche avec Oklahoma City, le jeune (22 ans) ailier de 22 ans rejoint le club&hellip;\n","protected":false},"author":2,"featured_media":197209,"comment_status":"","ping_status":"","sticky":false,"template":"","format":"standard","meta":{"footnotes":""},"categories":[1412],"tags":[1465,1464,33691,11400,1981,11394,11395,814,1451,1452,1453,1454,1455,1011,27,11401,6910,11399,11398,2182,28580,2189,11396,1980,60,11402,2188,2187,19370,11397],"class_list":{"0":"post-197208","1":"post","2":"type-post","3":"status-publish","4":"format-standard","5":"has-post-thumbnail","7":"category-f1","8":"tag-basket","9":"tag-basketball","10":"tag-boris-diaw","11":"tag-bulls","12":"tag-classement","13":"tag-conference-est","14":"tag-conference-ouest","15":"tag-direct","16":"tag-f1","17":"tag-formula-1","18":"tag-formula1","19":"tag-formule-1","20":"tag-formule1","21":"tag-fr","22":"tag-france","23":"tag-golden-state","24":"tag-jazz","25":"tag-lakers","26":"tag-mvp","27":"tag-nba","28":"tag-nba-finals","29":"tag-photos","30":"tag-playoffs","31":"tag-resultats","32":"tag-sports","33":"tag-spurs","34":"tag-statistiques","35":"tag-stats","36":"tag-tony-parker","37":"tag-trades"},"share_on_mastodon":{"url":"https:\/\/pubeurope.com\/@fr\/114730504321370678","error":""},"_links":{"self":[{"href":"https:\/\/www.europesays.com\/fr\/wp-json\/wp\/v2\/posts\/197208","targetHints":{"allow":["GET"]}}],"collection":[{"href":"https:\/\/www.europesays.com\/fr\/wp-json\/wp\/v2\/posts"}],"about":[{"href":"https:\/\/www.europesays.com\/fr\/wp-json\/wp\/v2\/types\/post"}],"author":[{"embeddable":true,"href":"https:\/\/www.europesays.com\/fr\/wp-json\/wp\/v2\/users\/2"}],"replies":[{"embeddable":true,"href":"https:\/\/www.europesays.com\/fr\/wp-json\/wp\/v2\/comments?post=197208"}],"version-history":[{"count":0,"href":"https:\/\/www.europesays.com\/fr\/wp-json\/wp\/v2\/posts\/197208\/revisions"}],"wp:featuredmedia":[{"embeddable":true,"href":"https:\/\/www.europesays.com\/fr\/wp-json\/wp\/v2\/media\/197209"}],"wp:attachment":[{"href":"https:\/\/www.europesays.com\/fr\/wp-json\/wp\/v2\/media?parent=197208"}],"wp:term":[{"taxonomy":"category","embeddable":true,"href":"https:\/\/www.europesays.com\/fr\/wp-json\/wp\/v2\/categories?post=197208"},{"taxonomy":"post_tag","embeddable":true,"href":"https:\/\/www.europesays.com\/fr\/wp-json\/wp\/v2\/tags?post=197208"}],"curies":[{"name":"wp","href":"https:\/\/api.w.org\/{rel}","templated":true}]}}