{"id":197210,"date":"2025-06-23T03:15:09","date_gmt":"2025-06-23T03:15:09","guid":{"rendered":"https:\/\/www.europesays.com\/fr\/197210\/"},"modified":"2025-06-23T03:15:09","modified_gmt":"2025-06-23T03:15:09","slug":"cyclisme-giro-ditalia-women-le-giro-femmes-va-changer-de-date-a-partir-de-2026","status":"publish","type":"post","link":"https:\/\/www.europesays.com\/fr\/197210\/","title":{"rendered":"Cyclisme. Giro d&rsquo;Italia Women &#8211; Le Giro femmes va changer de date \u00e0 partir de 2026"},"content":{"rendered":"<p>Plus de concurrence pour le <strong><a href=\"https:\/\/www.cyclismactu.net\/..\/news-tour-d-italie-femmes-route-le-giro-d-italia-women-2025-tout-sur-parcours-85852.html\" target=\"_blank\" rel=\"noopener\">Giro d&rsquo;Italia Women<\/a> <\/strong>en 2026 ! Le Grand Tour f\u00e9minin, qui d\u00e9butera le 6 juillet prochain, doit, cette ann\u00e9e encore, rester dans l&rsquo;ombre du <strong>Tour de France<\/strong>\u00a0situ\u00e9 \u00e0 la m\u00eame p\u00e9riode. L&rsquo;<strong>UCI <\/strong>a tranch\u00e9, et ce ne sera plus le cas d\u00e8s l&rsquo;ann\u00e9e prochaine, puisque l&rsquo;\u00e9dition 2026 du\u00a0<strong>Tour d&rsquo;Italie F\u00e9minin <\/strong>partira le 30 mai, soit le week-end d&rsquo;arriv\u00e9e du <strong>Tour d&rsquo;Italie<\/strong>, suivant l&rsquo;exemple du\u00a0<strong><a href=\"https:\/\/www.cyclismactu.net\/..\/news-tour-de-france-femmes-route-le-grand-depart-du-tdf-femmes-2026-se-fera-en-suisse-88226.html\" target=\"_blank\" rel=\"noopener\">Tour de France Femmes<\/a>\u00a0<\/strong>qui part lors de l&rsquo;arriv\u00e9e du <strong>Tour de France.<\/strong>\u00a0Le <strong>Giro d&rsquo;Italia Women <\/strong>pourra ainsi b\u00e9n\u00e9ficier d&rsquo;une meilleure visibilit\u00e9, sans l&rsquo;ombre de la part du plus grand \u00e9venement cycliste de l&rsquo;ann\u00e9e.<\/p>\n<p>Vid\u00e9o &#8211; Le parcours du Giro d&rsquo;Italia Women 2025 Lire la suite de l&rsquo;article&#13;<\/p>\n<p>\u00a0<\/p>\n<p>&#13;<br \/>\nLes favorites de l&rsquo;\u00e9dition 2025&#13;<\/p>\n<p>En attendant le changement de date, le prochain <strong>Giro d&rsquo;Italia Women<\/strong>\u00a0partira le 6 juillet prochain pour huit jours de course avec au d\u00e9part des coureuses telles que <strong>Evita Muzic, Juliette Labous <\/strong>(FDJ-Suez), la tenante du titre\u00a0<strong>Elisa Longo Borghini <\/strong>(Lidl-Trek) et la vainqueur du dernier <strong>Tour de Suisse Women, Marlen Reusser <\/strong>(Movistar Team) qui fait sans doute office de favorite pour le classement g\u00e9n\u00e9rak de la course transalpine. Les coureuses d\u00e9buteront avec un contre-la-montre individue puis\u00a0affronteront ensuite des \u00e9tapes de montagne vers Aprica, Pianezze et le Monte Nerone. Le <strong>Tour d&rsquo;Italie F\u00e9minin\u00a0<\/strong>se terminera par une \u00e9tape vallonn\u00e9e et p\u00e9rilleuse jusqu&rsquo;\u00e0 Imola, sur le parcours du mondial 2020.<\/p>\n","protected":false},"excerpt":{"rendered":"Plus de concurrence pour le Giro d&rsquo;Italia Women en 2026 ! Le Grand Tour f\u00e9minin, qui d\u00e9butera le&hellip;\n","protected":false},"author":2,"featured_media":197211,"comment_status":"","ping_status":"","sticky":false,"template":"","format":"standard","meta":{"footnotes":""},"categories":[1411],"tags":[1154,207,1011,27,33692,209,60,208],"class_list":{"0":"post-197210","1":"post","2":"type-post","3":"status-publish","4":"format-standard","5":"has-post-thumbnail","7":"category-cyclisme","8":"tag-cycling","9":"tag-cyclisme","10":"tag-fr","11":"tag-france","12":"tag-giro-d","13":"tag-route","14":"tag-sports","15":"tag-velo"},"share_on_mastodon":{"url":"https:\/\/pubeurope.com\/@fr\/114730508165794060","error":""},"_links":{"self":[{"href":"https:\/\/www.europesays.com\/fr\/wp-json\/wp\/v2\/posts\/197210","targetHints":{"allow":["GET"]}}],"collection":[{"href":"https:\/\/www.europesays.com\/fr\/wp-json\/wp\/v2\/posts"}],"about":[{"href":"https:\/\/www.europesays.com\/fr\/wp-json\/wp\/v2\/types\/post"}],"author":[{"embeddable":true,"href":"https:\/\/www.europesays.com\/fr\/wp-json\/wp\/v2\/users\/2"}],"replies":[{"embeddable":true,"href":"https:\/\/www.europesays.com\/fr\/wp-json\/wp\/v2\/comments?post=197210"}],"version-history":[{"count":0,"href":"https:\/\/www.europesays.com\/fr\/wp-json\/wp\/v2\/posts\/197210\/revisions"}],"wp:featuredmedia":[{"embeddable":true,"href":"https:\/\/www.europesays.com\/fr\/wp-json\/wp\/v2\/media\/197211"}],"wp:attachment":[{"href":"https:\/\/www.europesays.com\/fr\/wp-json\/wp\/v2\/media?parent=197210"}],"wp:term":[{"taxonomy":"category","embeddable":true,"href":"https:\/\/www.europesays.com\/fr\/wp-json\/wp\/v2\/categories?post=197210"},{"taxonomy":"post_tag","embeddable":true,"href":"https:\/\/www.europesays.com\/fr\/wp-json\/wp\/v2\/tags?post=197210"}],"curies":[{"name":"wp","href":"https:\/\/api.w.org\/{rel}","templated":true}]}}