{"id":197214,"date":"2025-06-23T03:17:10","date_gmt":"2025-06-23T03:17:10","guid":{"rendered":"https:\/\/www.europesays.com\/fr\/197214\/"},"modified":"2025-06-23T03:17:10","modified_gmt":"2025-06-23T03:17:10","slug":"michel-drucker-cest-fini-public","status":"publish","type":"post","link":"https:\/\/www.europesays.com\/fr\/197214\/","title":{"rendered":"Michel Drucker, c\u2019est fini &#8211; Public"},"content":{"rendered":"<p>      R\u00e9sum\u00e9<\/p>\n<p>Michel Drucker a clos une saison marqu\u00e9e par ses soucis de sant\u00e9, affirmant son retour \u00e0 la rentr\u00e9e malgr\u00e9 une concurrence renforc\u00e9e sur France 3.<\/p>\n<p>        Sommaire<\/p>\n<p><strong>Une nouvelle saison se cl\u00f4ture pour Michel Drucker<\/strong>. Pr\u00e9sent sur France T\u00e9l\u00e9visions depuis les Jeux Olympiques de 1964, l&rsquo;animateur et journaliste animait ce dimanche 22 juin <a href=\"https:\/\/www.public.fr\/michel-drucker-tire-a-balles-reelles-ces-celebrites-refusent-de-faire-son-emission-et-lui-preferent-laurent-delahousse\" rel=\"nofollow noopener\" target=\"_blank\">son dernier num\u00e9ro de Vivement dimanche de la saison<\/a>. Depuis trois ans, l&rsquo;\u00e9mission, qu&rsquo;a longtemps diffus\u00e9e sur France 2, est pass\u00e9e sur France 3. Elle a connu de nombreuses pauses caus\u00e9es par <a href=\"https:\/\/vsd.fr\/82236-michel-drucker-au-fond-du-trou-mon-cardiologue-et-mon-chirurgien-mont-sauve-la-vie\/\" rel=\"nofollow noopener\" target=\"_blank\">les plusieurs soucis de sant\u00e9 cardiaques<\/a> qu&rsquo;a rencontr\u00e9s Michel Drucker ces derni\u00e8res ann\u00e9es&#8230;<\/p>\n<p>En fin d&rsquo;\u00e9mission, devant Philippe Candeloro et Nelson Monfort qui \u00e9taient ses deux invit\u00e9s, Michel Drucker a tenu \u00e0 remercier ses fid\u00e8les t\u00e9l\u00e9spectateurs. <strong>La saison se termine&#8230; mais \u00e9videmment, une nouvelle arrive bient\u00f4t<\/strong>. Alors qu&rsquo;il f\u00eatera ses 83 ans \u00e0 la rentr\u00e9e, l&rsquo;animateur entend bien d\u00e9buter une 62e saison \u00e0 France TV.<\/p>\n<p>\u00ab\u00a0Bonnes vacances puisque c&rsquo;est l&rsquo;\u00e9t\u00e9 qui arrive. <strong>Moi, c&rsquo;est ce que je vais faire, je vais regarder le tour de France<\/strong>\u00a0\u00bb a d\u00e9clar\u00e9 Michel Drucker. En rendant l&rsquo;antenne, l&rsquo;animateur a tenu \u00e0 remercier les \u00e9quipes et s&rsquo;est fendu d&rsquo;un simple \u00ab\u00a0A tr\u00e8s vite\u00a0\u00bb, qui devrait donc soulager ses fid\u00e8les t\u00e9l\u00e9spectateurs. <\/p>\n<p>Michel Drucker devrait bien revenir \u00e0 la rentr\u00e9e<\/p>\n<p>En effet, bien <strong>qu&rsquo;affaibli<\/strong> (il a tourn\u00e9 sa nouvelle \u00e9mission Famille je vous aime sur deux jours), l&rsquo;animateur refuse cat\u00e9goriquement de c\u00e9der sa place. Assis sur son canap\u00e9 rouge depuis vingt-sept ans,<strong> il refuse obstin\u00e9ment de laisser sa place<\/strong>&#8230; Il devrait donc \u00eatre de retour \u00e0 la rentr\u00e9e pour une nouvelle saison, mais avec une concurrence accrue !<\/p>\n<p>Et pour cause&#8230; En cette nouvelle saison, France 3 a fait appel \u00e0 de nouveaux visages pour renforcer son offre, et notamment celle du dimanche. Selon les informations de CGTV, Bernard Montiel va quitter la bande de Cyril Hanouna <a href=\"https:\/\/www.public.fr\/bernard-montiel-et-cyril-hanouna-cest-fini-le-chroniqueur-debarquerait-sur-france-televisions\" rel=\"nofollow noopener\" target=\"_blank\">pour animer une \u00e9mission animali\u00e8re<\/a>, tous les dimanches. <strong>C&rsquo;est sans compter le retour de Patrick Sabatier sur le service public<\/strong>, qui devrait aussi h\u00e9riter d&rsquo;\u00e9missions et d&rsquo;une fiction qu&rsquo;il tournera \u00e0 l&rsquo;automne. Enfin, Agathe Lecaron passera sur France 2 \u00e0 France 3 avec une nouvelle quotidienne.<\/p>\n<p>      Mentionn\u00e9s dans cet article<\/p>\n<p>\u00c0 lire aussi<\/p>\n","protected":false},"excerpt":{"rendered":"R\u00e9sum\u00e9 Michel Drucker a clos une saison marqu\u00e9e par ses soucis de sant\u00e9, affirmant son retour \u00e0 la&hellip;\n","protected":false},"author":2,"featured_media":197215,"comment_status":"","ping_status":"","sticky":false,"template":"","format":"standard","meta":{"footnotes":""},"categories":[1359],"tags":[58,59,652,1011,27,33693,877,973,137,878],"class_list":{"0":"post-197214","1":"post","2":"type-post","3":"status-publish","4":"format-standard","5":"has-post-thumbnail","7":"category-people","8":"tag-divertissement","9":"tag-entertainment","10":"tag-famille","11":"tag-fr","12":"tag-france","13":"tag-je-vous-aime","14":"tag-michel-drucker","15":"tag-people","16":"tag-retraite","17":"tag-vivement-dimanche"},"share_on_mastodon":{"url":"https:\/\/pubeurope.com\/@fr\/114730516000693195","error":""},"_links":{"self":[{"href":"https:\/\/www.europesays.com\/fr\/wp-json\/wp\/v2\/posts\/197214","targetHints":{"allow":["GET"]}}],"collection":[{"href":"https:\/\/www.europesays.com\/fr\/wp-json\/wp\/v2\/posts"}],"about":[{"href":"https:\/\/www.europesays.com\/fr\/wp-json\/wp\/v2\/types\/post"}],"author":[{"embeddable":true,"href":"https:\/\/www.europesays.com\/fr\/wp-json\/wp\/v2\/users\/2"}],"replies":[{"embeddable":true,"href":"https:\/\/www.europesays.com\/fr\/wp-json\/wp\/v2\/comments?post=197214"}],"version-history":[{"count":0,"href":"https:\/\/www.europesays.com\/fr\/wp-json\/wp\/v2\/posts\/197214\/revisions"}],"wp:featuredmedia":[{"embeddable":true,"href":"https:\/\/www.europesays.com\/fr\/wp-json\/wp\/v2\/media\/197215"}],"wp:attachment":[{"href":"https:\/\/www.europesays.com\/fr\/wp-json\/wp\/v2\/media?parent=197214"}],"wp:term":[{"taxonomy":"category","embeddable":true,"href":"https:\/\/www.europesays.com\/fr\/wp-json\/wp\/v2\/categories?post=197214"},{"taxonomy":"post_tag","embeddable":true,"href":"https:\/\/www.europesays.com\/fr\/wp-json\/wp\/v2\/tags?post=197214"}],"curies":[{"name":"wp","href":"https:\/\/api.w.org\/{rel}","templated":true}]}}