{"id":197234,"date":"2025-06-23T03:30:13","date_gmt":"2025-06-23T03:30:13","guid":{"rendered":"https:\/\/www.europesays.com\/fr\/197234\/"},"modified":"2025-06-23T03:30:13","modified_gmt":"2025-06-23T03:30:13","slug":"la-russie-defendra-t-elle-son-allie-iranien-et-comment-peut-elle-tirer-profit-de-la-nouvelle-guerre","status":"publish","type":"post","link":"https:\/\/www.europesays.com\/fr\/197234\/","title":{"rendered":"La Russie d\u00e9fendra-t-elle son alli\u00e9 iranien, et comment peut-elle tirer profit de la nouvelle guerre\u00a0?"},"content":{"rendered":"<p><img decoding=\"async\" class=\"c-ad__placeholder__logo\" src=\"https:\/\/static.euronews.com\/website\/images\/logos\/logo-euronews-grey-6-180x22.svg\" width=\"180\" height=\"22\" alt=\"\" loading=\"lazy\"\/>PUBLICIT\u00c9<\/p>\n<p>Le minist\u00e8re russe des Affaires \u00e9trang\u00e8res a condamn\u00e9 les <a href=\"https:\/\/fr.euronews.com\/2025\/06\/22\/liran-apres-les-frappes-americaines-sur-ses-sites-nucleaires-la-guerre-commence-maintenant\" target=\"_blank\" rel=\"noopener\">frappes a\u00e9riennes am\u00e9ricaines<\/a> sur les installations nucl\u00e9aires iraniennes, les qualifiant de \u00ab\u00a0violation flagrante du droit international, de la Charte des Nations unies et des r\u00e9solutions du Conseil de s\u00e9curit\u00e9 de l&rsquo;ONU\u00a0\u00bb.<\/p>\n<p>Moscou d\u00e9nonce une \u00ab\u00a0d\u00e9cision irresponsable de soumettre le territoire d&rsquo;un \u00c9tat souverain \u00e0 des frappes de missiles et de bombes, quels que soient les arguments avanc\u00e9s\u00a0\u00bb.<\/p>\n<p>\u00ab\u00a0Il est particuli\u00e8rement alarmant que les frappes aient \u00e9t\u00e9 men\u00e9es par un pays qui est un membre permanent du Conseil de s\u00e9curit\u00e9 des Nations unies\u00a0\u00bb, indique le communiqu\u00e9 de la diplomatie russe.<\/p>\n<p>La Russie, elle-m\u00eame membre permanent du Conseil de s\u00e9curit\u00e9, m\u00e8ne depuis plus de trois ans une guerre d&rsquo;agression contre l&rsquo;Ukraine voisine, bombardant les villes ukrainiennes et attaquant les troupes ukrainiennes sur une ligne de front de plus de 1 000 kilom\u00e8tres.<\/p>\n<p>Le Kremlin est-il pr\u00eat \u00e0 d\u00e9fendre l&rsquo;Iran ?<\/p>\n<p>Lors du forum de Saint-P\u00e9tersbourg, avant l&rsquo;intervention de Washington, Vladimir Poutine a d\u00e9clar\u00e9 que l&rsquo;Iran n&rsquo;avait pas demand\u00e9 d&rsquo;aide depuis le d\u00e9but de la campagne a\u00e9rienne isra\u00e9lienne.<\/p>\n<p>Le pr\u00e9sident russe a ajout\u00e9 que le trait\u00e9 de partenariat global entre Moscou et T\u00e9h\u00e9ran ne contenait aucun article relatif \u00e0 la sph\u00e8re militaire, ce qui est ironique compte tenu de la production par la Russie de drones Shahed-136 (alias Geranium-2) d\u00e9velopp\u00e9s par l&rsquo;Iran.<\/p>\n<p>La t\u00e9l\u00e9vision d&rsquo;\u00c9tat russe d\u00e9cortique le trait\u00e9 conclu avec T\u00e9h\u00e9ran, en mettant en avant, <a href=\"https:\/\/x.com\/BBCSteveR\/status\/1936767383596610024\" target=\"_blank\" rel=\"noreferrer\">captures d&rsquo;\u00e9cran du site du Kremlin \u00e0 l&rsquo;appui<\/a>, l&rsquo;id\u00e9e selon laquelle \u00ab\u00a0en cas d&rsquo;agression de l&rsquo;une des parties, l&rsquo;autre partie ne fournira aucune assistance militaire ou autre \u00e0 l&rsquo;agresseur\u00a0\u00bb.  <\/p>\n<p>Dans une interview accord\u00e9e \u00e0 Euronews, Nikita Smagin, orientaliste et auteur du livre \u00ab\u00a0<a href=\"https:\/\/individuum.ru\/books\/vsem-iran-paradoksy-zhizni-v-avtokratii-pod-sanktsiyami\/\" target=\"_blank\" rel=\"noreferrer noopener\">L&rsquo;Iran pour tous. Les paradoxes de la vie dans une autocratie sous sanctions<\/a>\u00ab\u00a0, analyse les enjeux pour le Kremlin.<\/p>\n<p>Selon lui, Moscou a d\u00e9j\u00e0 soulign\u00e9 qu&rsquo;elle n&rsquo;\u00e9tait pas engag\u00e9e dans une alliance militaire avec T\u00e9h\u00e9ran et qu&rsquo;elle n&rsquo;\u00e9tait pas oblig\u00e9e de lui porter assistance.<\/p>\n<p>\u00ab\u00a0Il est logique de s&rsquo;attendre \u00e0 ce que la Russie n&rsquo;interf\u00e8re pas dans ce qui se passe, car elle ne veut pas risquer, pour le bien de l&rsquo;Iran, d&rsquo;aggraver la situation avec Isra\u00ebl et les \u00c9tats-Unis\u00a0\u00bb, dit l&rsquo;expert.<\/p>\n<p>Smagin note que le fait que T\u00e9h\u00e9ran n&rsquo;ait pas encore demand\u00e9 \u00e0 Moscou d&rsquo;intervenir militairement n&rsquo;est pas surprenant. \u00ab\u00a0La R\u00e9publique islamique s&rsquo;est construite d\u00e8s le d\u00e9part sur les id\u00e9es de souverainet\u00e9\u00a0\u00bb, explique-t-il, ajoutant que l&rsquo;une des id\u00e9es ma\u00eetresses de 1979 \u00e9tait de mettre fin \u00e0 l&rsquo;ing\u00e9rence de puissances \u00e9trang\u00e8res, principalement des \u00c9tats-Unis et de la Grande-Bretagne, dans les affaires int\u00e9rieures de l&rsquo;Iran.<\/p>\n<p>\u00ab\u00a0En ce sens, l&rsquo;Iran ne s&rsquo;est jamais tourn\u00e9 vers la Russie pour obtenir de l&rsquo;aide et ne le fait pas aujourd&rsquo;hui parce qu&rsquo;il a peur de perdre une partie de sa souverainet\u00e9, de c\u00e9der une partie de sa souverainet\u00e9 \u00e0 la Russie, comme ce fut le cas avec Bachar al-Assad\u00a0\u00bb, ajoute Smagin.<\/p>\n<p>Mais la situation pourrait changer.<\/p>\n<p>\u00ab\u00a0Ne serait-ce que parce que Poutine a attir\u00e9 l&rsquo;attention sur le fait qu&rsquo;il ne veut m\u00eame pas penser \u00e0 l&rsquo;assassinat, \u00e0 la destruction de Khamenei, il est \u00e9vident que ces questions le perturbent quelque peu\u00a0\u00bb, estime l&rsquo;expert.<\/p>\n<p>\u00ab\u00a0Le sort des dirigeants autoritaires pr\u00e9occupe la Russie\u00a0\u00bb<\/p>\n<p>L&rsquo;administration Trump a d\u00e9clar\u00e9 dimanche que son attaque contre trois installations nucl\u00e9aires iraniennes ne visait pas \u00e0 renverser le gouvernement en place.<\/p>\n<p>Selon Donald Trump, les \u00c9tats-Unis savent\u00a0\u00bbexactement\u00a0\u00bb o\u00f9 \u00ab\u00a0se cache\u00a0\u00bb l&rsquo;ayatollah Ali Khamenei. Il a ajout\u00e9 que le dirigeant iranien est\u00a0\u00bbune cible facile, mais ils ne le tueront pas, du moins pas encore\u00a0\u00bb.<\/p>\n<p>Si le r\u00e9gime de la R\u00e9publique islamique tombe ou si l&rsquo;on en vient \u00e0 d\u00e9truire physiquement l&rsquo;ayatollah, comment le Kremlin r\u00e9agira-t-il ? Qu&rsquo;est-ce que cela signifierait pour les autorit\u00e9s russes ?<\/p>\n<p>\u00ab\u00a0En g\u00e9n\u00e9ral, nous constatons que les morts dans les processus r\u00e9volutionnaires, la destruction de chefs d&rsquo;\u00c9tats autoritaires en g\u00e9n\u00e9ral, pr\u00e9occupent la Russie. Nous nous souvenons de la r\u00e9action de Poutine \u00e0 l&rsquo;assassinat de Kadhafi\u00a0\u00bb, note Nikita Smagin.<\/p>\n<p>\u00ab\u00a0Les rebelles y op\u00e9raient principalement, mais non sans l&rsquo;aide de forces \u00e9trang\u00e8res, dont les services de renseignement britanniques et les \u00c9mirats. Il n&rsquo;en reste pas moins que tout cela a eu l&rsquo;air d&rsquo;un s\u00e9rieux \u00ab\u00a0coup de semonce\u00a0\u00bb pour Poutine. Et, apparemment, c&rsquo;est l&rsquo;une des raisons pour lesquelles ce dernier a entam\u00e9 un changement de position sur la sc\u00e8ne internationale\u00a0\u00bb, pr\u00e9cise-t-il.<\/p>\n<p>Selon l&rsquo;analyste, si la r\u00e9publique islamique s&rsquo;effondre, Ali Khamenei pourrait bien se voir accorder l&rsquo;asile en Russie. \u00ab\u00a0C&rsquo;est d\u00e9j\u00e0 une pratique \u00e9tablie. Je pense que ce n&rsquo;est pas exclu. Mais si Khamenei est \u00e9limin\u00e9, cela ne r\u00e9jouira pas le Kremlin. Ils pensent que tuer des dirigeants est une ligne rouge, qu&rsquo;Isra\u00ebl a d&rsquo;ailleurs d\u00e9j\u00e0 franchie. Il a d\u00e9j\u00e0 \u00e9limin\u00e9 des dirigeants du Hezbollah, par exemple\u00a0\u00bb, pr\u00e9cise-t-il.<\/p>\n<p>\u00ab\u00a0Un coup de pouce pour les finances publiques russes\u00a0\u00bb<\/p>\n<p>La nouvelle crise au Moyen-Orient pourrait porter atteinte \u00e0 l&rsquo;influence de la Russie dans la r\u00e9gion, mais cette escalade soudaine a apport\u00e9 au Kremlin quelques bonnes nouvelles. Ainsi, lors du sommet du G7 au Canada, il a \u00e9t\u00e9 d\u00e9cid\u00e9 de ne pas abaisser le plafond de prix du p\u00e9trole russe afin de ne pas d\u00e9stabiliser davantage le march\u00e9.<\/p>\n<p>Depuis la fin de l&rsquo;ann\u00e9e 2022, l&rsquo;un des leviers de pression sur Moscou a \u00e9t\u00e9 l&rsquo;\u00e9tablissement de plafond de prix pour le p\u00e9trole russe \u00e0 60 dollars le baril. Trois ans apr\u00e8s le d\u00e9but de l&rsquo;invasion massive de l&rsquo;Ukraine par la Russie, l&rsquo;UE a propos\u00e9 fixer ce seuil \u00e0 45 dollars le baril, sans r\u00e9sultat.<\/p>\n<p>\u00ab\u00a0Si nous consid\u00e9rons la d\u00e9sint\u00e9gration de l&rsquo;Iran dans son ensemble, ou plut\u00f4t le changement de r\u00e9gime, parce que la d\u00e9sint\u00e9gration [du pays] en est une cons\u00e9quence concomitante, alors, bien s\u00fbr, cela menace les int\u00e9r\u00eats de la Russie \u00e0 long terme\u00a0\u00bb, d\u00e9clare Nikita Smagin.<\/p>\n<p>\u00ab\u00a0Le Kremlin, bien s\u00fbr, esp\u00e8re en tirer profit \u00e0 court terme : les prix du p\u00e9trole augmenteront tr\u00e8s s\u00e9rieusement. Plus la situation se d\u00e9grade, plus les prix augmentent et plus l&rsquo;\u00e9laboration du budget [russe] est facilit\u00e9e  \u2013 cette ann\u00e9e, d&rsquo;apr\u00e8s ce que l&rsquo;on peut voir, il pourrait y avoir des probl\u00e8mes\u00a0\u00bb, explique l&rsquo;analyste.<\/p>\n<p>Selon Smagin, la Russie en profitera dans l&rsquo;imm\u00e9diat, mais \u00e0 plus long terme, le changement de r\u00e9gime et\u00a0\u00bbla transformation de l&rsquo;Iran en un point d&rsquo;instabilit\u00e9 permanent menacent, bien s\u00fbr, la strat\u00e9gie de la Russie au Moyen-Orient, car beaucoup d&rsquo;efforts ont \u00e9t\u00e9 investis dans l&rsquo;Iran\u00a0\u00bb.<\/p>\n<p>\u00ab\u00a0L&rsquo;Iran a \u00e9t\u00e9 un partenaire fiable du Kremlin sur de nombreux fronts\u00a0\u00bb, dit-il.<\/p>\n<p>De nombreux projets, strat\u00e9giquement importants, devaient passer par l&rsquo;Iran, par exemple le projet de [corridor de transport] nord-sud, une \u00e9ventuelle plaque tournante gazi\u00e8re. Bien s\u00fbr, tout cela est pour l&rsquo;avenir, mais en cas [d&rsquo;effondrement du r\u00e9gime], il n&rsquo;y aura aucune possibilit\u00e9 de le r\u00e9aliser. \u00c0 long terme, ce sera un revers pour la Russie\u00a0\u00bb.<\/p>\n<p>\u00ab\u00a0La coop\u00e9ration militaire entre la Russie et l&rsquo;Iran a atteint son apog\u00e9e il y a longtemps\u00a0\u00bb<\/p>\n<p>En plus de trois ans de guerre \u00e0 grande \u00e9chelle, la Russie a r\u00e9ussi \u00e0 \u00ab\u00a0localiser\u00a0\u00bb la production de drones de conception iranienne.<\/p>\n<p>Selon Nikita Smagin, l&rsquo;importance de l&rsquo;Iran en tant que fournisseur de drones Shahed-136 appartient au pass\u00e9. La coop\u00e9ration militaire entre les deux pays a atteint son apog\u00e9e en 2022. Comme le note l&rsquo;expert, au d\u00e9but de l&rsquo;ann\u00e9e derni\u00e8re, jusqu&rsquo;\u00e0 90 % des composants n&rsquo;\u00e9taient pas iraniens. \u00ab\u00a0Seuls les moteurs provenaient d&rsquo;Iran. Tout le reste a \u00e9t\u00e9 fabriqu\u00e9 par les Russes\u00a0\u00bb, ajoute-t-il.<\/p>\n<p>\u00ab\u00a0M\u00eame si la localisation n&rsquo;est pas \u00e0 100 % aujourd&rsquo;hui, elle en est tr\u00e8s proche. Je pense que la Russie trouvera des moyens de remplacer ce mat\u00e9riel, sans compter que les Shahed ne jouent plus un r\u00f4le aussi important qu&rsquo;auparavant. Il y a eu un \u00e9norme travail de d\u00e9veloppement en interne. La Russie a investi dans les drones pendant cette p\u00e9riode\u00a0\u00bb, explique Smagin.<\/p>\n<p>\u00ab\u00a0De plus, m\u00eame si nous parlons sp\u00e9cifiquement du Shahed, il n&rsquo;est plus vraiment iranien. Les drones Geran-1 et Geran-2 ont \u00e9t\u00e9 largement remani\u00e9s, car la version iranienne n&rsquo;\u00e9tait pas aussi efficace que pr\u00e9vu\u00a0\u00bb, note-t-il.<\/p>\n<p>Dans une <a href=\"https:\/\/www.kommersant.ru\/doc\/7801167?from=main\" target=\"_blank\" rel=\"noreferrer noopener\">interview<\/a> accord\u00e9e \u00e0 Kommersant, Ruslan Pukhov, directeur du Centre d&rsquo;analyse des strat\u00e9gies et des technologies, d\u00e9crit les caract\u00e9ristiques de vol des Shahed comme\u00a0\u00bbprimitives\u00a0\u00bb et\u00a0\u00bbpermettant de les abattre en masse, m\u00eame avec des mitrailleuses antia\u00e9riennes de 7,62 mm\u00a0\u00bb. <\/p>\n<p>Il \u00e9voque \u00e9galement un bruit de moteur de \u00ab\u00a0mobylette\u00a0\u00bb, alertant de l&rsquo;arriv\u00e9e du drone.<\/p>\n<p>\u00ab\u00a0En Isra\u00ebl, une \u00e9ventuelle m\u00e9diation de la Russie est per\u00e7u sans antipathie apparente\u00a0\u00bb<\/p>\n<p>Comme l&rsquo;\u00e9crit Hannah Notte, politologue et experte au James Martin Centre for Nonproliferation Studies, \u00ab\u00a0la Russie a toujours \u00e9t\u00e9 limit\u00e9e dans son soutien \u00e0 l&rsquo;Iran\u00a0\u00bb.<\/p>\n<p>Dans une <a href=\"https:\/\/www.theatlantic.com\/international\/archive\/2025\/06\/russia-iran-israel-defense\/683214\/\" target=\"_blank\" rel=\"noreferrer noopener\">chronique<\/a> pour The Atlantico, l&rsquo;analyste \u00e9crit :\u00a0\u00bbL&rsquo;agenda anti-occidental obsessionnel du Kremlin a rehauss\u00e9 le profil de la r\u00e9publique islamique en tant que partenaire, mais Poutine a d&rsquo;autres int\u00e9r\u00eats dans la r\u00e9gion \u2013\u00a0comme une relation de longue date, bien que compliqu\u00e9e, avec Isra\u00ebl et la n\u00e9cessit\u00e9 de coordonner les prix du p\u00e9trole avec l&rsquo;OPEP \u2013\u00a0il a donc \u00e9t\u00e9 attentif aux lignes rouges d&rsquo;Isra\u00ebl et des \u00c9tats du Golfe en ce qui concerne la coop\u00e9ration avec T\u00e9h\u00e9ran en mati\u00e8re de d\u00e9fense\u00a0\u00bb.<\/p>\n<p>Nikita Smagin estime que dans le conflit actuel entre l&rsquo;Iran et Isra\u00ebl, la Russie n&rsquo;est plus un m\u00e9diateur\u00a0\u00bbincontournable\u00a0\u00bb.<\/p>\n<p>\u00ab\u00a0Lorsque les n\u00e9gociations nucl\u00e9aires \u00e9taient en cours, lorsque Trump essayait de signer un accord nucl\u00e9aire avec l&rsquo;Iran, la Russie pouvait se pr\u00e9valoir d&rsquo;\u00eatre un m\u00e9diateur incontournable\u00a0\u00bb, poursuit-il.<\/p>\n<p>\u00ab\u00a0C&rsquo;\u00e9tait en r\u00e9alit\u00e9 la seule partie qui avait la capacit\u00e9 technique et \u00e9tait pr\u00eate \u00e0 exporter l&rsquo;uranium exc\u00e9dentaire de l&rsquo;Iran, avant qu&rsquo;il ne soit utilis\u00e9 pour la fabrication d&rsquo;armes. Aujourd&rsquo;hui, apparemment, cette question n&rsquo;est plus \u00e0 l&rsquo;ordre du jour\u00a0\u00bb.<\/p>\n<p>Dans le m\u00eame temps, malgr\u00e9 la d\u00e9t\u00e9rioration des relations entre Isra\u00ebl et la Russie, premier pays au monde \u00e0 recevoir officiellement une d\u00e9l\u00e9gation du Hamas apr\u00e8s les attentats du 7 octobre, Tel-Aviv et J\u00e9rusalem consid\u00e8rent le r\u00f4le de m\u00e9diateur de la Russie \u00ab\u00a0sans antipathie manifeste\u00a0\u00bb, selon Smagin.<\/p>\n<p>Comme le note l&rsquo;expert, apr\u00e8s 2022 et le d\u00e9but des vagues d&rsquo;\u00e9migration des Russes anti-guerre \u00e0 l&rsquo;\u00e9tranger,\u00a0\u00bbune large couche d&rsquo;agents d&rsquo;influence anti-russe est apparue dans l&rsquo;\u00c9tat juif, c&rsquo;est-\u00e0-dire des personnes qui ont quitt\u00e9 la Russie et ont une attitude tr\u00e8s n\u00e9gative \u00e0 l&rsquo;\u00e9gard des autorit\u00e9s russes et sont manifestement l&rsquo;\u00e9pine dorsale des sentiments anti-russes en Isra\u00ebl\u00a0\u00bb.<\/p>\n<p>Comme le note Smagin, m\u00eame apr\u00e8s l&rsquo;invasion \u00e0 grande \u00e9chelle de l&rsquo;Ukraine en 2022 et l&rsquo;exode des Russes antiguerre qui s&rsquo;en est suivi, pour tenter d&rsquo;\u00e9viter la mobilisation, un grand nombre de d\u00e9tracteurs de Poutine ont pos\u00e9 leurs valises en Isra\u00ebl.<\/p>\n<p>Selon lui, ces exil\u00e9s bien int\u00e9gr\u00e9s dans la soci\u00e9t\u00e9 isra\u00e9lienne , \u00ab\u00a0ne soutiendront pas\u00a0\u00bb la m\u00e9diation du Kremlin. Mais dans l&rsquo;ensemble, selon l&rsquo;expert,\u00a0\u00bbsi nous parlons des dirigeants isra\u00e9liens, ils ne consid\u00e8rent pas la Russie comme quelque chose d&rsquo;impossible. Je pense que le Qatar ne soutient pas davantage Isra\u00ebl que la Russie\u00a0\u00bb.<\/p>\n","protected":false},"excerpt":{"rendered":"PUBLICIT\u00c9 Le minist\u00e8re russe des Affaires \u00e9trang\u00e8res a condamn\u00e9 les frappes a\u00e9riennes am\u00e9ricaines sur les installations nucl\u00e9aires iraniennes,&hellip;\n","protected":false},"author":2,"featured_media":197235,"comment_status":"","ping_status":"","sticky":false,"template":"","format":"standard","meta":{"footnotes":""},"categories":[2],"tags":[11,22405,31122,1011,27,131,12,33695,33696,135],"class_list":{"0":"post-197234","1":"post","2":"type-post","3":"status-publish","4":"format-standard","5":"has-post-thumbnail","7":"category-actualites","8":"tag-actualites","9":"tag-ali-khamenei","10":"tag-conflit-israel-iran","11":"tag-fr","12":"tag-france","13":"tag-guerre-en-ukraine","14":"tag-news","15":"tag-politique-iranienne","16":"tag-politique-russe","17":"tag-vladimir-poutine"},"share_on_mastodon":{"url":"https:\/\/pubeurope.com\/@fr\/114730567170710138","error":""},"_links":{"self":[{"href":"https:\/\/www.europesays.com\/fr\/wp-json\/wp\/v2\/posts\/197234","targetHints":{"allow":["GET"]}}],"collection":[{"href":"https:\/\/www.europesays.com\/fr\/wp-json\/wp\/v2\/posts"}],"about":[{"href":"https:\/\/www.europesays.com\/fr\/wp-json\/wp\/v2\/types\/post"}],"author":[{"embeddable":true,"href":"https:\/\/www.europesays.com\/fr\/wp-json\/wp\/v2\/users\/2"}],"replies":[{"embeddable":true,"href":"https:\/\/www.europesays.com\/fr\/wp-json\/wp\/v2\/comments?post=197234"}],"version-history":[{"count":0,"href":"https:\/\/www.europesays.com\/fr\/wp-json\/wp\/v2\/posts\/197234\/revisions"}],"wp:featuredmedia":[{"embeddable":true,"href":"https:\/\/www.europesays.com\/fr\/wp-json\/wp\/v2\/media\/197235"}],"wp:attachment":[{"href":"https:\/\/www.europesays.com\/fr\/wp-json\/wp\/v2\/media?parent=197234"}],"wp:term":[{"taxonomy":"category","embeddable":true,"href":"https:\/\/www.europesays.com\/fr\/wp-json\/wp\/v2\/categories?post=197234"},{"taxonomy":"post_tag","embeddable":true,"href":"https:\/\/www.europesays.com\/fr\/wp-json\/wp\/v2\/tags?post=197234"}],"curies":[{"name":"wp","href":"https:\/\/api.w.org\/{rel}","templated":true}]}}