{"id":19724,"date":"2025-04-12T11:43:13","date_gmt":"2025-04-12T11:43:13","guid":{"rendered":"https:\/\/www.europesays.com\/fr\/19724\/"},"modified":"2025-04-12T11:43:13","modified_gmt":"2025-04-12T11:43:13","slug":"face-au-danger-de-la-russie-comment-larmee-francaise-soutient-lestonie","status":"publish","type":"post","link":"https:\/\/www.europesays.com\/fr\/19724\/","title":{"rendered":"face au danger de la Russie, comment l&rsquo;arm\u00e9e fran\u00e7aise soutient l&rsquo;Estonie"},"content":{"rendered":"<p class=\"article-p mdl\">Depuis plusieurs mois, l&rsquo;<strong>Estonie<\/strong> se pr\u00e9pare \u00e0 une \u00e9ventuelle agression de la part de<strong> la Russie<\/strong>, son puissant voisin. Avec une arm\u00e9e nationale compos\u00e9e <strong>de 7 700 soldats<\/strong>, le pays peut \u00e9galement compter sur le soutien <strong>de 40 000 volontaires<\/strong> de la Ligue de d\u00e9fense estonienne.<\/p>\n<p class=\"article-p mdl\">Pr\u00e9sente depuis 2017, l&rsquo;arm\u00e9e fran\u00e7aise d\u00e9ploie <strong>300 soldats<\/strong> dans le cadre du renforcement du flanc Est de l&rsquo;<a class=\"link\" href=\"https:\/\/www.rtl.fr\/actu\/international\/otan-emmanuel-macron-assure-qu-il-soutiendra-l-ukraine-aussi-longtemps-que-possible-7900402487\" rel=\"nofollow noopener\" target=\"_blank\">Otan<\/a>. \u00ab\u00a0Nos soldats s&rsquo;entra\u00eenent pour \u00eatre pr\u00eats \u00e0 faire face \u00e0 n&rsquo;importe quel type de menace et s&rsquo;engager sur n&rsquo;importe quel type de terrain.\u00a0On ne pourrait pas le faire seul, <strong>mais en coalition avec des alli\u00e9s<\/strong>\u00ab\u00a0, r\u00e9sume au micro de RTL\u00a0<strong>le\u00a0<\/strong><strong>lieutenant-colonel de Woillemont<\/strong>, qui dirige le contingent fran\u00e7ais.<\/p>\n<p class=\"article-p mdl\"><strong>Depuis 2022<\/strong>, la France d\u00e9ploie r\u00e9guli\u00e8rement une\u00a0<strong>Compagnie d\u2019Infanterie L\u00e9g\u00e8re (CIL) <\/strong>\u00ab\u00a0dans le cadre d&rsquo;un renforcement de la d\u00e9fense op\u00e9rationnelle du pays\u00a0\u00bb, pr\u00e9cise\u00a0<a class=\"link\" href=\"https:\/\/www.defense.gouv.fr\/operations\/actualites\/estonie-premier-entrainement-compagnie-dinfanterie-legere-aux-cotes-ligue-defense-estonienne\" target=\"_blank\" rel=\"nofollow noopener\">le site du minist\u00e8re des Arm\u00e9es<\/a>.\u00a0<\/p>\n<ul class=\"glide__slides\">\n<li class=\"glide__slide\">\n<p>                                        <img decoding=\"async\" alt=\"\" class=\"lazy\" src=\"data:image\/png;base64,iVBORw0KGgoAAAANSUhEUgAAAAEAAAABCAQAAAC1HAwCAAAAC0lEQVR42mM8IQkAAa8A48opxD0AAAAASUVORK5CYII=\"\/><\/p>\n<p>Des militaires fran\u00e7ais d\u00e9ploy\u00e9s en Estonie s\u2019entra\u00eenent avec la Ligue de D\u00e9fense estonienne<\/p>\n<p>\n                                                Cr\u00e9dits : Nicolas Burnens\/RTL\n                                            <\/p>\n<\/li>\n<li class=\"glide__slide\">\n<p>                                        <img decoding=\"async\" alt=\"\" class=\"lazy\" src=\"data:image\/png;base64,iVBORw0KGgoAAAANSUhEUgAAAAEAAAABCAQAAAC1HAwCAAAAC0lEQVR42mM8IQkAAa8A48opxD0AAAAASUVORK5CYII=\"\/><\/p>\n<p>Des militaires fran\u00e7ais d\u00e9ploy\u00e9s en Estonie s\u2019entra\u00eenent avec la Ligue de D\u00e9fense estonienne<\/p>\n<p>\n                                                Cr\u00e9dits : Nicolas Burnens\/RTL\n                                            <\/p>\n<\/li>\n<li class=\"glide__slide\">\n<p>                                        <img decoding=\"async\" alt=\"\" class=\"lazy\" src=\"data:image\/png;base64,iVBORw0KGgoAAAANSUhEUgAAAAEAAAABCAQAAAC1HAwCAAAAC0lEQVR42mM8IQkAAa8A48opxD0AAAAASUVORK5CYII=\"\/><\/p>\n<p>Des militaires fran\u00e7ais d\u00e9ploy\u00e9s en Estonie s\u2019entra\u00eenent avec la Ligue de D\u00e9fense estonienne<\/p>\n<p>\n                                                Cr\u00e9dits : Nicolas Burnens\/RTL\n                                            <\/p>\n<\/li>\n<li class=\"glide__slide\">\n<p>                                        <img decoding=\"async\" alt=\"\" class=\"lazy\" src=\"data:image\/png;base64,iVBORw0KGgoAAAANSUhEUgAAAAEAAAABCAQAAAC1HAwCAAAAC0lEQVR42mM8IQkAAa8A48opxD0AAAAASUVORK5CYII=\"\/><\/p>\n<p>Des militaires fran\u00e7ais d\u00e9ploy\u00e9s en Estonie s\u2019entra\u00eenent avec la Ligue de D\u00e9fense estonienne<\/p>\n<p>\n                                                Cr\u00e9dits : Nicolas Burnens\/RTL\n                                            <\/p>\n<\/li>\n<li class=\"glide__slide\">\n<p>                                        <img decoding=\"async\" alt=\"\" class=\"lazy\" src=\"data:image\/png;base64,iVBORw0KGgoAAAANSUhEUgAAAAEAAAABCAQAAAC1HAwCAAAAC0lEQVR42mM8IQkAAa8A48opxD0AAAAASUVORK5CYII=\"\/><\/p>\n<p>Des militaires fran\u00e7ais d\u00e9ploy\u00e9s en Estonie s\u2019entra\u00eenent avec la Ligue de D\u00e9fense estonienne<\/p>\n<p>\n                                                Cr\u00e9dits : Nicolas Burnens\/RTL\n                                            <\/p>\n<\/li>\n<li class=\"glide__slide\">\n<p>                                        <img decoding=\"async\" alt=\"\" class=\"lazy\" src=\"data:image\/png;base64,iVBORw0KGgoAAAANSUhEUgAAAAEAAAABCAQAAAC1HAwCAAAAC0lEQVR42mM8IQkAAa8A48opxD0AAAAASUVORK5CYII=\"\/><\/p>\n<p>Des militaires fran\u00e7ais d\u00e9ploy\u00e9s en Estonie s\u2019entra\u00eenent avec la Ligue de D\u00e9fense estonienne<\/p>\n<p>\n                                                Cr\u00e9dits : Nicolas Burnens\/RTL\n                                            <\/p>\n<\/li>\n<li class=\"glide__slide\">\n<p>                                        <img decoding=\"async\" alt=\"\" class=\"lazy\" src=\"data:image\/png;base64,iVBORw0KGgoAAAANSUhEUgAAAAEAAAABCAQAAAC1HAwCAAAAC0lEQVR42mM8IQkAAa8A48opxD0AAAAASUVORK5CYII=\"\/><\/p>\n<p>Des militaires fran\u00e7ais d\u00e9ploy\u00e9s en Estonie s\u2019entra\u00eenent avec la Ligue de D\u00e9fense estonienne<\/p>\n<p>\n                                                Cr\u00e9dits : Nicolas Burnens\/RTL\n                                            <\/p>\n<\/li>\n<li class=\"glide__slide\">\n<p>                                        <img decoding=\"async\" alt=\"\" class=\"lazy\" src=\"data:image\/png;base64,iVBORw0KGgoAAAANSUhEUgAAAAEAAAABCAQAAAC1HAwCAAAAC0lEQVR42mM8IQkAAa8A48opxD0AAAAASUVORK5CYII=\"\/><\/p>\n<p>Des militaires fran\u00e7ais d\u00e9ploy\u00e9s en Estonie s\u2019entra\u00eenent avec la Ligue de D\u00e9fense estonienne<\/p>\n<p>\n                                                Cr\u00e9dits : Nicolas Burnens\/RTL\n                                            <\/p>\n<\/li>\n<li class=\"glide__slide\">\n<p>                                        <img decoding=\"async\" alt=\"\" class=\"lazy\" src=\"data:image\/png;base64,iVBORw0KGgoAAAANSUhEUgAAAAEAAAABCAQAAAC1HAwCAAAAC0lEQVR42mM8IQkAAa8A48opxD0AAAAASUVORK5CYII=\"\/><\/p>\n<p>Des militaires fran\u00e7ais d\u00e9ploy\u00e9s en Estonie s\u2019entra\u00eenent avec la Ligue de D\u00e9fense estonienne<\/p>\n<p>\n                                                Cr\u00e9dits : Nicolas Burnens\/RTL\n                                            <\/p>\n<\/li>\n<\/ul>\n<p>                Pr\u00e9c\u00e9dent<\/p>\n<p>                Suivant<\/p>\n<p class=\"article-p mdl\">RTL a pu assister \u00e0 un exercice entre des soldats fran\u00e7ais et des b\u00e9n\u00e9voles estoniens qui s&rsquo;est d\u00e9roul\u00e9 \u00e0 moins de 150 kilom\u00e8tres\u00a0<a class=\"link\" href=\"https:\/\/www.rtl.fr\/actu\/international\/guerre-en-ukraine-trump-appelle-moscou-a-se-bouger-son-emissaire-rencontre-poutine-7900493547\" rel=\"nofollow noopener\" target=\"_blank\">de la fronti\u00e8re russe<\/a>. \u00ab\u00a0On se comprend en gestes, en anglais (&#8230;) On commence \u00e0 travailler ensemble et <strong>\u00e0 pouvoir se comprendre sur des proc\u00e9d\u00e9s, des techniques de combat en zone urbaine<\/strong>\u00ab\u00a0, souligne au micro de RTL <strong>le sergent Jeremy<\/strong>, qui a coordonn\u00e9 l&rsquo;exercice.<\/p>\n<p class=\"article-p mdl\">\u00ab\u00a0Nous sommes chez nous (&#8230;) <strong>Nous devons d\u00e9fendre notre pays.<\/strong> Nous passons nos journ\u00e9es \u00e0 nous entra\u00eener c\u00f4te \u00e0 c\u00f4te. Les instructeurs fran\u00e7ais apprennent des choses \u00e0 notre Ligue de d\u00e9fense et nous, nous leur montrons nos propres tactiques\u00a0\u00bb, explique de son c\u00f4t\u00e9\u00a0Lauri Maillebolo, qui s&rsquo;entra\u00eene ici chaque week-end. Et de poursuivre :\u00a0\u00ab\u00a0\u00c7a fait partie de l&rsquo;unit\u00e9 europ\u00e9enne.\u00a0<strong>Nous sommes tous des soldats de l&rsquo;Otan, seul l&rsquo;uniforme change.<\/strong>\u00ab\u00a0<\/p>\n<p>    La r\u00e9daction vous recommande<\/p>\n<p class=\"s-newsletter__title\">\n                L\u2019actualit\u00e9 par la r\u00e9daction de RTL dans votre bo\u00eete mail.\n            <\/p>\n<p class=\"s-newsletter__subtitle\">\n                Gr\u00e2ce \u00e0 votre compte RTL abonnez-vous \u00e0 la newsletter RTL info pour suivre toute l&rsquo;actualit\u00e9 au quotidien\n            <\/p>\n<p>\n                                    Lire la suite\n                                <\/p>\n","protected":false},"excerpt":{"rendered":"Depuis plusieurs mois, l&rsquo;Estonie se pr\u00e9pare \u00e0 une \u00e9ventuelle agression de la part de la Russie, son puissant&hellip;\n","protected":false},"author":2,"featured_media":19725,"comment_status":"","ping_status":"","sticky":false,"template":"","format":"standard","meta":{"footnotes":""},"categories":[1590],"tags":[11,1813,1777,674,107,131,14,12,136,362,360,132,220],"class_list":{"0":"post-19724","1":"post","2":"type-post","3":"status-publish","4":"format-standard","5":"has-post-thumbnail","7":"category-ukraine","8":"tag-actualites","9":"tag-armee","10":"tag-eu","11":"tag-europe","12":"tag-fil-info","13":"tag-guerre-en-ukraine","14":"tag-international","15":"tag-news","16":"tag-otan","17":"tag-replay","18":"tag-replay-integral","19":"tag-russie","20":"tag-ukraine"},"share_on_mastodon":{"url":"https:\/\/pubeurope.com\/@fr\/114324819428769622","error":""},"_links":{"self":[{"href":"https:\/\/www.europesays.com\/fr\/wp-json\/wp\/v2\/posts\/19724","targetHints":{"allow":["GET"]}}],"collection":[{"href":"https:\/\/www.europesays.com\/fr\/wp-json\/wp\/v2\/posts"}],"about":[{"href":"https:\/\/www.europesays.com\/fr\/wp-json\/wp\/v2\/types\/post"}],"author":[{"embeddable":true,"href":"https:\/\/www.europesays.com\/fr\/wp-json\/wp\/v2\/users\/2"}],"replies":[{"embeddable":true,"href":"https:\/\/www.europesays.com\/fr\/wp-json\/wp\/v2\/comments?post=19724"}],"version-history":[{"count":0,"href":"https:\/\/www.europesays.com\/fr\/wp-json\/wp\/v2\/posts\/19724\/revisions"}],"wp:featuredmedia":[{"embeddable":true,"href":"https:\/\/www.europesays.com\/fr\/wp-json\/wp\/v2\/media\/19725"}],"wp:attachment":[{"href":"https:\/\/www.europesays.com\/fr\/wp-json\/wp\/v2\/media?parent=19724"}],"wp:term":[{"taxonomy":"category","embeddable":true,"href":"https:\/\/www.europesays.com\/fr\/wp-json\/wp\/v2\/categories?post=19724"},{"taxonomy":"post_tag","embeddable":true,"href":"https:\/\/www.europesays.com\/fr\/wp-json\/wp\/v2\/tags?post=19724"}],"curies":[{"name":"wp","href":"https:\/\/api.w.org\/{rel}","templated":true}]}}