{"id":197244,"date":"2025-06-23T03:38:32","date_gmt":"2025-06-23T03:38:32","guid":{"rendered":"https:\/\/www.europesays.com\/fr\/197244\/"},"modified":"2025-06-23T03:38:32","modified_gmt":"2025-06-23T03:38:32","slug":"ce-qui-nous-a-plu-et-deplu-3","status":"publish","type":"post","link":"https:\/\/www.europesays.com\/fr\/197244\/","title":{"rendered":"ce qui nous a plu et d\u00e9plu"},"content":{"rendered":"<p>            Par<br \/>\n        <strong><br \/>\n            <a href=\"https:\/\/actu.fr\/auteur\/thomas-corbet-actu-fr\" title=\"Consulter tous les articles de Thomas Corbet\" target=\"_blank\" rel=\"noopener\">Thomas Corbet<\/a><br \/>\n        <\/strong><\/p>\n<p>        Publi\u00e9 le<\/p>\n<p>            21 juin 2025 \u00e0 23h04        <\/p>\n<p>Au lendemain d\u2019une premi\u00e8re <a href=\"https:\/\/actu.fr\/sports\/rugby\/top-14\/demi-finale-top-14-toulouse-a-transpire-pour-se-defaire-de-bayonne-ce-qui-nous-a-plu-et-deplu_62805582.html\" target=\"_blank\" rel=\"noopener\">demi-finale de Top 14<\/a> remport\u00e9e par Toulouse, <a href=\"https:\/\/actu.fr\/rugby\/equipe\/bordeaux-begles_64dd31517b8c09c4fec880dd\/\" target=\"_blank\" rel=\"noopener\">Bordeaux-B\u00e8gles<\/a> a patient\u00e9 une mi-temps avant de placer un <strong>coup d\u2019acc\u00e9l\u00e9rateur monstrueux<\/strong> pour se d\u00e9faire d\u00e9finitivement de <a href=\"https:\/\/actu.fr\/rugby\/equipe\/toulon_64dd31547b8c09c4fec881a2\/\" target=\"_blank\" rel=\"noopener\">Toulon<\/a> (victoire finale 39-24). Irr\u00e9sistibles Bordelais, Varois entreprenants mais trop st\u00e9riles : <strong>ce qui nous a plu et d\u00e9plu<\/strong>.<\/p>\n<p>Bordeaux \u2013 Toulon : ce qui nous a plus<\/p>\n<p class=\" wall-content\">Toulousains et Bayonnais avaient donn\u00e9 le ton vendredi soir, Bordelais et Toulonnais ont surench\u00e9rit le lendemain dans un Groupama Stadium de Lyon \u00e0 nouveau plein comme un \u0153uf.\u00a0<\/p>\n<p class=\" wall-content\">Et \u00e0 vrai dire, on avait d\u00e9j\u00e0 senti que l\u2019ambiance allait encore monter d\u2019un cran aux abords de l\u2019enceinte rhodanienne.\u00a0<\/p>\n<p class=\" wall-content\">\n<ul class=\" wall-content\">\n<li><strong>La bataille de l\u2019occupation<\/strong><\/li>\n<\/ul>\n<p class=\" wall-content\">Ce n\u2019est peut-\u00eatre pas ce qu\u2019il y a de plus sexy \u00e0 observer ou de plus t\u00e9l\u00e9visuel. Mais la guerre du jeu au pied vue sur un plan large a parfois quelque chose d\u2019absolument incroyable \u00e0 regarder.<\/p>\n<p>Vid\u00e9os : en ce moment sur Actu<\/p>\n<p class=\" wall-content\">Dans ce secteur, l\u2019affrontement que se sont livr\u00e9 Bordelais et Toulonnais pendant l\u2019entame de cette demi-finale, avec Matthieu Jalibert et Melvyn Jaminet en t\u00eates d\u2019affiche, fut tout simplement magnifique.<\/p>\n<ul class=\" wall-content\">\n<li><strong>Le retour de Romain Buros<\/strong><\/li>\n<\/ul>\n<p class=\" wall-content\">On n\u2019aime jamais voir un joueur quitter pr\u00e9matur\u00e9ment la pelouse lors d\u2019un grand rendez-vous, on aurait encore moins aim\u00e9 que cette m\u00e9saventure arrive deux fois \u00e0 Romain Buros cette saison, lui qui avait d\u00e9j\u00e0 d\u00fb laisser sa place rapidement lors de la finale de Champions Cup gagn\u00e9e par l\u2019UBB.<\/p>\n<p class=\" wall-content\">Secou\u00e9 par une percussion ass\u00e9n\u00e9e par Setariki Tuicuvu juste avant la demi-heure de de jeu, l\u2019arri\u00e8re \u00e9tait oblig\u00e9 d\u2019aller passer un protocole commotion. Avec succ\u00e8s manifestement puisqu\u2019il reprenait le jeu juste avant la mi-temps.<\/p>\n<ul class=\" wall-content\">\n<li><strong>L\u2019efficacit\u00e9 de Bordeaux-B\u00e8gles<\/strong><\/li>\n<\/ul>\n<p class=\" wall-content\">Deux gros temps forts en premi\u00e8re p\u00e9riode, deux essais inscrits par Nicolas Depoort\u00e8re et Maxime Lamothe (18e et 26e), l\u2019UBB se payait tr\u00e8s bien en premi\u00e8re p\u00e9riode face \u00e0 une \u00e9quipe de Toulon entreprenante mais indisciplin\u00e9e.<\/p>\n<p class=\" wall-content\">Sans doute ce qui avait manqu\u00e9 aux Girondins par le pass\u00e9 dans les grands matchs. Cette \u00e9quipe a d\u00e9finitivement grandi.\u00a0<\/p>\n<p class=\" wall-content\">Tourner \u00e0 15-3 derri\u00e8re l\u2019UBB \u00e0 la pause aurait pu assommer les Varois, d\u2019autant plus qu\u2019ils avaient jusqu\u2019\u00e0 la 40e minute d\u00e9ploy\u00e9 \u00e9norm\u00e9ment d\u2019\u00e9nergie sans jamais se r\u00e9compenser.<\/p>\n<p class=\" wall-content\">Heureusement pour eux, leur ultime occasion avant la pause fut la bonne. Paolo Garbisi \u00e9lectrocutait Matthieu Jalibert d\u2019un raffut pour d\u00e9caler Leicester Fainga\u2019anuku qui s\u2019arrachait et finissait en coin. Permettant \u00e0 Jaminet de transformer pour relancer le match, 15-10 \u00e0 la pause.<\/p>\n<ul class=\" wall-content\">\n<li><strong>Le d\u00e9but de seconde p\u00e9riode de Bordeaux<\/strong><\/li>\n<\/ul>\n<p class=\" wall-content\">Presque rejointe au tableau d\u2019affichage juste avant de rentrer au vestiaire, l\u2019\u00e9quipe de Yannick Bru aurait pu douter. Mais clairement, cette \u00e9quipe-l\u00e0 ne doute plus, ce collectif-l\u00e0 sait o\u00f9 il va. Et il y va vite et fort, quel que soit l\u2019obstacle qui se dresse sur son chemin.<\/p>\n<p class=\" wall-content\">De retour sur le terrain, les Bordelais mettaient un grand coup d\u2019acc\u00e9l\u00e9rateur et pliaient \u00e0 peu de choses pr\u00e8s le match en 15 minutes avec deux nouveaux essais pour Lamothe (finalement auteur d\u2019un tripl\u00e9) et un de Damian Penaud. \u00c0 36-10\u00a0 \u00e0 l\u2019heure de jeu, la messe \u00e9tait dite.\u00a0<\/p>\n<p class=\" wall-content\">\n<p>Bordeaux \u2013 Toulon : ce qui nous a d\u00e9plu<\/p>\n<ul class=\" wall-content\">\n<li><strong>Ce qui ressemblait un peu \u00e0 une simulation\u2026<\/strong><\/li>\n<\/ul>\n<p class=\" wall-content\">\u00c0 peine 5 minutes de jeu et d\u00e9j\u00e0 un premier appel \u00e0 la vid\u00e9o. Pour un essai, nous n\u2019aurions rien dit. Malheureusement il s\u2019agissait d\u2019une suspicion de jeu d\u00e9loyal de la part de Jean-Baptiste Gros sur Maxime Lamothe.\u00a0<\/p>\n<p class=\" wall-content\">Revu \u00e0 la vid\u00e9o, le coup d\u2019\u00e9paule n\u2019\u00e9tait pas seulement anodin, il paraissait m\u00eame inexistant, correspondant bien \u00e0 l\u2019incompr\u00e9hension lisible sur le visage du pilier toulonnais. On va dire que Maxime Lamothe n\u2019a pas fait un gros effort pour rester debout sur cette action\u2026<\/p>\n<p class=\" wall-content\">Toulon a non seulement tent\u00e9 d\u2019envoyer du jeu, de relancer du fond du terrain, mais Toulon a aussi transperc\u00e9 \u00e0 plusieurs reprises la d\u00e9fense de l\u2019UBB, notamment par l\u2019interm\u00e9diaire de Melvyn Jaminet et Setariki Tuicuvu.\u00a0<\/p>\n<p class=\" wall-content\">Des franchissements suivis de courses de plusieurs dizaines de m\u00e8tres dans le camp adverse\u2026 pour aucun point. Insuffisants face \u00e0 l\u2019attaque chirurgicale des Girondins qui menaient 15-10 \u00e0 la pause sans avoir \u00e9t\u00e9 les plus entreprenants.<\/p>\n<p class=\" wall-content\">Suivez toute l\u2019actualit\u00e9 de vos villes et m\u00e9dias favoris en vous inscrivant \u00e0 <a href=\"https:\/\/moncompte.actu.fr\" title=\"D\u00e9couvez Mon Actu\" rel=\"nofollow noopener\" data-trk=\"{&quot;cta&quot;:{&quot;action&quot;:&quot;https:\\\/\\\/moncompte.actu.fr&quot;,&quot;category&quot;:&quot;mon compte&quot;,&quot;from&quot;:&quot;article footer&quot;,&quot;name&quot;:&quot;Mon actu&quot;,&quot;type&quot;:&quot;cta&quot;}}\" target=\"_blank\">Mon Actu<\/a>.<\/p>\n<ul class=\"ac-article-tag wall-content\">\n<li><a href=\"https:\/\/actu.fr\/tag\/rct-rugby-club-toulonnais\" data-trk=\"{&quot;cta&quot;:{&quot;action&quot;:&quot;RCT Rugby club toulonnais&quot;,&quot;category&quot;:&quot;tag&quot;,&quot;from&quot;:&quot;article footer&quot;,&quot;name&quot;:&quot;RCT Rugby club toulonnais&quot;,&quot;type&quot;:&quot;cta&quot;}}\" target=\"_blank\" rel=\"noopener\">#RCT Rugby club toulonnais<\/a><\/li>\n<li><a href=\"https:\/\/actu.fr\/tag\/usb-union-bordeaux-begles\" data-trk=\"{&quot;cta&quot;:{&quot;action&quot;:&quot;UBB Union Bordeaux B\\u00e8gles&quot;,&quot;category&quot;:&quot;tag&quot;,&quot;from&quot;:&quot;article footer&quot;,&quot;name&quot;:&quot;UBB Union Bordeaux B\\u00e8gles&quot;,&quot;type&quot;:&quot;cta&quot;}}\" target=\"_blank\" rel=\"noopener\">#UBB Union Bordeaux B\u00e8gles<\/a><\/li>\n<\/ul>\n","protected":false},"excerpt":{"rendered":"Par Thomas Corbet Publi\u00e9 le 21 juin 2025 \u00e0 23h04 Au lendemain d\u2019une premi\u00e8re demi-finale de Top 14&hellip;\n","protected":false},"author":2,"featured_media":197245,"comment_status":"","ping_status":"","sticky":false,"template":"","format":"standard","meta":{"footnotes":""},"categories":[9619],"tags":[1111,11,1777,674,1011,27,12,882,6717,25,479,60,478,2310,4435],"class_list":{"0":"post-197244","1":"post","2":"type-post","3":"status-publish","4":"format-standard","5":"has-post-thumbnail","7":"category-toulon","8":"tag-actu","9":"tag-actualites","10":"tag-eu","11":"tag-europe","12":"tag-fr","13":"tag-france","14":"tag-news","15":"tag-provence-alpes-cote-dazur","16":"tag-rct-rugby-club-toulonnais","17":"tag-republique-francaise","18":"tag-rugby","19":"tag-sports","20":"tag-top-14","21":"tag-toulon","22":"tag-ubb-union-bordeaux-begles"},"share_on_mastodon":{"url":"https:\/\/pubeurope.com\/@fr\/114730598819872061","error":""},"_links":{"self":[{"href":"https:\/\/www.europesays.com\/fr\/wp-json\/wp\/v2\/posts\/197244","targetHints":{"allow":["GET"]}}],"collection":[{"href":"https:\/\/www.europesays.com\/fr\/wp-json\/wp\/v2\/posts"}],"about":[{"href":"https:\/\/www.europesays.com\/fr\/wp-json\/wp\/v2\/types\/post"}],"author":[{"embeddable":true,"href":"https:\/\/www.europesays.com\/fr\/wp-json\/wp\/v2\/users\/2"}],"replies":[{"embeddable":true,"href":"https:\/\/www.europesays.com\/fr\/wp-json\/wp\/v2\/comments?post=197244"}],"version-history":[{"count":0,"href":"https:\/\/www.europesays.com\/fr\/wp-json\/wp\/v2\/posts\/197244\/revisions"}],"wp:featuredmedia":[{"embeddable":true,"href":"https:\/\/www.europesays.com\/fr\/wp-json\/wp\/v2\/media\/197245"}],"wp:attachment":[{"href":"https:\/\/www.europesays.com\/fr\/wp-json\/wp\/v2\/media?parent=197244"}],"wp:term":[{"taxonomy":"category","embeddable":true,"href":"https:\/\/www.europesays.com\/fr\/wp-json\/wp\/v2\/categories?post=197244"},{"taxonomy":"post_tag","embeddable":true,"href":"https:\/\/www.europesays.com\/fr\/wp-json\/wp\/v2\/tags?post=197244"}],"curies":[{"name":"wp","href":"https:\/\/api.w.org\/{rel}","templated":true}]}}