{"id":197251,"date":"2025-06-23T03:49:42","date_gmt":"2025-06-23T03:49:42","guid":{"rendered":"https:\/\/www.europesays.com\/fr\/197251\/"},"modified":"2025-06-23T03:49:42","modified_gmt":"2025-06-23T03:49:42","slug":"sous-pression-des-artistes-montent-un-collectif-pour-structurer-les-luttes-collectives-en-alsace","status":"publish","type":"post","link":"https:\/\/www.europesays.com\/fr\/197251\/","title":{"rendered":"Sous pression, des artistes montent un collectif pour structurer les luttes collectives en Alsace"},"content":{"rendered":"<p class=\"wp-block-post-excerpt__excerpt\">Des artistes ont cr\u00e9\u00e9 le collectif Culture en lutte\u202f\u2013 Alsace, jeudi 12 juin \u00e0 Strasbourg. L\u2019objectif est de permettre aux artistes d\u2019exprimer des revendications et de trouver de l\u2019aide, dans un contexte de r\u00e9duction des budgets culturels et des subventions. <\/p>\n<p class=\"font-sans\">\n\t\t\tCet article est en acc\u00e8s libre. Pour soutenir Rue89 Strasbourg,<br \/>\n\t\t\t<a class=\"underline\" href=\"https:\/\/www.rue89strasbourg.com\/abonnement\" rel=\"nofollow noopener\" target=\"_blank\">abonnez-vous<\/a>.\n\t\t<\/p>\n<p>Romain Cunat<\/p>\n<p>Publi\u00e9 le 21 juin 2025\u00a0\u00a0\u00b7\u00a0\u00a0<\/p>\n<p>Imprim\u00e9 le 23 juin 2025 \u00e0 05h16\u00a0\u00a0\u00b7\u00a0\u00a0<\/p>\n<p>\t\t\t\t\t2\u00a0minutes\n<\/p>\n<p>Jeudi\u202f12\u202fjuin, dans l\u2019\u00e9crin du \u00ab\u00a0jardin\u00a0\u00bb de la Haute \u00e9cole des arts du Rhin \u00e0 Strasbourg, une quarantaine d\u2019artistes professionnels, intermittents, ou d\u2019autres salari\u00e9s du secteur de la culture, se sont r\u00e9unis pour cr\u00e9er le collectif \u00ab\u00a0Culture en lutte \u2013 Alsace\u00a0\u00bb. <\/p>\n<p>L\u2019assembl\u00e9e a d\u00e9but\u00e9 par un rappel des raisons d\u2019\u00eatre du collectif. \u00ab\u00a0Se rencontrer, partager nos constats et r\u00e9fl\u00e9chir ensemble \u00e0 ce que pourrait \u00eatre, et ce qu\u2019on pourrait faire avec ce collectif\u00a0\u00bb, a introduit Justine Siret, auteure et animatrice de la s\u00e9ance. Ce soir-l\u00e0, pas de sc\u00e8ne ni de projecteurs. Juste des chaises de jardin et des col\u00e8res partag\u00e9es. <\/p>\n<p><a href=\"https:\/\/www.rue89strasbourg.com\/la-newsletter\" rel=\"nofollow noopener\" target=\"_blank\"><img loading=\"lazy\" decoding=\"async\" width=\"970\" height=\"250\" src=\"https:\/\/www.europesays.com\/fr\/wp-content\/uploads\/2025\/06\/bannie\u0300re-autopromo-2025-desktop-1.gif\" alt=\"\" class=\"wp-image-347550\" style=\"width:792px;height:auto\"\/><\/a><\/p>\n<p><a href=\"https:\/\/www.rue89strasbourg.com\/la-newsletter\" rel=\"nofollow noopener\" target=\"_blank\"><img loading=\"lazy\" decoding=\"async\" width=\"300\" height=\"300\" src=\"https:\/\/www.europesays.com\/fr\/wp-content\/uploads\/2025\/06\/bannie\u0300res-autopromo-300x300-2.gif\" alt=\"\" class=\"wp-image-347551\"\/><\/a><\/p>\n<p>Entre cachets et RSA<\/p>\n<p>Premi\u00e8re prise de parole, premier constat amer : pour beaucoup, vivre de son art rel\u00e8ve de l\u2019exploit. Am\u00e9lie, danseuse et chor\u00e9graphe depuis dix ans, raconte\u202f: <\/p>\n<blockquote class=\"wp-block-quote is-layout-flow wp-block-quote-is-layout-flow\">\n<p>\u00ab\u00a0Depuis cinq ans, ma pratique professionnelle se complique d\u2019ann\u00e9e en ann\u00e9e\u00a0: je m\u2019inscris parfois comme danseuse plut\u00f4t que comme chor\u00e9graphe. C\u2019est moins bien pay\u00e9, mais \u00e7a me permet d\u2019\u00eatre recrut\u00e9e.\u00a0\u00bb <\/p>\n<\/blockquote>\n<p>Cet \u00e9change d\u2019exp\u00e9rience s\u2019est r\u00e9p\u00e9t\u00e9 en petits groupes au d\u00e9but de la soir\u00e9e, ce qui a permis \u00e0 des artistes souvent isol\u00e9s de rencontrer d\u2019autres personnes confront\u00e9es aux m\u00eames probl\u00e8mes. Parmi les questions li\u00e9es aux revenus, le statut d\u2019intermittent a rapidement \u00e9merg\u00e9. S\u2019il est salu\u00e9 pour sa souplesse, les artistes auteurs, illustrateurs ou <a href=\"https:\/\/www.rue89strasbourg.com\/plasticiens-des-vies-dequilibristes-74650\" target=\"_blank\" rel=\"noreferrer noopener nofollow\">plasticiens<\/a> en sont exclus. Quant au Revenu de solidarit\u00e9 active (RSA), il impose depuis janvier \u00e0 ses allocataires quinze heures hebdomadaires d\u2019activit\u00e9 b\u00e9n\u00e9vole, sous peine de sanctions. Dans l\u2019assembl\u00e9e, plusieurs personnes en d\u00e9pendent et ont d\u00e9nonc\u00e9 devoir d\u00e9sormais ex\u00e9cuter gratuitement des t\u00e2ches \u00e9trang\u00e8res \u00e0 leur art. <\/p>\n<p><a href=\"https:\/\/deanakolencikova.com\" target=\"_blank\" rel=\"noreferrer noopener nofollow\">Deana Kolencikova<\/a>, auteure, performeuse et photographe, confie\u00a0: <\/p>\n<blockquote class=\"wp-block-quote is-layout-flow wp-block-quote-is-layout-flow\">\n<p>\u00ab\u00a0Le m\u00e9tier d\u2019artistes est encore trop romanc\u00e9. Mes amis croient que je passe mes journ\u00e9es \u00e0 voyager ou \u00e0 griffonner deux-trois pages mais je passe des journ\u00e9es et des soir\u00e9es \u00e0 travailler sur mon ordinateur, pour faire avancer mes projets, comme dans n\u2019importe quel emploi.\u00a0\u00bb<\/p>\n<\/blockquote>\n<p>\u00ab\u00a0Bijou\u00a0\u00bb, organisateur d\u2019\u00e9v\u00e9nements culturels, se sent isol\u00e9 face aux organismes\u00a0:<\/p>\n<blockquote class=\"wp-block-quote is-layout-flow wp-block-quote-is-layout-flow\">\n<p>\u00ab\u00a0D\u00e8s que je veux signaler un changement de situation, je tombe sur des standards t\u00e9l\u00e9phoniques et des r\u00e9ponses toutes faites, souvent d\u00e9connect\u00e9es de la r\u00e9alit\u00e9 du m\u00e9tier d\u2019artiste.\u00a0\u00bb <\/p>\n<\/blockquote>\n<p>\t\tD\u00e9marrage en douceur<\/p>\n<p>Pour affirmer sa pr\u00e9sence, Culture en lutte \u2013 Alsace mise d\u2019abord sur une visibilit\u00e9 num\u00e9rique\u202f, avec <a href=\"https:\/\/www.instagram.com\/cultureenlutte.alsace\/\" target=\"_blank\" rel=\"noreferrer noopener nofollow\">un compte sur Instagram<\/a>. Le collectif pr\u00e9voit d\u2019intervenir dans les salons professionnels et d\u2019initier des rencontres directes avec le grand public. Des collaborations avec d\u2019autres associations culturelles sont \u00e9galement \u00e0 l\u2019\u00e9tude. Les membres de Culture en lutte doivent se retrouver jeudi 26 juin \u00e0 18h30 \u00e0 la Maison Mimir, pour lancer les premi\u00e8res \u00ab\u00a0initiatives op\u00e9rationnelles\u00a0\u00bb.<\/p>\n<p>\t<img loading=\"lazy\" decoding=\"async\" width=\"690\" height=\"855\" src=\"https:\/\/www.europesays.com\/fr\/wp-content\/uploads\/2025\/06\/culture-cut-690x855.jpg\" class=\"mb-6 w-full\" alt=\"\"  \/>\t\t\t<strong class=\"block font-bold font-sans leading-6 mb-2 text-primary text-sm uppercase\"><\/p>\n<p>\t\t\tPasser \u00e0 l&rsquo;action\t\t<\/strong><\/p>\n<p>Rejoindre Culture en lutte \u2013 Alsace<\/p>\n<p><script async src=\"\/\/www.instagram.com\/embed.js\"><\/script><\/p>\n","protected":false},"excerpt":{"rendered":"Des artistes ont cr\u00e9\u00e9 le collectif Culture en lutte\u202f\u2013 Alsace, jeudi 12 juin \u00e0 Strasbourg. L\u2019objectif est de&hellip;\n","protected":false},"author":2,"featured_media":197252,"comment_status":"","ping_status":"","sticky":false,"template":"","format":"standard","meta":{"footnotes":""},"categories":[2820],"tags":[1111,11,251,1777,674,1011,27,775,12,10181,25,640],"class_list":{"0":"post-197251","1":"post","2":"type-post","3":"status-publish","4":"format-standard","5":"has-post-thumbnail","7":"category-strasbourg","8":"tag-actu","9":"tag-actualites","10":"tag-culture","11":"tag-eu","12":"tag-europe","13":"tag-fr","14":"tag-france","15":"tag-grand-est","16":"tag-news","17":"tag-precarite","18":"tag-republique-francaise","19":"tag-strasbourg"},"share_on_mastodon":{"url":"https:\/\/pubeurope.com\/@fr\/114730642017006173","error":""},"_links":{"self":[{"href":"https:\/\/www.europesays.com\/fr\/wp-json\/wp\/v2\/posts\/197251","targetHints":{"allow":["GET"]}}],"collection":[{"href":"https:\/\/www.europesays.com\/fr\/wp-json\/wp\/v2\/posts"}],"about":[{"href":"https:\/\/www.europesays.com\/fr\/wp-json\/wp\/v2\/types\/post"}],"author":[{"embeddable":true,"href":"https:\/\/www.europesays.com\/fr\/wp-json\/wp\/v2\/users\/2"}],"replies":[{"embeddable":true,"href":"https:\/\/www.europesays.com\/fr\/wp-json\/wp\/v2\/comments?post=197251"}],"version-history":[{"count":0,"href":"https:\/\/www.europesays.com\/fr\/wp-json\/wp\/v2\/posts\/197251\/revisions"}],"wp:featuredmedia":[{"embeddable":true,"href":"https:\/\/www.europesays.com\/fr\/wp-json\/wp\/v2\/media\/197252"}],"wp:attachment":[{"href":"https:\/\/www.europesays.com\/fr\/wp-json\/wp\/v2\/media?parent=197251"}],"wp:term":[{"taxonomy":"category","embeddable":true,"href":"https:\/\/www.europesays.com\/fr\/wp-json\/wp\/v2\/categories?post=197251"},{"taxonomy":"post_tag","embeddable":true,"href":"https:\/\/www.europesays.com\/fr\/wp-json\/wp\/v2\/tags?post=197251"}],"curies":[{"name":"wp","href":"https:\/\/api.w.org\/{rel}","templated":true}]}}