{"id":197257,"date":"2025-06-23T03:58:40","date_gmt":"2025-06-23T03:58:40","guid":{"rendered":"https:\/\/www.europesays.com\/fr\/197257\/"},"modified":"2025-06-23T03:58:40","modified_gmt":"2025-06-23T03:58:40","slug":"le-festival-cinepride-revient-au-cinema-katorza-a-nantes-cinema","status":"publish","type":"post","link":"https:\/\/www.europesays.com\/fr\/197257\/","title":{"rendered":"Le festival Cin\u00e9pride revient au cin\u00e9ma Katorza \u00e0 Nantes . Cin\u00e9ma"},"content":{"rendered":"<p>Militant, festif et solidaire, <a href=\"https:\/\/www.festivalcinepride.com\/\" rel=\"nofollow noopener\" target=\"_blank\">Cin\u00e9pride<\/a>, le festival du film LGBT\u00a0de Nantes est de retour au Katorza. Se voulant toujours une vitrine luttant pour l\u2019\u00e9galit\u00e9 et le respect et entendant \u0153uvrer pour l\u2019\u00e9veil des consciences, la manifestation propose une fois de plus un programme riche en projections et en rencontres. Onze\u00a0fictions, trois\u00a0documentaires et trois\u00a0soir\u00e9es courts-m\u00e9trages attendent en effet les spectateurs lors de cette 21e \u00e9dition du festival, du 24 au 29\u00a0juin.<\/p>\n<p>Parmi ces \u0153uvres, pr\u00e9sent\u00e9es pour la plupart en avant-premi\u00e8re et pour certaines issues des r\u00e9centes s\u00e9lections cannoises, on remarquera La petite derni\u00e8re, r\u00e9alis\u00e9 par l\u2019actrice Hafsia Herzi. L\u2019intrigue le cheminement sensible d\u2019une jeune \u00e9tudiante en philosophie, issue des banlieues, qui peine \u00e0 conjuguer d\u00e9sirs naissants et foi religieuse. Infiniment plus baroque, et tenant tout autant du conte et du western, Le myst\u00e9rieux regard des flamants roses, tourn\u00e9 au Chili, conte le surgissement dans ce pays d\u2019Am\u00e9rique latine, au d\u00e9tour des ann\u00e9es 80, d\u2019une myst\u00e9rieuse maladie qui viendra perturber la vie haute en couleur d\u2019une famille queer pour le moins flamboyante.<\/p>\n<p><strong>Rencontre avec des r\u00e9alisateurs<\/strong><\/p>\n<p>Au niveau documentaire, Habibi, chansons pour mes amis, qui d\u00e9taille le quotidien du cabaret la Fl\u00e8che d\u2019Or, vient rappeler que sous les paillettes, les artistes de ce lieu mythique parisien remplissent, de par leur proximit\u00e9 avec leur public, un v\u00e9ritable r\u00f4le social.<\/p>\n<p>La dimension politique de la f\u00eate est \u00e9galement au c\u0153ur de P\u00e9dale rurale, un documentaire suivant les difficult\u00e9s de Benoit, un jeune homme bien d\u00e9cid\u00e9 \u00e0 organiser le premier d\u00e9fil\u00e9 des fiert\u00e9s dans son village afin de lutter contre les pr\u00e9jug\u00e9s. Antoine Vazquez, le r\u00e9alisateur sera pr\u00e9sent lors de la projection.<\/p>\n<p>Rencontre avec les artistes, \u00e9changes avec les associations locales ou internationales, espace librairie, Brunch\u2026 Le programme complet est consultable sur le site du festival.<\/p>\n<p>Cinepride du 24 au 29\u00a0juin au Katorza, 3, rue Corneille. R\u00e9servation (tr\u00e8s conseill\u00e9e) aux caisses du cin\u00e9ma ou sur www.katorza.fr \u00e0 partir du 20\u00a0juin. www.cinepride.com<\/p>\n<p>\u00a0<\/p>\n","protected":false},"excerpt":{"rendered":"Militant, festif et solidaire, Cin\u00e9pride, le festival du film LGBT\u00a0de Nantes est de retour au Katorza. Se voulant&hellip;\n","protected":false},"author":2,"featured_media":197258,"comment_status":"","ping_status":"","sticky":false,"template":"","format":"standard","meta":{"footnotes":""},"categories":[2818],"tags":[1111,11,650,33697,1777,674,849,1011,27,33698,766,12,2636,25,14173],"class_list":{"0":"post-197257","1":"post","2":"type-post","3":"status-publish","4":"format-standard","5":"has-post-thumbnail","7":"category-nantes","8":"tag-actu","9":"tag-actualites","10":"tag-cinema","11":"tag-cinepride","12":"tag-eu","13":"tag-europe","14":"tag-festival","15":"tag-fr","16":"tag-france","17":"tag-katorza","18":"tag-nantes","19":"tag-news","20":"tag-pays-de-la-loire","21":"tag-republique-francaise","22":"tag-revient"},"share_on_mastodon":{"url":"https:\/\/pubeurope.com\/@fr\/114730677349362345","error":""},"_links":{"self":[{"href":"https:\/\/www.europesays.com\/fr\/wp-json\/wp\/v2\/posts\/197257","targetHints":{"allow":["GET"]}}],"collection":[{"href":"https:\/\/www.europesays.com\/fr\/wp-json\/wp\/v2\/posts"}],"about":[{"href":"https:\/\/www.europesays.com\/fr\/wp-json\/wp\/v2\/types\/post"}],"author":[{"embeddable":true,"href":"https:\/\/www.europesays.com\/fr\/wp-json\/wp\/v2\/users\/2"}],"replies":[{"embeddable":true,"href":"https:\/\/www.europesays.com\/fr\/wp-json\/wp\/v2\/comments?post=197257"}],"version-history":[{"count":0,"href":"https:\/\/www.europesays.com\/fr\/wp-json\/wp\/v2\/posts\/197257\/revisions"}],"wp:featuredmedia":[{"embeddable":true,"href":"https:\/\/www.europesays.com\/fr\/wp-json\/wp\/v2\/media\/197258"}],"wp:attachment":[{"href":"https:\/\/www.europesays.com\/fr\/wp-json\/wp\/v2\/media?parent=197257"}],"wp:term":[{"taxonomy":"category","embeddable":true,"href":"https:\/\/www.europesays.com\/fr\/wp-json\/wp\/v2\/categories?post=197257"},{"taxonomy":"post_tag","embeddable":true,"href":"https:\/\/www.europesays.com\/fr\/wp-json\/wp\/v2\/tags?post=197257"}],"curies":[{"name":"wp","href":"https:\/\/api.w.org\/{rel}","templated":true}]}}