{"id":197276,"date":"2025-06-23T04:10:32","date_gmt":"2025-06-23T04:10:32","guid":{"rendered":"https:\/\/www.europesays.com\/fr\/197276\/"},"modified":"2025-06-23T04:10:32","modified_gmt":"2025-06-23T04:10:32","slug":"griffine-industries-soutenue-par-idf-investissements-territoires","status":"publish","type":"post","link":"https:\/\/www.europesays.com\/fr\/197276\/","title":{"rendered":"Griffine Industries soutenue par IDF Investissements &#038; territoires"},"content":{"rendered":"<p><img loading=\"lazy\" decoding=\"async\" alt=\"\u00a9\u00a0DR - L\u2019Etat, via la SEM IDF Investissements &amp; Territoires, a acquis le foncier du fleuron industriel valdoisien Griffine Industries pour soutenir son d\u00e9veloppement.\" data-zoom-src=\"https:\/\/www.europesays.com\/fr\/wp-content\/uploads\/2025\/06\/initial-griffine-industries.jpg\" data-zoomable=\"\" height=\"702\" src=\"https:\/\/www.europesays.com\/fr\/wp-content\/uploads\/2025\/06\/initial-griffine-industries.jpg\" width=\"1248\"\/>  <\/p>\n<p class=\"article-desc\">\u00a9\u00a0DR &#8211; L\u2019Etat, via la SEM IDF Investissements &amp; Territoires, a acquis le foncier du fleuron industriel valdoisien Griffine Industries pour soutenir son d\u00e9veloppement. <\/p>\n<p>La Soci\u00e9t\u00e9 d\u2019\u00e9conomie mixte (SEM) <a href=\"https:\/\/mesinfos.fr\/ile-de-france\/idf-investissements-et-territoires-developpement-et-transition-energetique-202432.html\" rel=\"noopener\" target=\"_blank\"><strong>IDF Investissements &amp; Territoires<\/strong><\/a> vient de faire l\u2019acquisition du foncier du site de l\u2019entreprise <strong>Griffine Industries<\/strong> situ\u00e9 \u00e0 <strong>Nucourt<\/strong>, au nord du <strong>Val-d&rsquo;Oise<\/strong>, dans le parc naturel du Vexin fran\u00e7ais. <\/p>\n<p>Cette op\u00e9ration sp\u00e9ciale de Sale &amp; Lease Back (vente par le propri\u00e9taire suivie d\u2019une location) va permettre \u00e0 cette entreprise en difficult\u00e9 r\u00e9cemment reprise de compl\u00e9ter le financement de son <a href=\"https:\/\/mesinfos.fr\/95000-cergy\/cergy-une-journee-developpement-durable-pour-les-industriels-200492.html\" rel=\"noopener\" target=\"_blank\"><strong>plan industriel<\/strong><\/a> 2024. <\/p>\n<p>Quand la R\u00e9gion soutient la relance industrielle <\/p>\n<p>Fabricante de tissus enduits fond\u00e9e en 1947, la soci\u00e9t\u00e9 Griffine Industries a fait l\u2019objet d\u2019une reprise par la soci\u00e9t\u00e9 El Gato, pr\u00e9sid\u00e9e par l\u2019entrepreneur Jacques Schaffnit, en juin 2023 apr\u00e8s une p\u00e9riode de redressement judiciaire. <\/p>\n<p>Cette op\u00e9ration, qui pr\u00e9voit une option de rachat par le dirigeant, va compl\u00e9ter le financement de l\u2019installation de deux nouvelles lignes de production, et permettra de conforter les engagements sur l\u2019emploi dans le cadre de la reprise. <\/p>\n<p>\u201cNous sommes<strong> fiers d&rsquo;accompagner Griffine Industries dans cette phase de relance <\/strong>de son activit\u00e9 et de contribuer au financement de son plan industriel ambitieux. Cette op\u00e9ration t\u00e9moigne de notre<strong> engagement \u00e0 soutenir la r\u00e9industrialisation <\/strong>et \u00e0 pr\u00e9server les emplois industriels sur le territoire du Val d\u2019Oise. Gr\u00e2ce \u00e0 ce montage immobilier, nous contribuons \u00e0 la p\u00e9rennit\u00e9 d\u2019un <strong>fleuron industriel du Vexin<\/strong> et \u00e0 son rayonnement international\u201d, annonce fi\u00e8rement <a href=\"https:\/\/mesinfos.fr\/ile-de-france\/alexandra-dublanche-l-ile-de-france-la-porte-d-entree-de-l-europe-188551.html\" rel=\"noopener\" target=\"_blank\"><strong>Alexandra Dublanche, pr\u00e9sidente de IDF Investissements &amp; Territoires<\/strong><\/a>.<\/p>\n<p>Griffine Industries restera locataire du site de Nucourt et s&rsquo;engage \u00e0 le racheter \u00e0 la <strong>fonci\u00e8re r\u00e9gionale<\/strong> dans un d\u00e9lai de six ans. Cette op\u00e9ration contribuera \u00e0 p\u00e9renniser le site avec le <strong>maintien de 177 emplois<\/strong>, et \u00e0 am\u00e9liorer la comp\u00e9titivit\u00e9 de l&rsquo;usine gr\u00e2ce \u00e0 des investissements en R&amp;D et dans le processus de production.<\/p>\n<p>\u201c<strong>Le soutien de IDF Investissements &amp; Territoires est essentiel <\/strong>pour notre plan de relance. Leur expertise et leur engagement nous permettent de s\u00e9curiser notre activit\u00e9 et de regarder vers l&rsquo;avenir avec confiance. Nous sommes d\u00e9termin\u00e9s \u00e0 faire de Griffine Industries un acteur incontournable dans notre secteur et \u00e0 renforcer notre position sur le march\u00e9 international\u201d, assure Jacques Schaffnit, nouveau pr\u00e9sident de Griffine Industries. <\/p>\n<p>L\u2019intervention de la SEM <strong>compl\u00e8te le soutien de l\u2019Etat et de la R\u00e9gion<\/strong> pour la r\u00e9industrialisation de ce site situ\u00e9 en Territoire d\u2019industrie. La R\u00e9gion a pr\u00e9vu de soutenir le plan industriel de l\u2019entreprise via son <strong>dispositif PM\u2019UP<\/strong>. Il s\u2019agit de la <strong>19e acquisition de la SEM<\/strong> depuis sa cr\u00e9ation en juillet 2020, ce qui illustre sa strat\u00e9gie de recentrage sur l\u2019immobilier industriel. <\/p>\n<p> Reprise d\u2019un fleuron du Val d\u2019Oise <\/p>\n<p>Griffine Industries (ex-Griffine Enduction) est une <strong>entreprise valdoisienne<\/strong> sp\u00e9cialis\u00e9e dans la <strong>fabrication de tissus enduits<\/strong> depuis plus de 75 ans. Elle op\u00e8re dans cinq march\u00e9s principaux : <strong>mobilit\u00e9 <\/strong>(fourniture d&rsquo;am\u00e9nagements int\u00e9rieurs pour <strong>v\u00e9hicules<\/strong>), contract (mobilier pour l&rsquo;am\u00e9nagement de <strong>lieux publics<\/strong>), marine (sellerie int\u00e9rieure et ext\u00e9rieure pour <strong>bateaux<\/strong>), sant\u00e9 et bien-\u00eatre (<strong>tables de massage et d&rsquo;auscultation<\/strong>), \u00e9quipement de la personne (<strong>maroquinerie de luxe, accessoires bagagerie<\/strong>).<\/p>\n<p>Le march\u00e9 automobile est le principal d\u00e9bouch\u00e9 de ce <strong>fleuron industriel valdoisien<\/strong> et repr\u00e9sente 55 % de son chiffre d\u2019affaires. L\u2019entreprise se distingue par sa <strong>client\u00e8le prestigieuse<\/strong>, incluant <a href=\"https:\/\/mesinfos.fr\/78300-poissy\/le-gros-oeuvre-du-campus-de-stellantis-acheve-en-un-temps-record-202503.html\" target=\"_blank\" rel=\"noopener\"><strong>Stellantis<\/strong><\/a><strong\/>(son premier client), <a href=\"https:\/\/mesinfos.fr\/91170-viry-chatillon\/essonne-350-salaries-sur-le-gril-chez-alpine-renault-de-viry-chatillon-204339.html\" target=\"_blank\" rel=\"noopener\"><strong>Renault<\/strong><\/a>, et <strong>Louis Vuitton<\/strong>. Cependant, la soci\u00e9t\u00e9 a connu des difficult\u00e9s financi\u00e8res en raison d&rsquo;une baisse des commandes depuis la crise sanitaire et d&rsquo;un outil industriel obsol\u00e8te. <\/p>\n<p>Elle a \u00e9t\u00e9 reprise en 2023 par <strong>Jacques Schaffnit<\/strong>. Fort de son parcours industriel au sein de grands groupes (TotalEnergies, Valeo) et de son exp\u00e9rience dans la reprise d&rsquo;entreprises en difficult\u00e9 (Ascometal, Von Roll, Adova), l\u2019entrepreneur a \u00e9t\u00e9 retenu par le Tribunal de commerce et a entrepris un <strong>redressement rapide de l\u2019entreprise<\/strong>. Le chiffre d\u2019affaires 2024 devrait atteindre 45 millions d\u2019euros, en augmentation de 50 % par rapport \u00e0 2022.<\/p>\n","protected":false},"excerpt":{"rendered":"\u00a9\u00a0DR &#8211; L\u2019Etat, via la SEM IDF Investissements &amp; Territoires, a acquis le foncier du fleuron industriel valdoisien&hellip;\n","protected":false},"author":2,"featured_media":197277,"comment_status":"","ping_status":"","sticky":false,"template":"","format":"standard","meta":{"footnotes":""},"categories":[1592],"tags":[1111,11,1777,674,33702,1011,27,662,12,626,25],"class_list":{"0":"post-197276","1":"post","2":"type-post","3":"status-publish","4":"format-standard","5":"has-post-thumbnail","7":"category-ile-de-france","8":"tag-actu","9":"tag-actualites","10":"tag-eu","11":"tag-europe","12":"tag-foncier","13":"tag-fr","14":"tag-france","15":"tag-ile-de-france","16":"tag-news","17":"tag-paris","18":"tag-republique-francaise"},"share_on_mastodon":{"url":"https:\/\/pubeurope.com\/@fr\/114730724441184694","error":""},"_links":{"self":[{"href":"https:\/\/www.europesays.com\/fr\/wp-json\/wp\/v2\/posts\/197276","targetHints":{"allow":["GET"]}}],"collection":[{"href":"https:\/\/www.europesays.com\/fr\/wp-json\/wp\/v2\/posts"}],"about":[{"href":"https:\/\/www.europesays.com\/fr\/wp-json\/wp\/v2\/types\/post"}],"author":[{"embeddable":true,"href":"https:\/\/www.europesays.com\/fr\/wp-json\/wp\/v2\/users\/2"}],"replies":[{"embeddable":true,"href":"https:\/\/www.europesays.com\/fr\/wp-json\/wp\/v2\/comments?post=197276"}],"version-history":[{"count":0,"href":"https:\/\/www.europesays.com\/fr\/wp-json\/wp\/v2\/posts\/197276\/revisions"}],"wp:featuredmedia":[{"embeddable":true,"href":"https:\/\/www.europesays.com\/fr\/wp-json\/wp\/v2\/media\/197277"}],"wp:attachment":[{"href":"https:\/\/www.europesays.com\/fr\/wp-json\/wp\/v2\/media?parent=197276"}],"wp:term":[{"taxonomy":"category","embeddable":true,"href":"https:\/\/www.europesays.com\/fr\/wp-json\/wp\/v2\/categories?post=197276"},{"taxonomy":"post_tag","embeddable":true,"href":"https:\/\/www.europesays.com\/fr\/wp-json\/wp\/v2\/tags?post=197276"}],"curies":[{"name":"wp","href":"https:\/\/api.w.org\/{rel}","templated":true}]}}