{"id":197283,"date":"2025-06-23T04:14:21","date_gmt":"2025-06-23T04:14:21","guid":{"rendered":"https:\/\/www.europesays.com\/fr\/197283\/"},"modified":"2025-06-23T04:14:21","modified_gmt":"2025-06-23T04:14:21","slug":"arrivee-du-quinte-du-dimanche-22-juin-a-vincennes-troisieme-quinte-pour-killiam-fromentro","status":"publish","type":"post","link":"https:\/\/www.europesays.com\/fr\/197283\/","title":{"rendered":"Arriv\u00e9e du quint\u00e9 du dimanche 22\u00a0juin \u00e0 Vincennes\u00a0: Troisi\u00e8me quint\u00e9 pour Killiam Fromentro"},"content":{"rendered":"<p class=\"paragraph text_align_left lp-f-body-02\"><b>Arriv\u00e9e du quint\u00e9<\/b> : 10 \u2013 1 \u2013 8 \u2013 2 &#8211; 3<\/p>\n<p class=\"paragraph text_align_left lp-f-body-02\">Disput\u00e9 devant des tribunes copieusement garnies, le Prix Jean-Yves Lecuyer (Gr. III) servait de support au Quint\u00e9 + de ce samedi \u00e0 Vincennes, au cours de la <a href=\"https:\/\/www.leparisien.fr\/etudiant\/sortir\/paris\/eve-le-trot-la-journee-des-champions\/\" target=\"_self\" rel=\"noopener\">Journ\u00e9e des Champions <\/a>qui comptait pas moins de cinq Groupes I. Une \u00e9preuve qui a \u00e9t\u00e9 marqu\u00e9e par plusieurs incidents, dont un dans la descente o\u00f9 Jet Express (n\u00b05) a \u00e9chapp\u00e9 de peu \u00e0 la chute en voulant de rabattre derri\u00e8re Joconde Sibey (n\u00b011). Pendant ce temps, Killiam Fromentro (n\u00b010) patientait \u00e0 mi-peloton. Lors d\u2019un brusque ralentissement dans la mont\u00e9e, provocant plusieurs g\u00eanes, celui-ci a pu se d\u00e9caler vers l\u2019ext\u00e9rieur et en a profit\u00e9 pour progresser en \u00e9paisseur. Rabattu en t\u00eate pour aborder le tournant final, il a ensuite parfaitement sprint\u00e9 pour mener sa t\u00e2che \u00e0 bien. Jean-Michel Bazire analysait : \u00ab Les premiers ont beaucoup repris \u00e0 huit cents m\u00e8tres de l\u2019arriv\u00e9e et il a alors plac\u00e9 une belle acc\u00e9l\u00e9ration. C\u2019\u00e9tait un peu t\u00f4t par rapport \u00e0 sa tactique pr\u00e9f\u00e9r\u00e9e mais je n\u2019avais pas vraiment le choix, d\u2019autant que j\u2019avais une premi\u00e8re chance. Il s\u2019est ensuite bien allong\u00e9 dans la ligne droite. Il ne gagne pas comme un champion mais la distance repr\u00e9sente sans doute le bout de monde pour lui et il reste meilleur en venant de l\u2019arri\u00e8re. \u00bb<\/p>\n<blockquote class=\"twitter-tweet\">\n<p lang=\"fr\" dir=\"ltr\">\ud83e\udd47 \ud835\uddde\ud835\uddf6\ud835\uddf9\ud835\uddf9\ud835\uddf6\ud835\uddee\ud835\uddfa \ud835\uddd9\ud835\uddff\ud835\uddfc\ud835\uddfa\ud835\uddf2\ud835\uddfb\ud835\ude01\ud835\uddff\ud835\uddfc (J.M. Bazire &#8211; N. Bazire) triomphe dans le Quint\u00e9+ du jour, le Prix J-Twelve &#8211; Prix Jean Yves L\u00e9cuyer \u00e0 <a href=\"https:\/\/twitter.com\/Vincennes_Hippo?ref_src=twsrc%5Etfw\" target=\"_blank\" rel=\"noopener\">@Vincennes_Hippo<\/a>.<\/p>\n<p>\ud83c\udfc1 10 &#8211; 1 &#8211; 8 &#8211; 2 &#8211; 3 <a href=\"https:\/\/t.co\/BVI7MwRqpl\">pic.twitter.com\/BVI7MwRqpl<\/a><\/p>\n<p>\u2014 Equidia (@equidia) <a href=\"https:\/\/twitter.com\/equidia\/status\/1936778749749658111?ref_src=twsrc%5Etfw\" target=\"_blank\" rel=\"noopener\">June 22, 2025<\/a><\/p><\/blockquote>\n<p class=\"paragraph text_align_left lp-f-body-02\">Patiemment driv\u00e9 sur une deuxi\u00e8me puis une troisi\u00e8me ligne \u00e0 la corde, Pantocrator (n\u00b01) a trouv\u00e9 une ouverture providentielle \u00e0 cent cinquante m\u00e8tres de l\u2019arriv\u00e9e et fini vite pour s\u2019emparer de l\u2019accessit d\u2019honneur. C\u2019\u00e9tait ensuite tr\u00e8s serr\u00e9. Venue de l\u2019arri\u00e8re-garde \u00e0 flanc de peloton dans le dernier virage, <a href=\"https:\/\/www.leparisien.fr\/sports\/hippisme\/quinte-du-dimanche-22-juin-a-vincennes-avec-jalendra-de-malac-et-kalif-landia-alexis-grimault-vise-le-titre-de-champion-21-06-2025-6NBQ3BNQIBBN3FNSCY5ZSDEFUY.php\" target=\"_self\" rel=\"noopener\">Jalendra de Malac<\/a> (n\u00b08) a bien soutenu de son effort jusqu\u2019au bout pour arracher la troisi\u00e8me place \u00e0 Karambar (n\u00b02) qui a longtemps fait illusion pour un meilleur classement. Auteur d\u2019une bonne fin de course en pleine piste, Kelle Beaut\u00e9 (n\u00b03) prend la cinqui\u00e8me place \u00e0 un peu plus de 100\/1.<\/p>\n<p><script async src=\"https:\/\/platform.twitter.com\/widgets.js\" charset=\"utf-8\"><\/script><\/p>\n","protected":false},"excerpt":{"rendered":"Arriv\u00e9e du quint\u00e9 : 10 \u2013 1 \u2013 8 \u2013 2 &#8211; 3 Disput\u00e9 devant des tribunes copieusement&hellip;\n","protected":false},"author":2,"featured_media":197284,"comment_status":"","ping_status":"","sticky":false,"template":"","format":"standard","meta":{"footnotes":""},"categories":[1888],"tags":[11,1777,674,1011,27,11462,12,626,25,60],"class_list":{"0":"post-197283","1":"post","2":"type-post","3":"status-publish","4":"format-standard","5":"has-post-thumbnail","7":"category-paris","8":"tag-actualites","9":"tag-eu","10":"tag-europe","11":"tag-fr","12":"tag-france","13":"tag-hippisme","14":"tag-news","15":"tag-paris","16":"tag-republique-francaise","17":"tag-sports"},"share_on_mastodon":{"url":"https:\/\/pubeurope.com\/@fr\/114730740286546007","error":""},"_links":{"self":[{"href":"https:\/\/www.europesays.com\/fr\/wp-json\/wp\/v2\/posts\/197283","targetHints":{"allow":["GET"]}}],"collection":[{"href":"https:\/\/www.europesays.com\/fr\/wp-json\/wp\/v2\/posts"}],"about":[{"href":"https:\/\/www.europesays.com\/fr\/wp-json\/wp\/v2\/types\/post"}],"author":[{"embeddable":true,"href":"https:\/\/www.europesays.com\/fr\/wp-json\/wp\/v2\/users\/2"}],"replies":[{"embeddable":true,"href":"https:\/\/www.europesays.com\/fr\/wp-json\/wp\/v2\/comments?post=197283"}],"version-history":[{"count":0,"href":"https:\/\/www.europesays.com\/fr\/wp-json\/wp\/v2\/posts\/197283\/revisions"}],"wp:featuredmedia":[{"embeddable":true,"href":"https:\/\/www.europesays.com\/fr\/wp-json\/wp\/v2\/media\/197284"}],"wp:attachment":[{"href":"https:\/\/www.europesays.com\/fr\/wp-json\/wp\/v2\/media?parent=197283"}],"wp:term":[{"taxonomy":"category","embeddable":true,"href":"https:\/\/www.europesays.com\/fr\/wp-json\/wp\/v2\/categories?post=197283"},{"taxonomy":"post_tag","embeddable":true,"href":"https:\/\/www.europesays.com\/fr\/wp-json\/wp\/v2\/tags?post=197283"}],"curies":[{"name":"wp","href":"https:\/\/api.w.org\/{rel}","templated":true}]}}