{"id":197289,"date":"2025-06-23T04:17:10","date_gmt":"2025-06-23T04:17:10","guid":{"rendered":"https:\/\/www.europesays.com\/fr\/197289\/"},"modified":"2025-06-23T04:17:10","modified_gmt":"2025-06-23T04:17:10","slug":"coutures-un-spectacle-haut-en-couleur-avec-les-artistes-ukrainiens-zbroutch","status":"publish","type":"post","link":"https:\/\/www.europesays.com\/fr\/197289\/","title":{"rendered":"Coutures. Un spectacle haut en couleur avec les artistes ukrainiens Zbroutch"},"content":{"rendered":"<p>Les chanteurs et danseurs professionnels d\u2019Ukraine Zbroutch donneront un spectacle haut en couleur pour vous faire passer une belle soir\u00e9e, vendredi 4\u00a0juillet \u00e0 20\u00a0h\u00a030. Ils comptent sur la g\u00e9n\u00e9rosit\u00e9 de tous pour aider les orphelins de la r\u00e9gion de Ternopil. Les artistes vendront des articles de leur artisanat pour secourir les orphelins et personnes dans le besoin en Ukraine.<\/p>\n<p class=\"note\">Rendez-vous \u00e0 la salle des f\u00eates. Participation libre.<\/p>\n","protected":false},"excerpt":{"rendered":"Les chanteurs et danseurs professionnels d\u2019Ukraine Zbroutch donneront un spectacle haut en couleur pour vous faire passer une&hellip;\n","protected":false},"author":2,"featured_media":197290,"comment_status":"","ping_status":"","sticky":false,"template":"","format":"standard","meta":{"footnotes":""},"categories":[1590],"tags":[11,1687,1777,674,12,3140,220],"class_list":{"0":"post-197289","1":"post","2":"type-post","3":"status-publish","4":"format-standard","5":"has-post-thumbnail","7":"category-ukraine","8":"tag-actualites","9":"tag-culture-loisirs","10":"tag-eu","11":"tag-europe","12":"tag-news","13":"tag-spectacle","14":"tag-ukraine"},"share_on_mastodon":{"url":"https:\/\/pubeurope.com\/@fr\/114730751974166062","error":""},"_links":{"self":[{"href":"https:\/\/www.europesays.com\/fr\/wp-json\/wp\/v2\/posts\/197289","targetHints":{"allow":["GET"]}}],"collection":[{"href":"https:\/\/www.europesays.com\/fr\/wp-json\/wp\/v2\/posts"}],"about":[{"href":"https:\/\/www.europesays.com\/fr\/wp-json\/wp\/v2\/types\/post"}],"author":[{"embeddable":true,"href":"https:\/\/www.europesays.com\/fr\/wp-json\/wp\/v2\/users\/2"}],"replies":[{"embeddable":true,"href":"https:\/\/www.europesays.com\/fr\/wp-json\/wp\/v2\/comments?post=197289"}],"version-history":[{"count":0,"href":"https:\/\/www.europesays.com\/fr\/wp-json\/wp\/v2\/posts\/197289\/revisions"}],"wp:featuredmedia":[{"embeddable":true,"href":"https:\/\/www.europesays.com\/fr\/wp-json\/wp\/v2\/media\/197290"}],"wp:attachment":[{"href":"https:\/\/www.europesays.com\/fr\/wp-json\/wp\/v2\/media?parent=197289"}],"wp:term":[{"taxonomy":"category","embeddable":true,"href":"https:\/\/www.europesays.com\/fr\/wp-json\/wp\/v2\/categories?post=197289"},{"taxonomy":"post_tag","embeddable":true,"href":"https:\/\/www.europesays.com\/fr\/wp-json\/wp\/v2\/tags?post=197289"}],"curies":[{"name":"wp","href":"https:\/\/api.w.org\/{rel}","templated":true}]}}