{"id":197324,"date":"2025-06-23T04:38:23","date_gmt":"2025-06-23T04:38:23","guid":{"rendered":"https:\/\/www.europesays.com\/fr\/197324\/"},"modified":"2025-06-23T04:38:23","modified_gmt":"2025-06-23T04:38:23","slug":"une-saison-2-est-elle-possible-la-creatrice-de-la-serie-repond","status":"publish","type":"post","link":"https:\/\/www.europesays.com\/fr\/197324\/","title":{"rendered":"Une saison 2 est-elle possible ? La cr\u00e9atrice de la s\u00e9rie r\u00e9pond"},"content":{"rendered":"<p>Si vous pensiez que la s\u00e9rie Nous les menteurs, disponible sur Prime Video, se concluait \u00e0 la fin des huit \u00e9pisodes mis en ligne, une sc\u00e8ne du final laisse la porte ouverte \u00e0 une saison 2. Julie Plec, la co-cr\u00e9atrice, a confirm\u00e9 \u00e0 T\u00e9l\u00e9-Loisirs qu&rsquo;elle esp\u00e9rait pouvoir raconter cette histoire dans d&rsquo;autres salves.<\/p>\n<p><a href=\"https:\/\/www.programme-tv.net\/news\/series-tv\/381095-nous-les-menteurs-c-est-quoi-cette-serie-qui-va-vous-tenir-en-haleine-cet-ete\/\" data-api-deeplink=\"teleloisirs:\/\/news\/381095\" target=\"_blank\" rel=\"noopener\">Nous les menteurs, la nouvelle s\u00e9rie am\u00e9ricaine<\/a> cr\u00e9\u00e9e par Julie Plec et Carina Adly Mackenzie, s&rsquo;est rapidement hiss\u00e9e \u00e0 la t\u00eate du classement des <a href=\"https:\/\/www.programme-tv.net\/news\/series-tv\/309127-amazon-prime-video-le-top-10-des-meilleures-series-a-voir\/\" data-api-deeplink=\"teleloisirs:\/\/news\/309127\" target=\"_blank\" rel=\"noopener\">s\u00e9ries les plus vues en ce moment en France sur Prime Video<\/a>. Cette fiction est l&rsquo;adaptation du roman \u00e0 succ\u00e8s \u00e9ponyme d&rsquo;E. Lockhart, qui suit Cadence Sinclair (Emily Alyn Lind) et son cercle d&rsquo;amis, surnomm\u00e9s les Liars. Alors qu&rsquo;ils passent tout leurs \u00e9t\u00e9s sur l&rsquo;\u00eele priv\u00e9e du grand-p\u00e8re de la famille Sinclair, un myst\u00e9rieux accident se produit lors de \u00ab\u00a0l&rsquo;\u00e9t\u00e9 16\u00a0\u00bb et la vie de Cadence est \u00e0 jamais chang\u00e9e. L&rsquo;ann\u00e9e suivante, la jeune fille revient sur l&rsquo;\u00eele et esp\u00e8re obtenir les r\u00e9ponses \u00e0 ses questions. Elle a en effet oubli\u00e9 ce qui s&rsquo;est pass\u00e9 avant et pendant le drame. \u00c0 la fin des huit \u00e9pisodes, Cadence retrouve la m\u00e9moire et se rappelle ainsi qu&rsquo;elle a br\u00fbl\u00e9 la maison familiale avec les Liars et que Johnny, Mirren et Gat sont morts. Lors d&rsquo;une interview avec T\u00e9l\u00e9-Loisirs, <a href=\"https:\/\/www.programme-tv.net\/news\/series-tv\/381429-nous-les-menteurs-la-fin-expliquee-par-les-creatrices-de-la-serie-et-l-autrice-du-livre\/\" data-api-deeplink=\"teleloisirs:\/\/news\/381429\" target=\"_blank\" rel=\"noopener\">les cr\u00e9atrices de la s\u00e9rie et l&rsquo;autrice du livre nous ont d&rsquo;ailleurs expliqu\u00e9 la fin de la fiction<\/a>. Mais est-ce vraiment la fin de Nous les menteurs ?<\/p>\n<p>                        <b>\u00ab\u00a0<\/b><b>La porte est grande ouverte pour une deuxi\u00e8me saison<\/b><b>\u00a0\u00bb : les r\u00e9v\u00e9lations de Julie Plec, la co-cr\u00e9atrice de la s\u00e9rie <\/b><b>Nous les menteurs<\/b><b> <\/b><\/p>\n<p>Si les \u00e9pisodes disponibles sur Prime Video traitent de l&rsquo;int\u00e9gralit\u00e9 du roman d&rsquo;E. Lockhart, la fin de la premi\u00e8re saison nous laisse perplexe. En effet, alors que l&rsquo;on a bien compris que les apparitions de Johnny, Mirren et Gat lors de \u00ab\u00a0l&rsquo;\u00e9t\u00e9 17\u00a0\u00bb \u00e9taient en r\u00e9alit\u00e9 des hallucinations de Cadence, on s&rsquo;interroge sur la sc\u00e8ne finale o\u00f9 Carrie (<a href=\"https:\/\/www.programme-tv.net\/biographie\/141352-gummer-mamie\/\" data-link-people=\"ffbdc58d-f065-4e8a-90cc-82e634900f96\" target=\"_blank\" rel=\"noopener\">Mamie Gummer<\/a>) parle avec son fils d\u00e9c\u00e9d\u00e9 Johnny. Cela laisserait-il la porte ouverte \u00e0 une saison 2 de Nous les menteurs ? \u00ab\u00a0<b>Absolument, la porte est grande ouverte pour une deuxi\u00e8me saison et pour continuer \u00e0 se demander ce qui est r\u00e9el et ce qui n&rsquo;est qu&rsquo;un fragment d&rsquo;un esprit psychologique peut-\u00eatre bris\u00e9.<\/b> Et ces questions nous m\u00e8neront, esp\u00e9rons-le, \u00e0 l&rsquo;histoire que nous mourrons d&rsquo;envie de raconter si, et quand, nous reviendrons\u00a0\u00bb, nous a d\u00e9voil\u00e9 Julie Plec. Si, pour le moment, Prime Video n&rsquo;a pas encore command\u00e9 une nouvelle saison, les cr\u00e9atrices de la fiction ont cependant des id\u00e9es pour prolonger l&rsquo;aventure et esp\u00e8rent que cela pourra ainsi se concr\u00e9tiser.<\/p>\n<p>            <b>La sc\u00e8ne finale de <\/b><b>Nous les menteurs<\/b><b> entre Carrie et Johnny pourrait \u00eatre un indice sur une potentielle saison 2 de la s\u00e9rie <\/b><\/p>\n<p>D&rsquo;autant plus que cette sc\u00e8ne entre Carrie et Johnny n&rsquo;est vraiment pas anodine, comme nous l&rsquo;a r\u00e9v\u00e9l\u00e9 la romanci\u00e8re E. Lockhart : \u00ab\u00a0Cette sc\u00e8ne est une variante du d\u00e9but de Family of Liars, mon roman pr\u00e9quel \u00e0 Nous les menteurs\u00a0\u00bb. Ce livre se concentre en effet sur la vie de Carrie, 17 ans, \u00e0 Beechwood. Si l&rsquo;on ne sait pas encore si cette potentielle prochaine saison de Nous les menteurs se pencherait sur le pass\u00e9 de Carrie, ou sur la suite des aventures de Cadence, Julie Plec nous a confi\u00e9 avoir envie d&rsquo;en dire plus sur le futur de Cadence dans \u00ab\u00a0les saisons \u00e0 venir\u00a0\u00bb. \u00ab\u00a0Apr\u00e8s le final de la saison 1, et le choix de Cadence de refuser l&rsquo;h\u00e9ritage de sa famille, elle doit maintenant affronter le monde ext\u00e9rieur et vivre avec sa culpabilit\u00e9 et les cons\u00e9quences du r\u00f4le qu&rsquo;elle a jou\u00e9 dans la trag\u00e9die familiale. <b>Ce sera un long parcours pour elle. Et j&rsquo;ai h\u00e2te de pouvoir en dire plus \u00e0 ce sujet dans les saisons \u00e0 venir<\/b><b>\u00ab\u00a0,<\/b> nous a livr\u00e9 Julie Plec. \u00c0 voir d\u00e9sormais si Prime Video donnera son feu vert ou non !<\/p>\n","protected":false},"excerpt":{"rendered":"Si vous pensiez que la s\u00e9rie Nous les menteurs, disponible sur Prime Video, se concluait \u00e0 la fin&hellip;\n","protected":false},"author":2,"featured_media":197325,"comment_status":"","ping_status":"","sticky":false,"template":"","format":"standard","meta":{"footnotes":""},"categories":[1356],"tags":[4225,1409,244,58,59,1011,27,33706,33705,33704,3946,4224,129,252,1364],"class_list":{"0":"post-197324","1":"post","2":"type-post","3":"status-publish","4":"format-standard","5":"has-post-thumbnail","7":"category-television","8":"tag-amazon-prime-vidu00e9o","9":"tag-bande-annonce","10":"tag-commentaire","11":"tag-divertissement","12":"tag-entertainment","13":"tag-fr","14":"tag-france","15":"tag-les-menteurs","16":"tag-les-menteurs-saison-1-52187855","17":"tag-les-menteurs-su00e9rie-52187854","18":"tag-nous","19":"tag-pub-streaming-prime-video","20":"tag-svod","21":"tag-television","22":"tag-tv"},"share_on_mastodon":{"url":"https:\/\/pubeurope.com\/@fr\/114730834609886391","error":""},"_links":{"self":[{"href":"https:\/\/www.europesays.com\/fr\/wp-json\/wp\/v2\/posts\/197324","targetHints":{"allow":["GET"]}}],"collection":[{"href":"https:\/\/www.europesays.com\/fr\/wp-json\/wp\/v2\/posts"}],"about":[{"href":"https:\/\/www.europesays.com\/fr\/wp-json\/wp\/v2\/types\/post"}],"author":[{"embeddable":true,"href":"https:\/\/www.europesays.com\/fr\/wp-json\/wp\/v2\/users\/2"}],"replies":[{"embeddable":true,"href":"https:\/\/www.europesays.com\/fr\/wp-json\/wp\/v2\/comments?post=197324"}],"version-history":[{"count":0,"href":"https:\/\/www.europesays.com\/fr\/wp-json\/wp\/v2\/posts\/197324\/revisions"}],"wp:featuredmedia":[{"embeddable":true,"href":"https:\/\/www.europesays.com\/fr\/wp-json\/wp\/v2\/media\/197325"}],"wp:attachment":[{"href":"https:\/\/www.europesays.com\/fr\/wp-json\/wp\/v2\/media?parent=197324"}],"wp:term":[{"taxonomy":"category","embeddable":true,"href":"https:\/\/www.europesays.com\/fr\/wp-json\/wp\/v2\/categories?post=197324"},{"taxonomy":"post_tag","embeddable":true,"href":"https:\/\/www.europesays.com\/fr\/wp-json\/wp\/v2\/tags?post=197324"}],"curies":[{"name":"wp","href":"https:\/\/api.w.org\/{rel}","templated":true}]}}