{"id":197326,"date":"2025-06-23T04:39:17","date_gmt":"2025-06-23T04:39:17","guid":{"rendered":"https:\/\/www.europesays.com\/fr\/197326\/"},"modified":"2025-06-23T04:39:17","modified_gmt":"2025-06-23T04:39:17","slug":"graspop-metal-meeting-2025-du-black-metal-polonais-qui-fait-peur-et-un-spliknot-decevant","status":"publish","type":"post","link":"https:\/\/www.europesays.com\/fr\/197326\/","title":{"rendered":"Graspop Metal Meeting 2025: du black metal polonais qui fait peur et un Spliknot d\u00e9cevant"},"content":{"rendered":"<p class=\"ap-StoryElement ap-StoryElement--mb js-paywall-target ap-StoryText\">Le groupe n&rsquo;a d&rsquo;ailleurs pas h\u00e9sit\u00e9, torches enflamm\u00e9es en main, \u00e0 se frayer un passage au milieu de la foule, pour s&rsquo;installer dans les cages situ\u00e9es sur le toit du deck qui accueille la table de mixage des concerts de la sc\u00e8ne principale au milieu de la plaine de Dessel. Un show majestueux durant lequel les Polonais ont pu d\u00e9montrer qu&rsquo;ils restaient les ma\u00eetres incontest\u00e9s du genre\u2026<\/p>\n<p>Slipknot en mode plan-plan<img loading=\"lazy\" decoding=\"async\" class=\"w-full lazyload lazyload--opacity object-contain\" style=\"aspect-ratio:150 \/ 100;opacity:1\" alt=\"Graspop 2025 Jour 2\" width=\"768\" height=\"512\" fetchpriority=\"auto\" src=\"https:\/\/www.europesays.com\/fr\/wp-content\/uploads\/2025\/06\/S5VKD3X55FFF3BW6V4SEHXNP7I.png\"  data- data-optimumx=\"1\"\/>Graspop 2025 Jour 2 \u00a9Paul Collin<\/p>\n<p class=\"ap-StoryElement ap-StoryElement--mb ap-StoryText\">Slipknot a pu en dire autant m\u00eame s&rsquo;il faut bien avouer, ses prestations se ressemblent les unes aux autres. Certes, les costumes ont chang\u00e9 et les d\u00e9cors aussi, avec une belle calandre d&rsquo;une \u00e9pave de Rolls Royce au milieu de la sc\u00e8ne. Il y a aussi du changement au niveau du line-up puisque Slipknot accueille d\u00e9sormais l&rsquo;ancien batteur br\u00e9silien de Sepultura Eloy Casagrande. Mais ce sont bien les seuls changements notables que les Am\u00e9ricains ont pu pr\u00e9senter m\u00eame s&rsquo;ils ont jou\u00e9 sur sc\u00e8ne \u00ab\u00a0Gemetria (The Killing Name)\u00a0\u00bb qui a \u00e9t\u00e9 jou\u00e9 pour la premi\u00e8re de ses neuf apparitions au Graspop depuis 2004.<\/p>\n<p><a href=\"https:\/\/www.moustique.be\/musique\/2025\/06\/20\/graspop-metal-meeting-2025-iron-maiden-en-folie-vampires-monstre-et-canicule-6M2FNS3SWBEI3HOL77A5IQ5CDM\/\" target=\"_blank\" rel=\"noopener noreferrer nofollow\" class=\"ap-StoryInterstitialLink ap-StoryElement ap-StoryElement--mb\">Graspop Metal Meeting 2025: Iron Maiden en folie<\/a><\/p>\n<p class=\"ap-StoryElement ap-StoryElement--mb ap-StoryText\">La formation de Corey Taylor a d&rsquo;ailleurs, \u00e0 nouveau, construit sa setlist autour de son premier album en jouant pas moins de 5 extraits de celui-ci alors que Clown a, \u00e0 nouveau, brill\u00e9 par son absence pour raisons familiales cette fois. La r\u00e9action du public a d&rsquo;ailleurs \u00e9t\u00e9 plus convenue et beaucoup moins spontan\u00e9e que les autres ann\u00e9es.<\/p>\n<p>Opeth et Falling In Reverse s&rsquo;imposent<img loading=\"lazy\" decoding=\"async\" class=\"w-full lazyload lazyload--opacity object-contain\" style=\"aspect-ratio:150 \/ 100;opacity:1\" alt=\"Graspop 2025 Jour 2\" width=\"768\" height=\"512\" fetchpriority=\"auto\" src=\"https:\/\/www.europesays.com\/fr\/wp-content\/uploads\/2025\/06\/S5VKD3X55FFF3BW6V4SEHXNP7I.png\"  data- data-optimumx=\"1\"\/>Graspop 2025 Jour 2 \u00a9Paul Collin<\/p>\n<p class=\"ap-StoryElement ap-StoryElement--mb ap-StoryText\">Les v\u00e9ritables attractions de cette deuxi\u00e8me journ\u00e9e se situaient ailleurs. Ainsi, au m\u00eame moment, les Su\u00e9dois d&rsquo;Opeth ont d\u00e9livr\u00e9 un set de toute beaut\u00e9 sous la tente du Marquee. Mikael Akerfeldt, pourtant peu loquace, s&rsquo;est m\u00eame fendu de quelques plaisanteries avec son auditoire. \u00ab\u00a0J&rsquo;\u00e9prouve toujours une certaine appr\u00e9hension lorsque nous commen\u00e7ons \u00e0 jouer &lsquo;\u00a7 1&rsquo; (extrait du dernier album The Last Will and Testament, NdlR.) car le morceau est tellement complexe que j&rsquo;ai peur de ne pas y arriver.\u00a0\u00bb<\/p>\n<p class=\"ap-StoryElement ap-StoryElement--mb ap-StoryText\">Le groupe a aussi jou\u00e9 l&rsquo;excellent \u00ab\u00a0Ghost of Perdition\u00a0\u00bb mais aussi \u00ab\u00a0In M&rsquo;y Time of Need\u00a0\u00bb. \u00ab\u00a0J&rsquo;esp\u00e8re n&rsquo;avoir pas oubli\u00e9 les paroles\u00a0\u00bb, a ajout\u00e9 le leader du groupe soutenu par le brillant guitariste Frederik Akesson qui est sans doute le plus sous-estim\u00e9 de la corporation\u2026<\/p>\n<p class=\"ap-StoryElement ap-StoryElement--mb ap-StoryText\">Falling In Reverse a aussi suscit\u00e9 un int\u00e9r\u00eat particulier et le public s&rsquo;est d\u00e9plac\u00e9 en masse pour assister au concert de ce groupe emmen\u00e9 par le tr\u00e8s controvers\u00e9 chanteur Ronnie Radke connu pour ses positions tranch\u00e9es, ses propos jug\u00e9s homophobes et condamn\u00e9 \u00e0 plusieurs reprises, dont une fois pour son implication dans la mort d&rsquo;un jeune homme.<\/p>\n<p class=\"ap-StoryElement ap-StoryElement--mb ap-StoryText\">Mais le personnage sulfureux, tout tatou\u00e9 de bleu pour effacer ses anciens tatouages, a exprim\u00e9 sa rage cette fois au travers de titres comme \u00ab\u00a0Watch The World Burn\u00a0\u00bb ou \u00ab\u00a0The Drug In Me Is You\u00a0\u00bb. Une prestation salu\u00e9e comme il se doit par le public qui aura appr\u00e9ci\u00e9 la mise en sc\u00e8ne diffus\u00e9e sur les \u00e9crans g\u00e9ants lorsqu&rsquo;accompagn\u00e9 de son nouveau bassiste, il a d\u00e9ambul\u00e9 dans les backstages du festival pour interpr\u00e9ter \u00ab\u00a0No Fear\u00a0\u00bb. Le groupa a d\u00e9montr\u00e9 qu&rsquo;il n&rsquo;usurperait pas sa place en t\u00eate d&rsquo;affiche \u00e0 l&rsquo;avenir\u2026<\/p>\n<p>Du sang et du sang<img loading=\"lazy\" decoding=\"async\" class=\"w-full lazyload lazyload--opacity object-contain\" style=\"aspect-ratio:150 \/ 100;opacity:1\" alt=\"Graspop 2025 Jour 2\" width=\"768\" height=\"512\" fetchpriority=\"auto\" src=\"https:\/\/www.europesays.com\/fr\/wp-content\/uploads\/2025\/06\/S5VKD3X55FFF3BW6V4SEHXNP7I.png\"  data- data-optimumx=\"1\"\/>Graspop 2025 Jour 2 \u00a9Paul Collin<\/p>\n<p class=\"ap-StoryElement ap-StoryElement--mb ap-StoryText\">Jerry Cantrell est aussi apparu en tr\u00e8s grande forme. L&rsquo;ancien compositeur d&rsquo;Alice In Chains a d&rsquo;ailleurs articul\u00e9 sa setlist autour des incontournables de son ancien groupe (\u00ab\u00a0Th\u00e8me Bones\u00a0\u00bb, \u00ab\u00a0Man In The Box\u00a0\u00bb, \u00ab\u00a0Down In The Hole\u00a0\u00bb, \u00ab\u00a0Would ?\u00a0\u00bb,\u00a0\u00bbIt Ain&rsquo;t Like That\u00a0\u00bb et \u00ab\u00a0Rooster\u00a0\u00bb) pour promouvoir la sortie de I Want Blood, son troisi\u00e8me et dernier album en date.<\/p>\n<p class=\"ap-StoryElement ap-StoryElement--mb ap-StoryText\">Tout le contraire de Myles Kennedy. Le chanteur guitariste d&rsquo;Alter Bridge et de Slash s&rsquo;est content\u00e9 de jouer son propre r\u00e9pertoire.<\/p>\n<p class=\"ap-StoryElement ap-StoryElement--mb ap-StoryText\">Une des curiosit\u00e9s du jour se nommait Blood Incantation qui est arriv\u00e9 avec un retard de 15 minutes sur sc\u00e8ne pour d\u00e9fendre son death metal progressif majestueux.<\/p>\n<p>Les divas du metal<img loading=\"lazy\" decoding=\"async\" class=\"w-full lazyload lazyload--opacity object-contain\" style=\"aspect-ratio:150 \/ 100;opacity:1\" alt=\"Graspop 2025 Jour 2\" width=\"768\" height=\"512\" fetchpriority=\"auto\" src=\"https:\/\/www.europesays.com\/fr\/wp-content\/uploads\/2025\/06\/S5VKD3X55FFF3BW6V4SEHXNP7I.png\"  data- data-optimumx=\"1\"\/>Graspop 2025 Jour 2 \u00a9Paul Collin<\/p>\n<p class=\"ap-StoryElement ap-StoryElement--mb ap-StoryText\">Au m\u00eame endroit un peu plus tard, les Eagles Of Death Metal ont eux aussi attir\u00e9 pas mal de monde au Marquee. Entour\u00e9 de musiciens de tourn\u00e9e, Jesse Hughes n&rsquo;a cess\u00e9 de complimenter son public en n&rsquo;h\u00e9sitant pas \u00e0 chanter devant la sc\u00e8ne au milieu du public en serrant les mains de ses nombreux fans. Un. Moment particuli\u00e8rement \u00e9mouvant quand on sait ce que le groupe a \u00e9prouv\u00e9 lors des attaques terroristes au Bataclan pendant son concert\u2026Si le metal \u00e9pique de Glory Hammer a bien chauff\u00e9 l&rsquo;ambiance du Graspop, on ne peut pas passer sous silence l&rsquo;incroyable prestation de Steve Harris et de Simon Dawson. Quatorze heures apr\u00e8s avoir cl\u00f4tur\u00e9 l&rsquo;affiche du premier jour du festival aux petites heures de la nuit avec Iron Maiden, les deux papys du rock se sont retrouv\u00e9s avec leur groupe British Lion sur la sc\u00e8ne principale du Graspop. Preuve que la musique aussi forte soit elle, peut maintenir la sant\u00e9\u2026<\/p>\n","protected":false},"excerpt":{"rendered":"Le groupe n&rsquo;a d&rsquo;ailleurs pas h\u00e9sit\u00e9, torches enflamm\u00e9es en main, \u00e0 se frayer un passage au milieu de&hellip;\n","protected":false},"author":2,"featured_media":197327,"comment_status":"","ping_status":"","sticky":false,"template":"","format":"standard","meta":{"footnotes":""},"categories":[1355],"tags":[7362,58,59,1011,27,1361,873,33707],"class_list":{"0":"post-197326","1":"post","2":"type-post","3":"status-publish","4":"format-standard","5":"has-post-thumbnail","7":"category-musique","8":"tag-beyonce","9":"tag-divertissement","10":"tag-entertainment","11":"tag-fr","12":"tag-france","13":"tag-music","14":"tag-musique","15":"tag-stade-roi-baudoin"},"share_on_mastodon":{"url":"https:\/\/pubeurope.com\/@fr\/114730838706314275","error":""},"_links":{"self":[{"href":"https:\/\/www.europesays.com\/fr\/wp-json\/wp\/v2\/posts\/197326","targetHints":{"allow":["GET"]}}],"collection":[{"href":"https:\/\/www.europesays.com\/fr\/wp-json\/wp\/v2\/posts"}],"about":[{"href":"https:\/\/www.europesays.com\/fr\/wp-json\/wp\/v2\/types\/post"}],"author":[{"embeddable":true,"href":"https:\/\/www.europesays.com\/fr\/wp-json\/wp\/v2\/users\/2"}],"replies":[{"embeddable":true,"href":"https:\/\/www.europesays.com\/fr\/wp-json\/wp\/v2\/comments?post=197326"}],"version-history":[{"count":0,"href":"https:\/\/www.europesays.com\/fr\/wp-json\/wp\/v2\/posts\/197326\/revisions"}],"wp:featuredmedia":[{"embeddable":true,"href":"https:\/\/www.europesays.com\/fr\/wp-json\/wp\/v2\/media\/197327"}],"wp:attachment":[{"href":"https:\/\/www.europesays.com\/fr\/wp-json\/wp\/v2\/media?parent=197326"}],"wp:term":[{"taxonomy":"category","embeddable":true,"href":"https:\/\/www.europesays.com\/fr\/wp-json\/wp\/v2\/categories?post=197326"},{"taxonomy":"post_tag","embeddable":true,"href":"https:\/\/www.europesays.com\/fr\/wp-json\/wp\/v2\/tags?post=197326"}],"curies":[{"name":"wp","href":"https:\/\/api.w.org\/{rel}","templated":true}]}}