{"id":197341,"date":"2025-06-23T04:49:10","date_gmt":"2025-06-23T04:49:10","guid":{"rendered":"https:\/\/www.europesays.com\/fr\/197341\/"},"modified":"2025-06-23T04:49:10","modified_gmt":"2025-06-23T04:49:10","slug":"saint-etienne-des-riverains-lancent-une-petition-pour-mettre-sous-cloche-la-rue-antoine-durafour-la-nuit","status":"publish","type":"post","link":"https:\/\/www.europesays.com\/fr\/197341\/","title":{"rendered":"Saint-\u00c9tienne. Des riverains lancent une p\u00e9tition pour \u00ab\u00a0mettre sous cloche\u00a0\u00bb la rue Antoine-Durafour la nuit"},"content":{"rendered":"<p>\u00ab\u00a0Nous demandons une tol\u00e9rance z\u00e9ro, la fermeture de l\u2019ensemble des commerces \u00e0 partir de 22 heures jusqu\u2019\u00e0 6 heures du matin. Nous m\u00e9ritons des nuits tranquilles\u00a0 des jours paisibles.\u00a0\u00bb<\/p>\n<p>La revendication est claire. Il y a quelques semaines, des riverains de la rue Durafour, \u00e0 Saint-\u00c9tienne, ont lanc\u00e9 une p\u00e9tition en ligne et cr\u00e9\u00e9 un collectif sur les r\u00e9seaux sociaux. Ils demandent la fermeture de tous les commerces, sans exception, pendant la nuit.<\/p>\n<p>\u00ab\u00a0Cette initiative est n\u00e9e de discussions avec les copropri\u00e9taires de mon immeuble, des commer\u00e7ants\u2026\u00a0\u00bb, rembobine L\u00e9o (pr\u00e9nom d\u2019emprunt). \u00ab\u00a0L\u2019objectif, c\u2019est de g\u00e9n\u00e9rer du bruit pour regrouper de plus en plus de monde, documenter ce qui se passe dans cette rue avec des photos, des vid\u00e9os, et faire changer les&#8230;<\/p>\n","protected":false},"excerpt":{"rendered":"\u00ab\u00a0Nous demandons une tol\u00e9rance z\u00e9ro, la fermeture de l\u2019ensemble des commerces \u00e0 partir de 22 heures jusqu\u2019\u00e0 6&hellip;\n","protected":false},"author":2,"featured_media":197342,"comment_status":"","ping_status":"","sticky":false,"template":"","format":"standard","meta":{"footnotes":""},"categories":[9653],"tags":[1111,11,2430,271,272,7539,1777,674,274,107,1011,27,3367,12,25,4001,7538,104],"class_list":{"0":"post-197341","1":"post","2":"type-post","3":"status-publish","4":"format-standard","5":"has-post-thumbnail","7":"category-saint-etienne","8":"tag-actu","9":"tag-actualites","10":"tag-auvergne-rhone-alpes","11":"tag-crime","12":"tag-delit-et-contravention","13":"tag-edition-loire-sud","14":"tag-eu","15":"tag-europe","16":"tag-faits-divers-justice","17":"tag-fil-info","18":"tag-fr","19":"tag-france","20":"tag-loire","21":"tag-news","22":"tag-republique-francaise","23":"tag-saint-etienne","24":"tag-saint-etienne-ville","25":"tag-societe"},"share_on_mastodon":{"url":"https:\/\/pubeurope.com\/@fr\/114730877851087681","error":""},"_links":{"self":[{"href":"https:\/\/www.europesays.com\/fr\/wp-json\/wp\/v2\/posts\/197341","targetHints":{"allow":["GET"]}}],"collection":[{"href":"https:\/\/www.europesays.com\/fr\/wp-json\/wp\/v2\/posts"}],"about":[{"href":"https:\/\/www.europesays.com\/fr\/wp-json\/wp\/v2\/types\/post"}],"author":[{"embeddable":true,"href":"https:\/\/www.europesays.com\/fr\/wp-json\/wp\/v2\/users\/2"}],"replies":[{"embeddable":true,"href":"https:\/\/www.europesays.com\/fr\/wp-json\/wp\/v2\/comments?post=197341"}],"version-history":[{"count":0,"href":"https:\/\/www.europesays.com\/fr\/wp-json\/wp\/v2\/posts\/197341\/revisions"}],"wp:featuredmedia":[{"embeddable":true,"href":"https:\/\/www.europesays.com\/fr\/wp-json\/wp\/v2\/media\/197342"}],"wp:attachment":[{"href":"https:\/\/www.europesays.com\/fr\/wp-json\/wp\/v2\/media?parent=197341"}],"wp:term":[{"taxonomy":"category","embeddable":true,"href":"https:\/\/www.europesays.com\/fr\/wp-json\/wp\/v2\/categories?post=197341"},{"taxonomy":"post_tag","embeddable":true,"href":"https:\/\/www.europesays.com\/fr\/wp-json\/wp\/v2\/tags?post=197341"}],"curies":[{"name":"wp","href":"https:\/\/api.w.org\/{rel}","templated":true}]}}