{"id":197357,"date":"2025-06-23T04:58:11","date_gmt":"2025-06-23T04:58:11","guid":{"rendered":"https:\/\/www.europesays.com\/fr\/197357\/"},"modified":"2025-06-23T04:58:11","modified_gmt":"2025-06-23T04:58:11","slug":"javais-peur-quils-me-jettent-a-la-rue","status":"publish","type":"post","link":"https:\/\/www.europesays.com\/fr\/197357\/","title":{"rendered":"\u00ab\u2009J&rsquo;avais peur qu&rsquo;ils me jettent \u00e0 la rue\u2009\u00bb"},"content":{"rendered":"<p>            Par<br \/>\n        <strong><br \/>\n            <a href=\"https:\/\/actu.fr\/auteur\/yann-rivallan\" title=\"Consulter tous les articles de Yann Rivallan\" rel=\"nofollow noopener\" target=\"_blank\">Yann Rivallan<\/a><br \/>\n        <\/strong><\/p>\n<p>        Publi\u00e9 le<\/p>\n<p>            23 juin 2025 \u00e0 6h47        <\/p>\n<p>Il est incapable de prononcer des mots. Mais dans sa gestuelle, on ressent ais\u00e9ment toute la d\u00e9tresse d\u2019Hassan, <strong>sourd de naissance<\/strong>. Avec l\u2019aide d\u2019une interpr\u00e8te en langue des signes, ce Marocain arriv\u00e9 en France en 2016 nous raconte l\u2019horreur du <strong>foyer de l\u2019Abb\u00e9 Bazire<\/strong> g\u00e9r\u00e9 par <strong>\u00c9mergence-s<\/strong> \u00e0 <a href=\"https:\/\/actu.fr\/normandie\/rouen_76540\" rel=\"nofollow noopener\" target=\"_blank\">Rouen<\/a>, o\u00f9 il dit avoir \u00e9t\u00e9 viol\u00e9, agress\u00e9 et exploit\u00e9 pendant plus d\u2019un an.<\/p>\n<p>Travail \u00ab\u2009du matin au soir, sans interruption\u2009\u00bb<\/p>\n<p class=\" wall-content\">Aux c\u00f4t\u00e9s de son ami Youssef, il revient p\u00e9niblement sur son passage dans ce <strong>foyer d\u2019accueil<\/strong>, aussi appel\u00e9 Centre d\u2019h\u00e9bergement et de r\u00e9insertion sociale (CHRS) dans le jargon.<\/p>\n<p class=\" wall-content\">C\u2019est <strong>en janvier\u00a02022<\/strong> qu\u2019Hassan est admis \u00e0 l\u2019Abb\u00e9 Bazire. Un \u00e9tablissement g\u00e9r\u00e9 par <strong>l\u2019association Emergence-s<\/strong> et dont il ne conna\u00eet rien \u00e0 l\u2019\u00e9poque. L\u00e0, en plus de son h\u00e9bergement, il signe un contrat de travail dit d\u2019insertion. En clair, il est cens\u00e9 recevoir un petit salaire pour <a href=\"https:\/\/actu.fr\/normandie\/rouen_76540\/tout-le-monde-est-depite-la-plus-grande-asso-de-rouen-semble-au-bord-du-naufrage_62306634.html\" rel=\"nofollow noopener\" target=\"_blank\">diverses t\u00e2ches m\u00e9nag\u00e8res au sein du foyer<\/a>.<\/p>\n<p class=\" wall-content\">D\u2019apr\u00e8s lui, <strong>il travaillait \u00ab\u2009du matin au soir<\/strong>, sans interruption ou presque\u2009\u00bb. Il dit m\u00eame avoir travaill\u00e9 le samedi et le dimanche. C\u2019est simple\u2009: \u00ab\u2009D\u00e8s que j\u2019avais fini une t\u00e2che, on m\u2019en donnait une autre\u2009\u00bb, raconte-t-il par le biais de son interpr\u00e8te.<\/p>\n<p>Deux viols en fin d\u2019ann\u00e9e 2023<\/p>\n<p class=\" wall-content\">Mais le pire est \u00e0 venir. En octobre\u00a02023, le natif du Maroc explique avoir \u00e9t\u00e9 <strong>victime de viol dans sa chambre<\/strong>. Un r\u00e9sident serait entr\u00e9 en pleine nuit et lui aurait impos\u00e9 une fellation alors qu\u2019il dormait.<\/p>\n<p class=\" wall-content\">\u00c0 peine un mois plus tard, en novembre, Hassan est cette fois <strong>viol\u00e9 pendant qu\u2019il prend sa douche<\/strong>. Selon son r\u00e9cit, un homme serait entr\u00e9 dans la cabine o\u00f9 il se trouvait un soir, aux alentours de 22 heures. Il l\u2019aurait menac\u00e9 avec un couteau avant de passer \u00e0 l\u2019acte.<\/p>\n<p class=\" wall-content\">Le r\u00e9sident aurait, \u00e0 chaque fois, \u00ab\u2009donn\u00e9 l\u2019alerte aux \u00e9ducateurs\u2009\u00bb, rapporte son interpr\u00e8te. Mais rien ne s\u2019est pass\u00e9. D\u2019autant que selon lui, son handicap rendait ses \u00e9changes difficiles avec le personnel d\u2019Emergence-s ou les autres r\u00e9sidents du foyer.<\/p>\n<p>Des agressions r\u00e9p\u00e9t\u00e9es<\/p>\n<p class=\" wall-content\">Pendant plusieurs jours apr\u00e8s sa deuxi\u00e8me agression, Hassan aurait <strong>dormi dans le self du foyer<\/strong>, par peur de se faire de nouveau agresser. Dans les mois qui ont suivi, il aurait \u00e9t\u00e9 confront\u00e9 \u00e0 diverses agressions sexuelles. \u00ab\u2009On lui touchait les fesses, des r\u00e9sidents s\u2019exhibaient devant lui ou lui faisaient des propositions de nature sexuelle\u2009\u00bb, liste son interpr\u00e8te. Malgr\u00e9 \u00e7a, Hassan est rest\u00e9 pr\u00e8s d\u2019un an dans le foyer.<\/p>\n<blockquote class=\"ac-article-quote wall-content\">\n<p>J&rsquo;avais peur qu&rsquo;ils me jettent \u00e0 la rue.<\/p>\n<p>    <strong>Hassan<\/strong><br \/>\n        Victime de viols \u00e0 l&rsquo;Abb\u00e9 Bazire    <\/p><\/blockquote>\n<p class=\" wall-content\">En d\u00e9cembre\u00a02024, son ami Youssef \u2014 sourd \u00e9galement \u2014 a donn\u00e9 l\u2019alerte \u00e0 Signes Moi, une association sp\u00e9cialis\u00e9e dans l\u2019accompagnement des personnes sourdes et malentendantes \u00e0 Rouen, apr\u00e8s avoir vu l\u2019\u00e9tat d\u2019Hassan se d\u00e9t\u00e9riorer au fil des mois\u2009: \u00ab\u2009Je voyais bien qu\u2019il n\u2019\u00e9tait pas comme d\u2019habitude.\u2009\u00bb Gr\u00e2ce \u00e0 eux, il a pu \u00eatre <strong>relog\u00e9 en urgence<\/strong>.<\/p>\n<p>Enqu\u00eate ouverte pour des faits de viol<\/p>\n<p class=\" wall-content\">C\u2019est durant ce mois de d\u00e9cembre\u00a02024 que le sourd d\u2019origine marocaine a d\u00e9voil\u00e9 son calvaire. Dans la foul\u00e9e, au mois de janvier\u00a02025, Signes Moi saisi le procureur de la R\u00e9publique de Rouen. En f\u00e9vrier, Hassan est auditionn\u00e9 puis re\u00e7u par un m\u00e9decin du Centre d\u2019accueil sp\u00e9cialis\u00e9 pour les agressions (Casa) au CHU de Rouen pour \u00eatre examin\u00e9.<\/p>\n<p class=\" wall-content\">Suite \u00e0 l\u2019audition, Hassan d\u00e9pose officiellement plainte et <strong>une enqu\u00eate est ouverte<\/strong> pour faire la lumi\u00e8re sur ces agressions. Au passage, il transmet un avis de passage \u00e0 la clinique Saint-Antoine de Bois-Guillaume, o\u00f9 il s\u2019est rendu par ses propres moyens le jour de son deuxi\u00e8me viol, en novembre\u00a02023.<\/p>\n<p class=\" wall-content\">Selon cet avis, que 76actu a pu consulter, des soins lui ont \u00e9t\u00e9 prescrits pour une d\u00e9chirure anale.<\/p>\n<p>Non-assistance \u00e0 personne en danger et travail dissimul\u00e9<\/p>\n<p class=\" wall-content\">En plus de cette plainte pour viols et agressions sexuelles, l\u2019association Signes Moi a d\u00e9cid\u00e9 de poursuivre Emergence-s, l\u2019association en charge du foyer de l\u2019Abb\u00e9 Bazire, <strong>pour non-assistance \u00e0 personne en danger et travail dissimul\u00e9<\/strong>.<\/p>\n<p>    <img   decoding=\"async\" loading=\"lazy\" src=\"https:\/\/www.europesays.com\/fr\/wp-content\/uploads\/2025\/06\/emergences-rouen-960x640.jpg\" alt=\"Emergence-s, plus grosse association de Rouen et qui s'occupe du foyer de l'Abb\u00e9 Bazire, est en redressement judiciaire depuis plusieurs mois.\" width=\"960\" height=\"640\"\/><br \/>\n    Emergence-s, plus grosse association de Rouen et qui s\u2019occupe du foyer de l\u2019Abb\u00e9 Bazire, est en redressement judiciaire depuis plusieurs mois. (\u00a9TR\/76actu\/Archives)<\/p>\n<p class=\" wall-content\">L\u2019association d\u2019accompagnement des personnes sourdes et malentendantes reproche tout d\u2019abord <strong>l\u2019absence totale de prise en charge<\/strong> d\u2019Hassan lors de ses signalements d\u2019agressions aux \u00e9ducateurs.<\/p>\n<p class=\" wall-content\">Sur le volet du travail dissimul\u00e9, c\u2019est clairement le contrat de travail d\u2019insertion qui pose probl\u00e8me. Selon <strong>Lola Leguest<\/strong>, repr\u00e9sentante de l\u2019association, \u00ab\u2009l\u2019Urssaf n\u2019a pas \u00e9t\u00e9 en mesure de retrouver <strong>un quelconque contrat de travail<\/strong> au nom d\u2019Hassan\u2009\u00bb. Et d\u2019apr\u00e8s les t\u00e9moignages recueillis, il n\u2019aurait tr\u00e8s souvent pas re\u00e7u l\u2019enti\u00e8ret\u00e9 de son maigre salaire\u2009: \u00ab\u2009Il nous a dit qu\u2019on lui donnait souvent 50\u00a0euros en liquide au lieu des 200 pr\u00e9vus \u00e0 cause d\u2019un manque d\u2019argent\u2009\u00bb, poursuit la b\u00e9n\u00e9vole.<\/p>\n<p>Le pr\u00e9sident d\u2019Emergence-s r\u00e9pond<\/p>\n<p class=\" wall-content\">Sollicit\u00e9 sur ces<strong> trois plaintes<\/strong>, le pr\u00e9sident de l\u2019association Emergence-s Fran\u00e7ois Basset nous indique\u2009: \u00ab\u2009Nous ne trouvons trace<strong> d\u2019aucun r\u00e9sident<\/strong> ou personne accompagn\u00e9e sous le nom mentionn\u00e9.\u2009\u00bb De plus, le pr\u00e9sident de l\u2019association dit n\u2019avoir re\u00e7u \u00ab\u2009aucune notification officielle ou administrative nous informant d\u2019<strong>une quelconque situation<\/strong> en lien avec ce nom.\u2009\u00bb<\/p>\n<p class=\" wall-content\">Pourtant, le parquet de Rouen nous confirme qu\u2019<strong>une enqu\u00eate est toujours en cours<\/strong> pour retrouver les agresseurs.<\/p>\n<p class=\" wall-content\">Aujourd\u2019hui, Hassan se reconstruit doucement. Il est toujours h\u00e9berg\u00e9 par Signes Moi et b\u00e9n\u00e9ficie de soins et d\u2019un soutien psychologique. Malgr\u00e9 un environnement plus stable, il a fait \u00ab\u2009une tentative de suicide en novembre\u2009\u00bb, indique Lola Leguest.<\/p>\n<p class=\" wall-content\">\u00ab\u2009Il reprend du poil de la b\u00eate\u2009\u00bb, poursuit-elle. L\u2019association <strong>l\u2019accompagne dans ses demandes<\/strong> de r\u00e9gularisation et dans les d\u00e9marches pour b\u00e9n\u00e9ficier d\u2019une allocation aux adultes handicap\u00e9s.<\/p>\n<p class=\" wall-content\">Mais Youssef, l\u2019ami de Hassan, est toujours remont\u00e9\u2009: \u00ab\u2009Comment est-ce possible que de tels actes existent encore en 2025\u2009?\u2009\u00bb \u00ab\u2009Visiblement, nous ne sommes pas tous \u00e9gaux, dit-il par le biais de son interpr\u00e8te en langue des signes. Ils l\u2019ont d\u00e9truit.\u2009\u00bb<\/p>\n<p>Suivez l\u2019actualit\u00e9 de Rouen sur <a href=\"https:\/\/www.whatsapp.com\/channel\/0029VaKfnf99hXF2ddApFB1D\" rel=\"nofollow noopener\" target=\"_blank\">notre cha\u00eene WhatsApp<\/a> et sur <a href=\"https:\/\/www.tiktok.com\/@76actu.fr?lang=fr\" rel=\"nofollow noopener\" target=\"_blank\">notre compte TikTok<\/a><\/p>\n<p class=\" wall-content\">Suivez toute l\u2019actualit\u00e9 de vos villes et m\u00e9dias favoris en vous inscrivant \u00e0 <a href=\"https:\/\/moncompte.actu.fr\" title=\"D\u00e9couvez Mon Actu\" rel=\"nofollow noopener\" data-trk=\"{&quot;cta&quot;:{&quot;action&quot;:&quot;https:\\\/\\\/moncompte.actu.fr&quot;,&quot;category&quot;:&quot;mon compte&quot;,&quot;from&quot;:&quot;article footer&quot;,&quot;name&quot;:&quot;Mon actu&quot;,&quot;type&quot;:&quot;cta&quot;}}\" target=\"_blank\">Mon Actu<\/a>.<\/p>\n<p>                    <script async src=\"\/\/www.tiktok.com\/embed.js\"><\/script><\/p>\n","protected":false},"excerpt":{"rendered":"Par Yann Rivallan Publi\u00e9 le 23 juin 2025 \u00e0 6h47 Il est incapable de prononcer des mots. Mais&hellip;\n","protected":false},"author":2,"featured_media":197358,"comment_status":"","ping_status":"","sticky":false,"template":"","format":"standard","meta":{"footnotes":""},"categories":[9587],"tags":[1111,11,1777,674,118,1011,27,1943,303,12,5161,25,9590,799],"class_list":{"0":"post-197357","1":"post","2":"type-post","3":"status-publish","4":"format-standard","5":"has-post-thumbnail","7":"category-rouen","8":"tag-actu","9":"tag-actualites","10":"tag-eu","11":"tag-europe","12":"tag-faits-divers","13":"tag-fr","14":"tag-france","15":"tag-handicap","16":"tag-justice","17":"tag-news","18":"tag-normandie","19":"tag-republique-francaise","20":"tag-rouen","21":"tag-violences-sexuelles"},"share_on_mastodon":{"url":"https:\/\/pubeurope.com\/@fr\/114730914240015238","error":""},"_links":{"self":[{"href":"https:\/\/www.europesays.com\/fr\/wp-json\/wp\/v2\/posts\/197357","targetHints":{"allow":["GET"]}}],"collection":[{"href":"https:\/\/www.europesays.com\/fr\/wp-json\/wp\/v2\/posts"}],"about":[{"href":"https:\/\/www.europesays.com\/fr\/wp-json\/wp\/v2\/types\/post"}],"author":[{"embeddable":true,"href":"https:\/\/www.europesays.com\/fr\/wp-json\/wp\/v2\/users\/2"}],"replies":[{"embeddable":true,"href":"https:\/\/www.europesays.com\/fr\/wp-json\/wp\/v2\/comments?post=197357"}],"version-history":[{"count":0,"href":"https:\/\/www.europesays.com\/fr\/wp-json\/wp\/v2\/posts\/197357\/revisions"}],"wp:featuredmedia":[{"embeddable":true,"href":"https:\/\/www.europesays.com\/fr\/wp-json\/wp\/v2\/media\/197358"}],"wp:attachment":[{"href":"https:\/\/www.europesays.com\/fr\/wp-json\/wp\/v2\/media?parent=197357"}],"wp:term":[{"taxonomy":"category","embeddable":true,"href":"https:\/\/www.europesays.com\/fr\/wp-json\/wp\/v2\/categories?post=197357"},{"taxonomy":"post_tag","embeddable":true,"href":"https:\/\/www.europesays.com\/fr\/wp-json\/wp\/v2\/tags?post=197357"}],"curies":[{"name":"wp","href":"https:\/\/api.w.org\/{rel}","templated":true}]}}