{"id":197359,"date":"2025-06-23T04:59:33","date_gmt":"2025-06-23T04:59:33","guid":{"rendered":"https:\/\/www.europesays.com\/fr\/197359\/"},"modified":"2025-06-23T04:59:33","modified_gmt":"2025-06-23T04:59:33","slug":"tram-paralyse-quartiers-et-commerces-en-colere-les-elus-sortants-trompent","status":"publish","type":"post","link":"https:\/\/www.europesays.com\/fr\/197359\/","title":{"rendered":"TRAM PARALYS\u00c9, QUARTIERS et COMMERCES EN COL\u00c9RE: LES \u00c9LUS SORTANTS TROMPENT"},"content":{"rendered":"<p>Posted On 23 juin 2025 <\/p>\n<p>Pendant deux jours, en pleine f\u00eate de la musique ou les Trams sont essentiels \u00e0 l&rsquo;acc\u00e8s et \u00e0 la s\u00e9curit\u00e9 pour des jeunes parfois alcoolis\u00e9s, ce moyen de transport a \u00e9t\u00e9 paralys\u00e9 par une gr\u00e8ve. La coalition d&rsquo;\u00e9lus Verts\/LFI\/PS\/PC qui dirige la M\u00e9tropole n&rsquo;a pas \u00e9t\u00e9 capable de g\u00e9rer une dialogue syndical pour l&#8217;emp\u00eacher. Eux qui donnent toute l&rsquo;ann\u00e9e des le\u00e7ons au patronat. D&rsquo;autant plus \u00e9tonnant que Jean-Paul Trovero, le pr\u00e9sident de M&rsquo;Tag est aussi Pr\u00e9sident du groupe communiste \u00e0 la M\u00e9tro !\u00a0<\/p>\n<p>Dans le Dauphin\u00e9 (22\/6\/25) il d\u00e9fendait le point de vue des \u00e9lus selon lequel \u201cle mod\u00e8le \u00e9conomique retenu exige des efforts d\u2019adaptation, que nul ne nie. Il refl\u00e8te une volont\u00e9 politique forte et partag\u00e9e des actionnaires Smmag et M\u00e9tropole\u00a0: assurer la p\u00e9rennit\u00e9 d\u2019un service public de qualit\u00e9, \u00e9quitablement r\u00e9parti sur l\u2019ensemble du p\u00e9rim\u00e8tre de M Reso, tout en ma\u00eetrisant l\u2019utilisation des ressources publiques\u201d.<\/p>\n<p><a href=\"https:\/\/i2.wp.com\/grenoble-le-changement.fr\/wp-content\/uploads\/2025\/06\/508534791_1026959512956355_7299544641567857223_n.jpg?ssl=1\" rel=\"lightbox[82763] noopener\" target=\"_blank\"><img decoding=\"async\" data-id=\"82765\" src=\"https:\/\/i2.wp.com\/grenoble-le-changement.fr\/wp-content\/uploads\/2025\/06\/508534791_1026959512956355_7299544641567857223_n.jpg?resize=473%2C1024&amp;ssl=1\" alt=\"\" class=\"wp-image-82765 jetpack-lazy-image\" data-recalc-dims=\"1\" data-lazy-src=\"https:\/\/www.europesays.com\/fr\/wp-content\/uploads\/2025\/06\/508534791_1026959512956355_7299544641567857223_n.jpg\" \/><\/a><\/p>\n<p><a href=\"https:\/\/i1.wp.com\/grenoble-le-changement.fr\/wp-content\/uploads\/2025\/06\/Capture-de\u0301cran-2025-06-22-a\u0300-10.32.54.png?ssl=1\" rel=\"lightbox[82763] noopener\" target=\"_blank\"><img decoding=\"async\" data-id=\"82764\" src=\"https:\/\/i1.wp.com\/grenoble-le-changement.fr\/wp-content\/uploads\/2025\/06\/Capture-de\u0301cran-2025-06-22-a\u0300-10.32.54.png?w=678&amp;ssl=1\" alt=\"\" class=\"wp-image-82764 jetpack-lazy-image\" data-recalc-dims=\"1\" data-lazy-src=\"https:\/\/i1.wp.com\/grenoble-le-changement.fr\/wp-content\/uploads\/2025\/06\/Capture-de\u0301cran-2025-06-22-a\u0300-10.32.54.png?w=678&amp;is-pending-load=1#038;ssl=1\" \/><\/a><br \/>\nPendant que Jean-Paul Trovero, Pr\u00e9sident (PCF) de la Tag expliquait qu&rsquo;on ne peut pas faire autrement ,ses alli\u00e9s pour les municipales, Allan Brunon (LFI) chef de file LFI \u00e0 Grenoble et Pierre Bejjaji ( Verts) \u00e0 droite faisaient semblant de soutenir les gr\u00e9vistes&#8230;.<\/p>\n<p><strong>LES VICE-PR\u00c9SIDENTS VERTS\/LFI DE LA M\u00c9TROPOLE SOUTIENNENT TROV\u00c9RO ( PCF)<\/strong><\/p>\n<p>Pendant qu&rsquo;il expliquait \u00e7a &#8211; on rappelle que la M\u00e9tropole ce sont des Vice-Pr\u00e9sidents Verts et LFI qui gouvernent &#8211;\u00a0<a href=\"https:\/\/grenoble-le-changement.fr\/2025\/06\/11\/lfi-met-la-pression-sur-l-ruffin-la-candidate-pour-succeder-a-piolle\/\" target=\"_blank\" rel=\"noopener\"> Allan Brunon (LFI)<\/a> et Pierre Bejjaji ( Verts) , eux, faisaient semblant de soutenir les gr\u00e9vistes. Aucun des deux d&rsquo;ailleurs ne leur a dit ou ils prendraient l&rsquo;argent pour satisfaire leurs revendications, sachant qu&rsquo;ils ne le feraient pas.\u00a0<\/p>\n<p><strong>N.B\u00c9RON-PEREZ ( PCF) RECONDUIT L&rsquo;ALLIANCE PCF\/VERTS\/LFI POUR CONTINUER<\/strong><\/p>\n<p>Pendant ce temps leur coll\u00e8gue et alli\u00e9 Nicolas Beron-Perez ( PCF) <a href=\"https:\/\/grenoble-le-changement.fr\/2025\/06\/22\/les-piollistes-entament-les-combines-dappareil-autour-de-laurence-ruffin\/\" target=\"_blank\" rel=\"noopener\">reconduisait \u00e0 Grenoble l&rsquo;alliance Verts\/LFI\/PCF pour continuer avec Laurence Ruffin<\/a> ,la candidate de Piolle la politique conduite jusque l\u00e0.\u00a0 En y associant m\u00eame le PS!\u00a0<\/p>\n<p>En tout cas m\u00eame la CGT a jug\u00e9 dans un communiqu\u00e9 que \u00a0\u00bb Ancien CGTiste et acteur engag\u00e9 de nombreuses luttes syndicales, M. Trovero semble aujourd\u2019hui s\u2019\u00e9loigner des valeurs qu\u2019il a jadis d\u00e9fendues. \u00a0\u00bb . La CGT tient \u00e0\u00a0 \u00a0\u00bb se d\u00e9solidariser de son discours\u00a0\u00bb.<\/p>\n<p><strong>ILS AVAIENT PROMIS LA GRATUIT\u00c9 DES TRANSPORTS\u00a0 AUX 18\/25 ANS<\/strong><\/p>\n<p>Les \u00e9lus Rouge\/Verts eux m\u00eames n&rsquo;avaient ils pas promis en 2014 la gratuit\u00e9 des transports pour les 18\/25 ans qu&rsquo;ils n&rsquo;ont jamais tenu? Ils trichent, trompent sciemment les citoyens et les salari\u00e9s, conscients qu&rsquo;ils ne feront rien de ce qu&rsquo;ils promettent comme le prouvent Jean-Paul Trovero pour les transports en communs ,ou un Pierre M\u00e9riaux ( Verts\/LFI), ex inspecteur du travail anti-patron, actuel Adjoint au personnel \u00e0 Grenoble , une ville ou jamais autant d&rsquo;actions judiciaires n&rsquo;auront \u00e9t\u00e9 conduites contre des agents.<\/p>\n<p>\u00a0<\/p>\n<p><a href=\"https:\/\/i0.wp.com\/grenoble-le-changement.fr\/wp-content\/uploads\/2025\/06\/Capture-de\u0301cran-2025-06-22-a\u0300-10.45.23.png?ssl=1\" rel=\"lightbox[82763] noopener\" target=\"_blank\"><img decoding=\"async\" data-id=\"82766\" src=\"https:\/\/i0.wp.com\/grenoble-le-changement.fr\/wp-content\/uploads\/2025\/06\/Capture-de\u0301cran-2025-06-22-a\u0300-10.45.23.png?resize=678%2C129&amp;ssl=1\" alt=\"\" class=\"wp-image-82766 jetpack-lazy-image\" data-recalc-dims=\"1\" data-lazy-src=\"https:\/\/i0.wp.com\/grenoble-le-changement.fr\/wp-content\/uploads\/2025\/06\/Capture-de\u0301cran-2025-06-22-a\u0300-10.45.23.png?resize=678%2C129&amp;is-pending-load=1#038;ssl=1\" \/><\/a><br \/>\nJean-Benoit VIgny  ( DL du 22\/6\/25) ne pose cette question que pour qui s&rsquo;oppose \u00e0 la municipalit\u00e9 <\/p>\n<p><strong>LA POLITISATION DES PROCHES DE LA MUNICIPALIT\u00c9 JAMAIS QUESTIONN\u00c9E<\/strong><\/p>\n<p>Les cons\u00e9quences d&rsquo;une gr\u00e8ve comme celle de M&rsquo;Tag n&rsquo;ont jamais \u00e9t\u00e9 abord\u00e9es et l&rsquo;\u00e9ventuelle proximit\u00e9 de tel ou tel syndicat avec LFI ou les Verts jamais questionn\u00e9s. A Grenoble <a href=\"https:\/\/grenoble-le-changement.fr\/2025\/06\/19\/alternatiba-la-fraude-ecolo-politique-a-grenoble\/\" target=\"_blank\" rel=\"noopener\">quand Alternatiba , une officine des Verts,<\/a> rend son verdict favorable aux municipalit\u00e9s amies , \u00ab\u00a0le Dauphin\u00e9\u00a0\u00bb note son orientation \u00ab\u00a0\u00e0 gauche\u00a0\u00bb,\u00a0 mais il n&rsquo;y a pas une demi page pour savoir si elle est\u00a0\u00bb politis\u00e9e\u00a0\u00bb. Avec enqu\u00eate pour v\u00e9rifier que Fabienne Mahrez, son animatrice a \u00e9t\u00e9 candidate des Verts et qu&rsquo;on la retrouve dans la soci\u00e9t\u00e9 Energy Citoyenne qui installe les panneaux photovolta\u00efques sur les \u00e9difices publics, une association log\u00e9e par la municipalit\u00e9.\u00a0 <a href=\"https:\/\/grenoble-le-changement.fr\/2023\/04\/30\/qui-se-cache-derriere-le-dal38\/\" target=\"_blank\" rel=\"noopener\">Rien sur le DAL, otage du NPA<\/a>, rien sur Extinction Rebellion, Scientifiques en Rebellion, <a href=\"https:\/\/grenoble-le-changement.fr\/2022\/03\/21\/38-dalembert-b-boer-et-c-chappet-attaquent-le-bail\/\" target=\"_blank\" rel=\"noopener\">le 38 rue d&rsquo;Alembert&#8230;.\u00a0\u00a0<\/a><\/p>\n<p><strong>LES COLLECTIFS DE COMMERCANTS ET DE CITOYENS DOIVENT SE JUSTIFIER<\/strong><\/p>\n<p>A Grenoble ou pullulent les collectifs manipul\u00e9s par l&rsquo;extr\u00eame gauche , jamais l&rsquo;interrogation de savoir s&rsquo;ils sont \u00ab\u00a0politis\u00e9s\u00a0\u00bb ou \u00a0\u00bb qui se cache derri\u00e8re\u00a0\u00bb n&rsquo;est pos\u00e9e.\u00a0<\/p>\n<p>Tandis que manifestants demain, les collectifs de commer\u00e7ants et de citoyens m\u00e9contents de la municipalit\u00e9 doivent passer la moiti\u00e9 de leur temps de parole \u00e0 se justifier dans le Dauphin\u00e9 ( 22\/6\/25). Cette moiti\u00e9 qui leur retire la possibilit\u00e9 de mieux expliquer leurs revendications , cette moiti\u00e9 qui jette le doute sur leur sinc\u00e9rit\u00e9.\u00a0<\/p>\n<p><strong>MANIFESTER CONTRE LA MUNICIPALIT\u00c9 C&rsquo;EST UNE NOUVELLE PRISE du CAPITOLE&#8230;<\/strong><\/p>\n<p>Car les \u00e9lus Rouge\/Verts <a href=\"https:\/\/grenoble-le-changement.fr\/2025\/05\/25\/municipales-les-piollistes-se-vautrent-dans-lhypocrisie-et-loutrance\/\" target=\"_blank\" rel=\"noopener\">trichent de plusieurs mani\u00e8res<\/a>. Dans les transports publics ils trompent les salari\u00e9s. Avec les commer\u00e7ants et les quartiers qu&rsquo;ils ne peuvent contr\u00f4ler il s&rsquo;agit de les disqualifier. Voila que Bernard Mure-Ravaud, fromager de la rue de Strasbourg qui est pass\u00e9 devant la police municipale pour entrer dans le hall de l&rsquo;h\u00f4tel de ville devient une sorte de Trump et qu&rsquo;on a assist\u00e9 \u00e0 un nouvelle prise du Capitole !\u00a0 Pensez donc!\u00a0 il y avait des fumig\u00e8nes dans le parc Paul Mistral. On n&rsquo;en a jamais vu?\u00a0<\/p>\n<p><a href=\"https:\/\/i2.wp.com\/grenoble-le-changement.fr\/wp-content\/uploads\/2025\/06\/Capture-de\u0301cran-2025-06-22-a\u0300-11.09.31.png?ssl=1\" rel=\"lightbox[82763] noopener\" target=\"_blank\"><img decoding=\"async\" data-id=\"82767\" src=\"https:\/\/i2.wp.com\/grenoble-le-changement.fr\/wp-content\/uploads\/2025\/06\/Capture-de\u0301cran-2025-06-22-a\u0300-11.09.31.png?resize=678%2C383&amp;ssl=1\" alt=\"\" class=\"wp-image-82767 jetpack-lazy-image\" data-recalc-dims=\"1\" data-lazy-src=\"https:\/\/i2.wp.com\/grenoble-le-changement.fr\/wp-content\/uploads\/2025\/06\/Capture-de\u0301cran-2025-06-22-a\u0300-11.09.31.png?resize=678%2C383&amp;is-pending-load=1#038;ssl=1\" \/><\/a><br \/>\nPour le \u00a0\u00bb Dauphin\u00e9\u00a0\u00bb il ne peut pas exister de contestation de la municipalit\u00e9 sans manipulation <\/p>\n<p><strong>LA VILLE PORTE PLAINTE CONTRE LES MANIFESTANTS QUI LUI D\u00c9PLAISENT<\/strong><\/p>\n<p>C&rsquo;est d&rsquo;ailleurs ce que la municipalit\u00e9 dit :\u00a0 \u00ab\u00a0La Ville confirme avoir bien port\u00e9 plainte \u00e0 la suite du dernier conseil municipal o\u00f9 les opposants ont forc\u00e9 le passage, frapp\u00e9 sur les cloisons du conseil, lanc\u00e9 des fumig\u00e8nes dont les fum\u00e9es sont entr\u00e9es dans la salle, menac\u00e9 des personnes et bless\u00e9 deux policiers municipaux. Deux agents de la Ville de Grenoble ont \u00e9galement port\u00e9 plainte contre un \u201cinfluenceur\u201d pour diffamation \u00e0 leur encontre sur les r\u00e9seaux sociaux. \u00bb ( Dl du 22\/6\/25)\u00a0<\/p>\n<p><strong>AUCUNE QUESTION, AUCUNE PLAINTE SUR L&rsquo;EXTR\u00caME GAUCHE ET PIOLLE<\/strong><\/p>\n<p>\u00e7a pr\u00eaterait \u00e0 rire quand on voit <a href=\"https:\/\/grenoble-le-changement.fr\/2024\/07\/08\/lextreme-gauche-prend-tous-les-pouvoirs-a-grenoble\/\" target=\"_blank\" rel=\"noopener\">les violences de l&rsquo;extr\u00eame gauche \u00e0 Grenoble<\/a>. L&rsquo;\u00e9tat dans lequel elle met la ville. <a href=\"https:\/\/grenoble-le-changement.fr\/2024\/07\/02\/grenoble-lextreme-gauche-veut-tout-le-pouvoir\/\" target=\"_blank\" rel=\"noopener\">Les agressions physiques<\/a> . Les incendies criminels revendiqu\u00e9s par l&rsquo;ultra gauche amenant le Procureur <a href=\"https:\/\/grenoble-le-changement.fr\/2025\/01\/28\/eric-vaillant-procureur-grenoble-un-fief-de-lultra-gauche-insurrectionnelle\/\" target=\"_blank\" rel=\"noopener\">Eric Vaillant \u00e0 demander que le pole anti-terroriste<\/a> s&rsquo;en saisisse. Aucune question de savoir \u00ab\u00a0qui se cache derri\u00e8re\u00a0\u00bb ni pourquoi Eric Piolle et ses amis qui se revendiquent de cette famille <a href=\"https:\/\/grenoble-le-changement.fr\/2024\/05\/22\/le-conseil-municipal-refuse-de-condamner-les-actions-violentes-de-lextreme-gauche\/\" target=\"_blank\" rel=\"noopener\">ne condamnent jamais ces actes?\u00a0<\/a><\/p>\n<p>Mais que deux policiers affirment \u00eatre tomb\u00e9s quand des habitants et des commer\u00e7ants ont voulu p\u00e9n\u00e9trer dans le hall de l&rsquo;h\u00f4tel de ville qui leur \u00e9tait interdit alors qu&rsquo;il a \u00e9t\u00e9 autoris\u00e9 \u00e0 tous les autres manifestants, va devenir bient\u00f4t le \u00a0\u00bb retour des ann\u00e9es noires&#8230;\u00a0\u00bb\u00a0<\/p>\n<p><img decoding=\"async\" data-id=\"49321\" src=\"https:\/\/i2.wp.com\/grenoble-le-changement.fr\/wp-content\/uploads\/2021\/09\/culture-tricycle-envahissement-1816-.png?w=678&amp;ssl=1\" alt=\"\" class=\"wp-image-49321 jetpack-lazy-image\" data-recalc-dims=\"1\" data-lazy-src=\"https:\/\/www.europesays.com\/fr\/wp-content\/uploads\/2025\/06\/culture-tricycle-envahissement-1816-.png\" \/><\/p>\n<p><img decoding=\"async\" data-id=\"29894\" src=\"https:\/\/i1.wp.com\/grenoble-le-changement.fr\/wp-content\/uploads\/2018\/08\/biblioth\u00e9ques-F2-11716-c.png?w=678&amp;ssl=1\" alt=\"\" class=\"wp-image-29894 jetpack-lazy-image\" data-recalc-dims=\"1\" data-lazy-src=\"https:\/\/i1.wp.com\/grenoble-le-changement.fr\/wp-content\/uploads\/2018\/08\/biblioth\u00e9ques-F2-11716-c.png?w=678&amp;is-pending-load=1#038;ssl=1\" \/><\/p>\n<p><img decoding=\"async\" data-id=\"19734\" src=\"https:\/\/i2.wp.com\/grenoble-le-changement.fr\/wp-content\/uploads\/2017\/11\/Etrangers-Piolle-Conseil-t.png?w=678&amp;ssl=1\" alt=\"\" class=\"wp-image-19734 jetpack-lazy-image\" data-recalc-dims=\"1\" data-lazy-src=\"https:\/\/www.europesays.com\/fr\/wp-content\/uploads\/2025\/06\/Etrangers-Piolle-Conseil-t.png\" \/><br \/>\nLes Th\u00e9\u00e2tres, les biblioth\u00e9caires, dans la hall de l&rsquo;h\u00f4tel de ville, les \u00e9trangers en situation irr\u00e9guli\u00e8re accueillis au Conseil Municipal : seuls les commer\u00e7ants et les collectifs de citoyens hostiles \u00e0 la politique municipale en sont interdits : \u00e7a n&rsquo;interroge pas les m\u00e9dias? <\/p>\n<p>L<strong>A QUESTION DE LA POLITISATION SERT Alan CONFESSON ( LFI) <\/strong><\/p>\n<p>La question de la \u00ab\u00a0politisation\u00a0\u00bb pos\u00e9e\u00a0 par le DL cr\u00e9dibilise la d\u00e9fense\u00a0 <a href=\"https:\/\/grenoble-le-changement.fr\/2025\/06\/20\/commerce-a-grenoble-ladjoint-confesson-lfi-explique-encore-quil-ne-sert-a-rien\/\" target=\"_blank\" rel=\"noopener\">d&rsquo;Alan Confesson, l&rsquo;Adjoint (LFI)au commerce,<\/a>\u00a0 pour qui quiconque s&rsquo;oppose le fait sur commande. Si des hommes comme Jean -No\u00ebl Pusel , Pr\u00e9sident de l&rsquo;Union de Quartier Abbaye-Jouhaux, <a href=\"https:\/\/grenoble-le-changement.fr\/2025\/04\/20\/la-municipalite-veut-eliminer-les-citoyens-genants\/\" target=\"_blank\" rel=\"noopener\">Olivier Curto, animateur d&rsquo;un collectif de commer\u00e7ants<\/a> sont par ailleurs membres du collectif <a href=\"https:\/\/grenoble-le-changement.fr\/2025\/05\/16\/les-forces-vives-de-grenoble-sengagent-pour-le-changement-avec-alain-carignon\/\" target=\"_blank\" rel=\"noopener\">\u00a0\u00bb r\u00e9concilier Grenoble\u00a0\u00bb de Clement Chappet<\/a>, lui m\u00eame Pr\u00e9sident d&rsquo;Union de quartier, cela signifie\u00a0 qu&rsquo;ils agissent pour Alain Carignon et en son nom. Ils n&rsquo;ont pas d&rsquo;existence propre.\u00a0<\/p>\n<p><strong>LES TAXIS SE JOIGNENT \u00e0 LA MANIFESTATION: VONT ILS \u00caTRE ACCUS\u00c9S AUSSI?<\/strong><\/p>\n<p>Comme le CSTG, le syndicat des taxis appelle\u00a0 \u00a0\u00bb l&rsquo;ensemble des taxis \u00e0 rejoindre le mouvement d\u00e9j\u00e0 engag\u00e9 par de nombreux artisins, commer\u00e7ants , usagers, clients et habitants ont d\u00e9cid\u00e9 de se joindre au mouvement ce matin \u00e0 l&rsquo;occasion du Conseil Municipal pour s&rsquo;opposer \u00e0 des projets impos\u00e9s, d\u00e9connect\u00e9s des r\u00e9alit\u00e9s du terrain et des besoins locaux\u00a0\u00bb\u00a0 la question ne se posera -t-elle pas encore .\u00a0 Qui se cache derri\u00e8re les taxis qui protestent aussi parce que la communication de la ville a mis en avant les VTC pour la f\u00eate de la musique, plut\u00f4t que les taxis? Ce matin, partant de la gare, ils manifestent devant l&rsquo;h\u00f4tel de ville. Un nouveau \u00a0\u00bb Capitole\u00a0\u00bb?\u00a0<\/p>\n<p><strong>GUIZMATH , LE TIK TOKEUR QUI G\u00caNE ATTAQU\u00c9 A SON TOUR<\/strong><\/p>\n<p>Attaquant la com&rsquo; de la ville vont ils recevoir une plainte en diffamation comme <a target=\"_blank\" href=\"https:\/\/www.tiktok.com\/@guizmaths\" rel=\"noopener\">Guizmath, le c\u00e9l\u00e9bre Tik-Tokeur<\/a> attaqu\u00e9 par deux employ\u00e9s municipaux?\u00a0 \u00ab\u00a0Auditionn\u00e9 par la police vendredi, cet influenceur tr\u00e8s suivi sur TikTok soutient ouvertement Alain Carignon.Et on le retrouve en bonne place sur\u00a0 <a target=\"_blank\" href=\"https:\/\/www.facebook.com\/groups\/2575824609219389\" rel=\"noopener\">SaccageGrenoble ce collectif<\/a> qui pointe du doigt sur les r\u00e9seaux sociaux \u00ab une ville \u00e0 l\u2019abandon \u00bb.\u00a0 d\u00e9taille Jean-Benoit Vigny ( DL du 22\/6\/25) ce qui d\u00e9cr\u00e9dibilise Guizmath. Sans jamais faire \u00e9tat de ce qu&rsquo;il rapporte comme faits grenoblois accablants dans ses vid\u00e9os. Pas plus que <a target=\"_blank\" href=\"https:\/\/www.facebook.com\/groups\/2575824609219389\" rel=\"noopener\">SaccageGrenoble<\/a> qui ne pointe pas \u00a0\u00bb du doigt une ville \u00e0 l&rsquo;abandon\u00a0\u00bb ,mais montre des exemples concrets, factuels, incontestables\u00a0 de cette ville \u00e0 l&rsquo;abandon.\u00a0<\/p>\n<p><a href=\"https:\/\/i1.wp.com\/grenoble-le-changement.fr\/wp-content\/uploads\/2025\/06\/509441095_1102324481715365_2724120842788522331_n.jpg?ssl=1\" rel=\"lightbox[82763] noopener\" target=\"_blank\"><img decoding=\"async\" data-id=\"82769\" src=\"https:\/\/i1.wp.com\/grenoble-le-changement.fr\/wp-content\/uploads\/2025\/06\/509441095_1102324481715365_2724120842788522331_n.jpg?resize=678%2C452&amp;ssl=1\" alt=\"\" class=\"wp-image-82769 jetpack-lazy-image\" data-recalc-dims=\"1\" data-lazy-src=\"https:\/\/www.europesays.com\/fr\/wp-content\/uploads\/2025\/06\/509441095_1102324481715365_2724120842788522331_n.jpg\" \/><\/a><\/p>\n<p><a href=\"https:\/\/i2.wp.com\/grenoble-le-changement.fr\/wp-content\/uploads\/2025\/06\/511096188_1103268538287626_8590083416829318869_n.jpg?ssl=1\" rel=\"lightbox[82763] noopener\" target=\"_blank\"><img decoding=\"async\" data-id=\"82768\" src=\"https:\/\/i2.wp.com\/grenoble-le-changement.fr\/wp-content\/uploads\/2025\/06\/511096188_1103268538287626_8590083416829318869_n.jpg?resize=678%2C509&amp;ssl=1\" alt=\"\" class=\"wp-image-82768 jetpack-lazy-image\" data-recalc-dims=\"1\" data-lazy-src=\"https:\/\/www.europesays.com\/fr\/wp-content\/uploads\/2025\/06\/511096188_1103268538287626_8590083416829318869_n.jpg\" \/><\/a><br \/>\nPendant ce temps Alain Carignon est tous les soirs \u00e0 la rencontre des grenoblois quartier par quartier <\/p>\n<p><strong>COMMERCE : \u00a0\u00bb UN OBSERVATEUR AVIS\u00c9 \u00a0\u00bb \u00c9POUSE LA THESE MUNICIPALE !<\/strong><\/p>\n<p>Le \u00a0\u00bb Dauphin\u00e9 \u00a0\u00bb \u00e9voque d&rsquo;ailleurs \u00ab\u00a0une instrumentalisation de tout bord &#8230;\u00a0\u00bb mais ne s&rsquo;int\u00e9resse qu&rsquo;\u00e0 une instrumentalisation suppos\u00e9e d&rsquo;un seul bord. On ne lit jamais l&rsquo;autre.\u00a0 \u00a0Le summum \u00e9tant atteint par cet\u00a0 \u00ab\u00a0observateur avis\u00e9 des commerces que nous avons contact\u00e9, ( qui) prend de la hauteur : \u00ab Les causes des difficult\u00e9s sont toujours multifactorielles et c\u2019est vrai que la situation est super dure pour les commerces. Mais il est plus facile de taper sur les portes d\u2019un conseil municipal que d\u2019organiser un concert devant son commerce ou de se remettre en cause. \u00a0\u00bb (DL du 22\/6\/25)\u00a0<\/p>\n<p><strong>LA MUNICIPALIT\u00c9 N&rsquo;Y EST POUR RIEN\u00a0<\/strong><\/p>\n<p>Voila que \u00a0\u00bb l&rsquo;observateur avis\u00e9 qui prend de la hauteur\u00a0\u00bb \u00e9pouse exactement la th\u00e8se municipale selon laquelle la municipalit\u00e9 n&rsquo;est pour rien dans la chute du commerce, le taux de vacance \u00e9lev\u00e9 . L&rsquo;acc\u00e8s, la propret\u00e9, la s\u00e9curit\u00e9 , le stationnement n&rsquo;y sont pour rien. Et si vous parlez acc\u00e8s , vous \u00eates pour \u00a0\u00bb le tout voitures\u00a0\u00bb.\u00a0<\/p>\n<p>Il suffirait d&rsquo;organiser un concert devant son commerce, <a href=\"https:\/\/grenoble-le-changement.fr\/2025\/02\/24\/commerce-en-declin-la-faute-aux-commercants\/\" target=\"_blank\" rel=\"noopener\">ce \u00e0 quoi les commer\u00e7ants b\u00eates n&rsquo;ont pas pens\u00e9.<\/a> A ce niveau de mauvaise foi ou d&rsquo;ignorance &#8211; il faut \u00eatre charitable- on explique pourquoi la col\u00e8re monte.\u00a0<\/p>\n<p><img decoding=\"async\" data-id=\"82075\" src=\"https:\/\/i0.wp.com\/grenoble-le-changement.fr\/wp-content\/uploads\/2025\/05\/manif-hotel-de-ville-collectifs.png?w=678&amp;ssl=1\" alt=\"\" class=\"wp-image-82075 jetpack-lazy-image\" data-recalc-dims=\"1\" data-lazy-src=\"https:\/\/www.europesays.com\/fr\/wp-content\/uploads\/2025\/06\/manif-hotel-de-ville-collectifs.png\" \/><br \/>\nApr\u00e8s les biblioth\u00e8ques, les th\u00e9\u00e2tres, les MJC, le Plateau&#8230; commer\u00e7ants et quartiers devant l&rsquo;h\u00f4tel de ville <\/p>\n<p><strong>UNE MINORIT\u00c9 OU PAS DE COMMERCANTS ?<\/strong><\/p>\n<p>Diff\u00e9remment d&rsquo;Alan Confesson\u00a0 (LFI) qui affirmait au Conseil M\u00e9tropolitain que\u00a0 \u00ab\u00a0ce sont certains commer\u00e7ants. il faut d\u00e9mystifier ce qu\u2019il se passe, ce ne sont pas des mobilisations spontan\u00e9es, elles sont tr\u00e8s organis\u00e9es politiquement. Beaucoup de commer\u00e7ants viennent nous voir et ne partagent pas le point de vue \u00a0\u00bb ,Jean-Benoit Vigny pose aussi la\u00a0 m\u00eame question de \u00a0\u00bb savoir si ces collectifs\u00a0 repr\u00e9sentent une minorit\u00e9, ou pas, de commer\u00e7ants et de riverains, c\u2019est difficile \u00e0 dire. En tout cas, ce sont eux qui font le plus de bruit.\u00a0\u00bb\u00a0<\/p>\n<p><strong>UNE INTERROGATION CHOQUANTE COMPTE TENU DE LA SITUATION<\/strong><\/p>\n<p>Jamais quand des manifestations sur le climat, le logement, le social, les transports&#8230;. sont organis\u00e9es par des proches des Rouge\/Verts la question n&rsquo;est pos\u00e9e de savoir s&rsquo;ils repr\u00e9sentent \u00ab\u00a0une minorit\u00e9 ou pas \u00ab\u00a0.\u00a0<\/p>\n<p>Cette interrogation est d&rsquo;autant plus choquante, s&rsquo;agissant du commerce,\u00a0 que la quasi totalit\u00e9 des commer\u00e7ants &#8211; il existe \u00e9videmment des exceptions &#8211; fait \u00e9tat <a href=\"https:\/\/grenoble-le-changement.fr\/2025\/05\/29\/12-de-commerces-fermes-a-grenoble-stop-ou-encore\/\" target=\"_blank\" rel=\"noopener\">d&rsquo;une baisse et de difficult\u00e9s consid\u00e9rables li\u00e9es \u00e0 la politique municipale.\u00a0<\/a><\/p>\n<p><a href=\"https:\/\/i1.wp.com\/grenoble-le-changement.fr\/wp-content\/uploads\/2025\/06\/13169994281695622780.jpg?ssl=1\" rel=\"lightbox[82763] noopener\" target=\"_blank\"><img decoding=\"async\" data-id=\"82770\" src=\"https:\/\/i1.wp.com\/grenoble-le-changement.fr\/wp-content\/uploads\/2025\/06\/13169994281695622780.jpg?w=678&amp;ssl=1\" alt=\"\" class=\"wp-image-82770 jetpack-lazy-image\" data-recalc-dims=\"1\" data-lazy-src=\"https:\/\/www.europesays.com\/fr\/wp-content\/uploads\/2025\/06\/13169994281695622780.jpg\" \/><\/a><br \/>\nNicolas Beron-Perez ( PCF) aux c\u00f4t\u00e9s de Jean-Paul Trovero ( PCF) Pr\u00e9sident de M&rsquo;Tag: le premier s&rsquo;allie \u00e0 la candidate de Piolle, Laurence Ruffin et les Verts\/LFI qui font semblant de soutenir les revendications des salari\u00e9s de la Tag que pr\u00e9side &#8230; jean-Paul Trovero qui les refuse&#8230; Des Tartuffes <\/p>\n<p><strong>LA TRICHERIE EST \u00e0 TOUS LES ETAGES <\/strong><\/p>\n<p>La tricherie est \u00e0 tous les \u00e9tages. Elle attise le m\u00e9contentement et m\u00eame la col\u00e8re. Ces salari\u00e9s et ces citoyens flou\u00e9s par de fausses promesses, <a href=\"https:\/\/grenoble-le-changement.fr\/2025\/04\/25\/commerce-tous-les-temoignages-confirment-quil-faut-changer-de-politique-a-grenoble\/\" target=\"_blank\" rel=\"noopener\">ces commer\u00e7ants tu\u00e9s par une politique ni\u00e9e m\u00e9diatiquement,<\/a> ces grenoblois, tel Guizmath, sinc\u00e8rement attach\u00e9s \u00e0 leur ville qui se voient d\u00e9natur\u00e9s , ces pr\u00e9sidents d&rsquo;Union de Quartiers d\u00e9vou\u00e9s \u00e0 leur territoire qui se sont engag\u00e9s par ailleurs apr\u00e8s avoir tout tent\u00e9 avec la municipalit\u00e9 , estampill\u00e9s agents politiques&#8230; d\u00e9cuplent d&rsquo;\u00e9nergie .\u00a0<\/p>\n<p><strong>LES ARTISANS TAXIS VONT ILS \u00caTRE SOUPCONN\u00c9S ?<\/strong><\/p>\n<p>Leur force est le r\u00e9el. Ce qu&rsquo;ils vivent quotidiennement. Est-ce que demain les artisans taxis m\u00e9contents vont \u00eatre \u00e0 leur tour soup\u00e7onn\u00e9s ? A quand les interrogations sur ces acteurs de terrain, de gauche, engag\u00e9s avec Alain Carignon ? Et si les supporters du FCG et du GF38 s&rsquo;y mettent suite aux d\u00e9cisions catastrophiques des \u00e9lus concernant le Stade des Alpes , que dira t-on?\u00a0<\/p>\n<p><strong>TANDIS QUE Paul BRON ( app PS) PEUT PONTIFIER DU VIDE<\/strong><\/p>\n<p>Tandis, par exemple,\u00a0 qu&rsquo;un Paul Bron sans aucune assise, qui a \u00e9t\u00e9 un Adjoint au Maire inefficace, peut <a href=\"https:\/\/grenoble-le-changement.fr\/2016\/07\/14\/paul-bron-ps-veut-une-commission-sur-les-commissions\/\" target=\"_blank\" rel=\"noopener\">continuer \u00e0 pontifier du vide<\/a> et \u00e0 pr\u00e9tendre repr\u00e9senter un \u00ab\u00a0collectif\u00a0\u00bb sans qu&rsquo;on ne lui demande rien de son pass\u00e9 et de ses alliances?\u00a0<\/p>\n<p>Devant l&rsquo;h\u00f4tel de ville \u00e0 nouveau ce matin des grenoblois expriment leur exasp\u00e9ration face \u00e0 la politique <a href=\"https:\/\/grenoble-le-changement.fr\/2025\/01\/04\/commerce-la-municipalite-verts-recule-a-annecy\/\" target=\"_blank\" rel=\"noopener\">dogmatique impos\u00e9e<\/a> par la municipalit\u00e9. Ce sont des citoyens comme les autres. Ils m\u00e9ritent au moins autant de respect que les autres. Ils appartiennent \u00e0 la cat\u00e9gorie des travailleurs, qui paient l&rsquo;imp\u00f4t, de ceux qui cr\u00e9ent et aiment leur ville.\u00a0<\/p>\n<p><strong>LA R\u00c9PONSE ? SE MOBILISER POUR LE CHANGEMENT<\/strong><\/p>\n<p>La campagne engag\u00e9e pour tenter de les d\u00e9consid\u00e9rer d\u00e9montre le peu de cas que font les \u00e9lus Rouge\/Verts du pluralisme et du d\u00e9bat. Elle \u00e9claire un peu plus les grenoblois sur leur vraie nature. D\u00e9montre une fois de plus combien les citoyens doivent se mobiliser pour le changement<\/p>\n<p>\u00a0<\/p>\n<p>\t\t\t\t\t\t\t\t\t\t\t<script async src=\"\/\/www.tiktok.com\/embed.js\"><\/script><\/p>\n","protected":false},"excerpt":{"rendered":"Posted On 23 juin 2025 Pendant deux jours, en pleine f\u00eate de la musique ou les Trams sont&hellip;\n","protected":false},"author":2,"featured_media":197360,"comment_status":"","ping_status":"","sticky":false,"template":"","format":"standard","meta":{"footnotes":""},"categories":[9566],"tags":[1111,11,9601,11148,27721,10128,2430,21690,14755,33712,9607,17762,1777,674,32540,1011,27,2731,22649,33713,12464,33714,33715,12,24294,12468,33390,31379,14758,25,33716],"class_list":{"0":"post-197359","1":"post","2":"type-post","3":"status-publish","4":"format-standard","5":"has-post-thumbnail","7":"category-grenoble","8":"tag-actu","9":"tag-actualites","10":"tag-alain-carignon","11":"tag-alan-confesson","12":"tag-allan-brunon","13":"tag-alternatiba","14":"tag-auvergne-rhone-alpes","15":"tag-bernard-mure-ravaud","16":"tag-clement-chappet","17":"tag-dal","18":"tag-eric-piolle","19":"tag-eric-vaillant","20":"tag-eu","21":"tag-europe","22":"tag-fabienne-mahrez","23":"tag-fr","24":"tag-france","25":"tag-grenoble","26":"tag-guizmath","27":"tag-jean-bnoit-vigny","28":"tag-jean-noel-pusel","29":"tag-jean-paul-trovero","30":"tag-mtag","31":"tag-news","32":"tag-nicolas-beron-perez","33":"tag-olivier-curto","34":"tag-paul-bron","35":"tag-pierre-bejjaji","36":"tag-reconcilier-grenoble","37":"tag-republique-francaise","38":"tag-saccagegrenoble"},"share_on_mastodon":{"url":"https:\/\/pubeurope.com\/@fr\/114730917689523871","error":""},"_links":{"self":[{"href":"https:\/\/www.europesays.com\/fr\/wp-json\/wp\/v2\/posts\/197359","targetHints":{"allow":["GET"]}}],"collection":[{"href":"https:\/\/www.europesays.com\/fr\/wp-json\/wp\/v2\/posts"}],"about":[{"href":"https:\/\/www.europesays.com\/fr\/wp-json\/wp\/v2\/types\/post"}],"author":[{"embeddable":true,"href":"https:\/\/www.europesays.com\/fr\/wp-json\/wp\/v2\/users\/2"}],"replies":[{"embeddable":true,"href":"https:\/\/www.europesays.com\/fr\/wp-json\/wp\/v2\/comments?post=197359"}],"version-history":[{"count":0,"href":"https:\/\/www.europesays.com\/fr\/wp-json\/wp\/v2\/posts\/197359\/revisions"}],"wp:featuredmedia":[{"embeddable":true,"href":"https:\/\/www.europesays.com\/fr\/wp-json\/wp\/v2\/media\/197360"}],"wp:attachment":[{"href":"https:\/\/www.europesays.com\/fr\/wp-json\/wp\/v2\/media?parent=197359"}],"wp:term":[{"taxonomy":"category","embeddable":true,"href":"https:\/\/www.europesays.com\/fr\/wp-json\/wp\/v2\/categories?post=197359"},{"taxonomy":"post_tag","embeddable":true,"href":"https:\/\/www.europesays.com\/fr\/wp-json\/wp\/v2\/tags?post=197359"}],"curies":[{"name":"wp","href":"https:\/\/api.w.org\/{rel}","templated":true}]}}