{"id":197361,"date":"2025-06-23T05:00:20","date_gmt":"2025-06-23T05:00:20","guid":{"rendered":"https:\/\/www.europesays.com\/fr\/197361\/"},"modified":"2025-06-23T05:00:20","modified_gmt":"2025-06-23T05:00:20","slug":"international-workplace-group-ouvre-un-nouveau-site-regus-a-grenoble","status":"publish","type":"post","link":"https:\/\/www.europesays.com\/fr\/197361\/","title":{"rendered":"International Workplace Group ouvre un nouveau site Regus \u00e0 Grenoble"},"content":{"rendered":"<p>Construit par <strong>Demathieu-Bard Immobilier <\/strong>avec <strong>Nacarat<\/strong>, \u00e0 l&rsquo;entr\u00e9e de la presqu&rsquo;\u00eele scientifique de Grenoble, \u00e0 proximit\u00e9 de la gare SNCF, le <strong>b\u00e2timent Spring <\/strong>se remplit petit \u00e0 petit. Les \u00e9quipes de <a href=\"https:\/\/mesinfos.fr\/auvergne-rhone-alpes\/becton-dickinson-integrera-le-batiment-spring-en-2024-113314.html\" rel=\"noopener\" target=\"_blank\">BD<\/a>, provisoirement h\u00e9berg\u00e9es \u00e0 Eybens terminent leur emm\u00e9nagement. Et, depuis le 2 juin, apr\u00e8s six mois de travaux d&rsquo;am\u00e9nagement int\u00e9rieur, <strong>International Workplace Group<\/strong> propose un nouveau site d&rsquo;<strong>espaces de travail flexibles<\/strong> sous la marque <strong>Regus<\/strong>. <\/p>\n<p>Apr\u00e8s Meylan, <a href=\"https:\/\/mesinfos.fr\/auvergne-rhone-alpes\/regus-amenage-un-espace-sur-inovallee-68380.html\" rel=\"noopener\" target=\"_blank\">Montbonnot-Saint-Martin<\/a> et Grenoble City situ\u00e9 cours Berriat \u00e0 Grenoble, il s&rsquo;agit du quatri\u00e8me site de la marque cr\u00e9\u00e9 au sein de la M\u00e9tropole de Grenoble. Un cinqui\u00e8me est m\u00eame pr\u00e9vu prochainement \u00e0 Eybens. <\/p>\n<p>Nouveau centre Regus \u00e0 Grenoble : une capacit\u00e9 de 230 postes de travail <img decoding=\"async\" alt=\"\" data-zoomable=\"\" height=\"1501\" loading=\"lazy\" src=\"https:\/\/www.europesays.com\/fr\/wp-content\/uploads\/2025\/06\/img-20250619-164241.jpg\" title=\"\u00a9 Thomas Richardson - l'espace lounge du rez-de-chauss\u00e9e de Regus au rez-de-chauss\u00e9e du Spring \u00e0 Grenoble.\" width=\"2000\"\/> \u00a9 Thomas Richardson &#8211; L&rsquo;espace lounge du rez-de-chauss\u00e9e de Regus au rez-de-chauss\u00e9e du Spring \u00e0 Grenoble. <\/p>\n<p>Au sein du Spring, Regus occupe<strong> plus de 1 500 m2 <\/strong>r\u00e9partis sur <strong>deux plateaux<\/strong>, dont un au 6e et dernier \u00e9tage, avec une <strong>terrasse <\/strong>de 140 m2 qui offre une vue imprenable sur la Bastille et les massifs environnants. La <strong>capacit\u00e9 d&rsquo;accueil<\/strong> de ce nouveau site s&rsquo;\u00e9l\u00e8ve \u00e0 <strong>230 postes de travail<\/strong>, avec une offre de <strong>51 bureaux privatifs <\/strong>aux acc\u00e8s s\u00e9curis\u00e9s (badges, cam\u00e9ras de vid\u00e9oprotection), dont les cloisons peuvent \u00eatre retir\u00e9es \u00e0 l&rsquo;envie pour ajuster la surface. S&rsquo;ajoutent <strong>trois salles de r\u00e9union<\/strong> et un <strong>espace de coworking <\/strong>de huit postes. Pour l&rsquo;heure, le <strong>taux d&rsquo;occupation<\/strong> est d&rsquo;environ <strong>10 %<\/strong>. Il est de pr\u00e8s de 80 % dans les trois autres sites de la M\u00e9tropole.<\/p>\n<p>\u00ab\u00a0Il y a beaucoup de demande \u00e0 Grenoble pour ce genre d&rsquo;espaces cl\u00e9s en main, explique <strong>Amelle Amehdi<\/strong>, responsable des centres Regus de la r\u00e9gion grenobloise. Sans donner de montant, elle fait savoir que les centres Regus de la r\u00e9gion grenobloise \u00ab\u00a0p\u00e8sent lourd\u00a0\u00bb dans le chiffre d&rsquo;affaires du groupe \u00e0 l&rsquo;\u00e9chelle nationale.<\/p>\n<p>\u00ab\u00a0Au rez-de-chauss\u00e9e (450 m2), on trouve le business lounge, l&rsquo;accueil, la partie services et prestations, trois salles de r\u00e9union et 19 bureaux priv\u00e9s, d\u00e9taille <strong>Amelle Amehdi. <\/strong>Au Sixi\u00e8me \u00e9tage, nous avons 32 bureaux priv\u00e9s.\u00a0\u00bb\u00a0G\u00e9n\u00e9ralement, les bureaux sont lou\u00e9s pour une p\u00e9riode de 36 mois, m\u00eame si depuis cette ann\u00e9e la demande est plut\u00f4t de 24, voire 18 mois. Les salles de r\u00e9union &#8211; et m\u00eames les bureaux &#8211; sont r\u00e9servables \u00e0 l&rsquo;heure, \u00e0 la demi-journ\u00e9e, \u00e0 la journ\u00e9e compl\u00e8te via l&rsquo;application Regus. <\/p>\n<p>Apporter une r\u00e9ponse sur mesure en termes de bureaux <img decoding=\"async\" alt=\"\" class=\"img-size-limited\" data-zoomable=\"\" height=\"1501\" loading=\"lazy\" src=\"https:\/\/www.europesays.com\/fr\/wp-content\/uploads\/2025\/06\/img-20250619-160008.jpg\" title=\"\u00a9 Thomas Richardson - La terrasse de 140 m2 au 6e \u00e9tage du Spring.\" width=\"2000\"\/> \u00a9 Thomas Richardson &#8211; La terrasse de 140 m2 au 6e \u00e9tage du Spring. <\/p>\n<p><strong>Trois collaborateurs<\/strong> Regus (qui devraient \u00eatre renforc\u00e9s rapidement par trois suppl\u00e9mentaires, les postes \u00e9tant ouverts) sont au service des clients, \u00ab\u00a0pour d\u00e9celer la mani\u00e8re dont ils ont besoin de travailler et leur apporter une r\u00e9ponse sur mesure\u00a0\u00bb. Ils r\u00e9pondent \u00e9galement \u00e0 leurs demandes de prestations particuli\u00e8res comme organiser un petit-d\u00e9jeuner, des sandwichs ou un cocktail d\u00eenatoire. \u00ab\u00a0Pour cela nous travaillons avec des prestataires locaux.\u00a0\u00bb Pour ce qui est des probl\u00e9matiques techniques, Regus travaille avec Vinci. <\/p>\n<blockquote>\n<p>\u00ab\u00a0Le mobilier fait partie int\u00e9grante de la prestation. Ainsi, nous avons des partenaires qui nous mettent \u00e0 disposition du mobilier professionnel. Cela nous permet de proposer un catalogue \u00e0 nos clients qui choisissent en fonction de leurs besoins.\u00a0\u00bb <\/p>\n<\/blockquote>\n<p>La flexibilit\u00e9 est \u00e9galement de mise sur le plan g\u00e9ographique, puisqu&rsquo;un client de Regus \u00e0 Grenoble peut b\u00e9n\u00e9ficier d&rsquo;un bureau dans n&rsquo;importe lequel des <strong>4 000 centres Regus <\/strong>dans le monde (140 en France).<\/p>\n","protected":false},"excerpt":{"rendered":"Construit par Demathieu-Bard Immobilier avec Nacarat, \u00e0 l&rsquo;entr\u00e9e de la presqu&rsquo;\u00eele scientifique de Grenoble, \u00e0 proximit\u00e9 de la&hellip;\n","protected":false},"author":2,"featured_media":197362,"comment_status":"","ping_status":"","sticky":false,"template":"","format":"standard","meta":{"footnotes":""},"categories":[9566],"tags":[1111,11,2430,7655,33717,1777,674,1011,27,2731,12,33718,25],"class_list":{"0":"post-197361","1":"post","2":"type-post","3":"status-publish","4":"format-standard","5":"has-post-thumbnail","7":"category-grenoble","8":"tag-actu","9":"tag-actualites","10":"tag-auvergne-rhone-alpes","11":"tag-bureaux","12":"tag-espaces-de-travail","13":"tag-eu","14":"tag-europe","15":"tag-fr","16":"tag-france","17":"tag-grenoble","18":"tag-news","19":"tag-regus","20":"tag-republique-francaise"},"share_on_mastodon":{"url":"https:\/\/pubeurope.com\/@fr\/114730921128835948","error":""},"_links":{"self":[{"href":"https:\/\/www.europesays.com\/fr\/wp-json\/wp\/v2\/posts\/197361","targetHints":{"allow":["GET"]}}],"collection":[{"href":"https:\/\/www.europesays.com\/fr\/wp-json\/wp\/v2\/posts"}],"about":[{"href":"https:\/\/www.europesays.com\/fr\/wp-json\/wp\/v2\/types\/post"}],"author":[{"embeddable":true,"href":"https:\/\/www.europesays.com\/fr\/wp-json\/wp\/v2\/users\/2"}],"replies":[{"embeddable":true,"href":"https:\/\/www.europesays.com\/fr\/wp-json\/wp\/v2\/comments?post=197361"}],"version-history":[{"count":0,"href":"https:\/\/www.europesays.com\/fr\/wp-json\/wp\/v2\/posts\/197361\/revisions"}],"wp:featuredmedia":[{"embeddable":true,"href":"https:\/\/www.europesays.com\/fr\/wp-json\/wp\/v2\/media\/197362"}],"wp:attachment":[{"href":"https:\/\/www.europesays.com\/fr\/wp-json\/wp\/v2\/media?parent=197361"}],"wp:term":[{"taxonomy":"category","embeddable":true,"href":"https:\/\/www.europesays.com\/fr\/wp-json\/wp\/v2\/categories?post=197361"},{"taxonomy":"post_tag","embeddable":true,"href":"https:\/\/www.europesays.com\/fr\/wp-json\/wp\/v2\/tags?post=197361"}],"curies":[{"name":"wp","href":"https:\/\/api.w.org\/{rel}","templated":true}]}}