{"id":197374,"date":"2025-06-23T05:12:17","date_gmt":"2025-06-23T05:12:17","guid":{"rendered":"https:\/\/www.europesays.com\/fr\/197374\/"},"modified":"2025-06-23T05:12:17","modified_gmt":"2025-06-23T05:12:17","slug":"gradignan-abandonne-le-permis-de-louer-mais-des-proprietaires-demeurent-interdits-de-le-faire","status":"publish","type":"post","link":"https:\/\/www.europesays.com\/fr\/197374\/","title":{"rendered":"Gradignan abandonne le permis de louer, mais des propri\u00e9taires demeurent interdits de le faire"},"content":{"rendered":"<p class=\"wp-block-post-excerpt__excerpt\">La p\u00e9riode d\u2019exp\u00e9rimentation du dispositif touchant \u00e0 sa fin, la mairie de Gradignan n\u2019a pas souhait\u00e9 maintenir l\u2019application du permis de louer sur son territoire, contrairement aux 10 autres communes concern\u00e9es. Mais pour des raisons de s\u00e9curit\u00e9, des propri\u00e9taires sont toujours sous le coup d\u2019un refus d\u2019autorisation de mise en location, qu\u2019ils contestent en justice. <\/p>\n<p><a href=\"https:\/\/rue89bordeaux.com\/category\/kiosque-abonne\/\" rel=\"tag noopener\" target=\"_blank\">\u00c9dition abonn\u00e9s<\/a>, <a href=\"https:\/\/rue89bordeaux.com\/category\/enquetes\/\" rel=\"tag noopener\" target=\"_blank\">Enqu\u00eate<\/a><\/p>\n<p>Margaux B\u00e9gards<\/p>\n<p>Publi\u00e9 le 23 juin 2025\u00a0\u00a0\u00b7\u00a0\u00a0<\/p>\n<p>Imprim\u00e9 le 23 juin 2025 \u00e0 07h12\u00a0\u00a0\u00b7\u00a0\u00a0<\/p>\n<p>\t\t\t\t\t5\u00a0minutes\n<\/p>\n<p>\u00c9ric* (pr\u00e9nom modifi\u00e9) est d\u00e9pit\u00e9. Ce propri\u00e9taire de deux appartements au sein de la r\u00e9sidence Rosiers-Bellevue, \u00e0 Gradignan, est depuis le mois de septembre 2022 sous le coup d\u2019un refus d\u2019autorisation de mise en location. Le recours qu\u2019il avait d\u00e9pos\u00e9 a \u00e9t\u00e9 rejet\u00e9 le 27 mai dernier par le tribunal administratif de Bordeaux, sur la base, selon lui, d\u2019une argumentation \u00ab\u00a0creuse et infond\u00e9e\u00a0\u00bb. Il compte interjeter appel. <\/p>\n<p>Pens\u00e9 pour r\u00e9guler le march\u00e9 locatif priv\u00e9 et garantir la qualit\u00e9 et la salubrit\u00e9 des logements,<a href=\"https:\/\/rue89bordeaux.com\/2021\/03\/contre-le-mal-logement-les-permis-de-louer-et-de-diviser-instaures-a-bordeaux-metropole-en-2022\/\" target=\"_blank\" rel=\"noopener\"> le permis de louer \u00e9tait exp\u00e9riment\u00e9 dans 11 communes de la M\u00e9tropole <\/a>depuis le 1er janvier 2022. Au 31 d\u00e9cembre 2024, les services de Bordeaux M\u00e9tropole avaient instruit 6 600 dossiers de permis de louer, le tout pour 4 500 d\u00e9cisions favorables, 1 200 avec prescriptions et 280 refus (la plupart du temps pour des anomalies \u00e9lectriques, des probl\u00e8mes de surfaces\/hauteur sous plafonds ou des absences de garde-corps).<\/p>\n<p>L\u2019outil a \u00e9t\u00e9 p\u00e9rennis\u00e9 par les \u00e9lus m\u00e9tropolitains lors du conseil d\u2019avril dernier. St\u00e9phane Pfeiffer, conseiller m\u00e9tropolitain d\u00e9l\u00e9gu\u00e9 \u00e0 l\u2019innovation sociale dans l\u2019habitat, salue \u00ab\u00a0un dispositif qui fonctionne\u00a0\u00bb :<\/p>\n<blockquote class=\"wp-block-quote is-layout-flow wp-block-quote-is-layout-flow\">\n<p>\u00ab\u00a0Les refus concernent moins de 5 % des dossiers, et les refus fermes et d\u00e9finitifs c\u2019est une infime partie de ces 5 %. Dans quasiment toutes les situations o\u00f9 il y a eu des refus ou des permis de louer favorables avec les r\u00e9serves, des travaux ont \u00e9t\u00e9 engag\u00e9s et les appartements ont \u00e9t\u00e9 am\u00e9lior\u00e9s\u00a0\u00bb, souligne-t-il.<\/p>\n<\/blockquote>\n<p>\t\t\u00ab\u00a0Impropres \u00e0 l\u2019habitation\u00a0\u00bb<\/p>\n<p>\u00c0 Gradignan, le dispositif concernait 8 r\u00e9sidences, parmi lesquelles celle des Rosiers-Bellevue. Construite dans les ann\u00e9es 1960, elle compte 96 appartements et 60 logements en demi sous-sol. Autrefois des chambres de service pour le personnel allant de 12 \u00e0 22 m2, elles ont depuis \u00e9t\u00e9 r\u00e9am\u00e9nag\u00e9es en studios avec kitchenettes et sanitaires et sont lou\u00e9es essentiellement \u00e0 des \u00e9tudiants avec des loyers oscillant entre 300 et 450\u20ac charges comprises.<\/p>\n<p>C\u2019est dans ce cadre que plusieurs propri\u00e9taires, \u00e0 l\u2019instar d\u2019\u00c9ric, <a href=\"https:\/\/rue89bordeaux.com\/2023\/03\/un-collectif-de-proprietaires-indigne-que-le-permis-de-louer-leur-soit-refuse-a-gradignan\/\" target=\"_blank\" rel=\"noreferrer noopener\">ont essuy\u00e9 un refus d\u2019autorisation de mise en location<\/a>. Suite \u00e0 ces signalements, Bordeaux M\u00e9tropole enfonce le clou : dans un courrier dat\u00e9 du 3 f\u00e9vrier 2023, elle notifie \u00e0 plusieurs propri\u00e9taires d\u2019appartements en sous-sol au sein de la r\u00e9sidence que les services de l\u2019Agence r\u00e9gionale de sant\u00e9 \u00ab\u00a0ont formellement \u00e9tabli le caract\u00e8re de sous-sol pour les chambres, constituant de fait des locaux impropres \u00e0 l\u2019habitation\u00a0\u00bb.<\/p>\n<p class=\"has-warning-color has-text-color\">\n\t\t\t<strong> Cet article fait partie de l\u2019\u00e9dition abonn\u00e9s.<\/strong><br \/>\n\t\t\t| D\u00e9j\u00e0 abonn\u00e9\u00a0?<br \/>\n\t\t\t<a href=\"https:\/\/rue89bordeaux.com\/user\/login\/\" data-type=\"page\" data-id=\"26256\" target=\"_blank\" rel=\"noopener\">Connectez-vous<\/a>\n\t\t<\/p>\n<p>Abonnez-vous maintenant pour poursuivre votre lecture<\/p>\n<p><img loading=\"lazy\" decoding=\"async\" width=\"607\" height=\"480\" src=\"https:\/\/www.europesays.com\/fr\/wp-content\/uploads\/2025\/04\/1744387698_768_04-paywall.png\" alt=\"Abonnez-vous\" class=\"wp-image-128438\"  \/><\/p>\n<p>\t\t\t<a href=\"https:\/\/rue89bordeaux.com\/\" class=\"custom-logo-link\" rel=\"home noopener\" target=\"_blank\"><img loading=\"lazy\" decoding=\"async\" width=\"290\" height=\"49\" src=\"https:\/\/www.europesays.com\/fr\/wp-content\/uploads\/2025\/04\/logo.png\" class=\"custom-logo\" alt=\"Rue89Bordeaux Enqu\u00eates et informations de proximit\u00e9\"  \/><\/a><\/p>\n<p>\n\t\t\t\tAbonnez-vous maintenant pour suivre l\u2019actualit\u00e9 locale.\t\t\t<\/p>\n<p class=\"font-bold font-serif-heading mb-2 text-4xl\">\n\t\t\t\t\t\tL\u2019investigation locale \u00e0 port\u00e9e de main.\n\t\t\t\t\t<\/p>\n<p>\n\t\t\t\t\t\tAbonnez-vous et profitez d\u2019un acc\u00e8s illimit\u00e9 \u00e0 Rue89Bordeaux. Annulez quand vous voulez.\n\t\t\t\t\t<\/p>\n<p class=\"xl:text-sm\">\n\t\t\t\t\tD\u00e9j\u00e0 abonn\u00e9\u00a0?<br \/>\n\t\t\t\t\t<a class=\"border border-transparent text-center transition-colors duration-instant focus:border-info focus:rounded focus:shadow-focus cursor-pointer text-black hover:text-gray-700 active:bg-black-700 font-semibold inline-block\" href=\"https:\/\/rue89bordeaux.com\/user\/login\/?redirect=\/2025\/06\/gradignan-abandonne-le-permis-de-louer-mais-des-proprietaires-demeurent-interdits-de-le-faire\/\" target=\"_blank\" rel=\"noopener\">Connectez-vous<\/a>\t\t\t\t<\/p>\n<p>\n\t\t\t\tChoisissez votre formule\u00a0:\n\t\t\t<\/p>\n<p>\t\t\t\tFermer<\/p>\n","protected":false},"excerpt":{"rendered":"La p\u00e9riode d\u2019exp\u00e9rimentation du dispositif touchant \u00e0 sa fin, la mairie de Gradignan n\u2019a pas souhait\u00e9 maintenir l\u2019application&hellip;\n","protected":false},"author":2,"featured_media":197375,"comment_status":"","ping_status":"","sticky":false,"template":"","format":"standard","meta":{"footnotes":""},"categories":[2817],"tags":[1111,11,1997,1777,674,1011,27,30418,4250,1908,12,2219,22741,25,7132],"class_list":{"0":"post-197374","1":"post","2":"type-post","3":"status-publish","4":"format-standard","5":"has-post-thumbnail","7":"category-bordeaux","8":"tag-actu","9":"tag-actualites","10":"tag-bordeaux","11":"tag-eu","12":"tag-europe","13":"tag-fr","14":"tag-france","15":"tag-gradignan","16":"tag-habitat","17":"tag-logement","18":"tag-news","19":"tag-nouvelle-aquitaine","20":"tag-permis-de-louer","21":"tag-republique-francaise","22":"tag-tribunal-administratif-de-bordeaux"},"share_on_mastodon":{"url":"https:\/\/pubeurope.com\/@fr\/114730968383496367","error":""},"_links":{"self":[{"href":"https:\/\/www.europesays.com\/fr\/wp-json\/wp\/v2\/posts\/197374","targetHints":{"allow":["GET"]}}],"collection":[{"href":"https:\/\/www.europesays.com\/fr\/wp-json\/wp\/v2\/posts"}],"about":[{"href":"https:\/\/www.europesays.com\/fr\/wp-json\/wp\/v2\/types\/post"}],"author":[{"embeddable":true,"href":"https:\/\/www.europesays.com\/fr\/wp-json\/wp\/v2\/users\/2"}],"replies":[{"embeddable":true,"href":"https:\/\/www.europesays.com\/fr\/wp-json\/wp\/v2\/comments?post=197374"}],"version-history":[{"count":0,"href":"https:\/\/www.europesays.com\/fr\/wp-json\/wp\/v2\/posts\/197374\/revisions"}],"wp:featuredmedia":[{"embeddable":true,"href":"https:\/\/www.europesays.com\/fr\/wp-json\/wp\/v2\/media\/197375"}],"wp:attachment":[{"href":"https:\/\/www.europesays.com\/fr\/wp-json\/wp\/v2\/media?parent=197374"}],"wp:term":[{"taxonomy":"category","embeddable":true,"href":"https:\/\/www.europesays.com\/fr\/wp-json\/wp\/v2\/categories?post=197374"},{"taxonomy":"post_tag","embeddable":true,"href":"https:\/\/www.europesays.com\/fr\/wp-json\/wp\/v2\/tags?post=197374"}],"curies":[{"name":"wp","href":"https:\/\/api.w.org\/{rel}","templated":true}]}}