{"id":197382,"date":"2025-06-23T05:17:09","date_gmt":"2025-06-23T05:17:09","guid":{"rendered":"https:\/\/www.europesays.com\/fr\/197382\/"},"modified":"2025-06-23T05:17:09","modified_gmt":"2025-06-23T05:17:09","slug":"video-pierre-garnier-sur-scene-avec-ed-sheeran-a-lille-pour-une-reprise-de-reve","status":"publish","type":"post","link":"https:\/\/www.europesays.com\/fr\/197382\/","title":{"rendered":"VID\u00c9O. Pierre Garnier sur sc\u00e8ne avec Ed Sheeran \u00e0 Lille, pour une reprise de r\u00eave"},"content":{"rendered":"<p>            Par<br \/>\n        <strong><br \/>\n            <a href=\"https:\/\/actu.fr\/auteur\/journaliste-liberte\" title=\"Consulter tous les articles de R\u00e9daction Caen\" rel=\"nofollow noopener\" target=\"_blank\">R\u00e9daction Caen<\/a><br \/>\n        <\/strong><\/p>\n<p>        Publi\u00e9 le<\/p>\n<p>            23 juin 2025 \u00e0 7h06        <\/p>\n<p>Dans le r\u00e9troviseur de la vie de <b>Pierre Garnier<\/b>, deux ans en arri\u00e8re, l\u2019artiste originaire de Normandie, pass\u00e9 par <b>Caen<\/b> (Calvados) pour ses \u00e9tudes, c\u00e9l\u00e9brait la f\u00eate de la musique en donnant un petit concert rue Saint-Pierre. C\u2019\u00e9tait en juin\u00a02023. Deux ans plus tard, il est invit\u00e9 \u00e0 monter sur sc\u00e8ne par la star de la pop britannique, <b>Ed Sheeran, lors de son concert \u00e0 Lille<\/b> devant 66\u2009000\u00a0spectateurs, dans le cadre de sa tourn\u00e9e <a href=\"https:\/\/www.edsheeran.com\/\" rel=\"nofollow noopener\" target=\"_blank\">Mathematics Tour<\/a>.<\/p>\n<p>Ed Sheeran et Pierre Garnier en duo et en live<\/p>\n<p class=\" wall-content\">Ensemble, ils ont revisit\u00e9 le titre incontournable de Pierre Garnier, Ceux qu\u2019on \u00e9tait. Une chanson qui, \u00e0 elle seule, lui faire <a href=\"https:\/\/actu.fr\/normandie\/caen_14118\/incroyable-detre-ici-caen-mes-debuts-comme-artiste-pierre-garnier-elogieux-devant-un-public-en-fusion_62760624.html\" rel=\"nofollow noopener\" target=\"_blank\">remplir des Z\u00e9nith<\/a> depuis qu\u2019il est sorti vainqueur de l\u2019\u00e9mission de TF1, la Star Academy. <a href=\"https:\/\/actu.fr\/normandie\/caen_14118\/pierre-garnier-la-nouvelle-star-de-caen-retrouve-ses-fans-au-zenith-pour-la-seconde-fois-en-trois-mois_62726247.html\" rel=\"nofollow noopener\" target=\"_blank\">Le natif de Caen<\/a> avait remport\u00e9 la 11e \u00e9dition en f\u00e9vrier\u00a02024.<\/p>\n<p class=\" wall-content\"><a href=\"https:\/\/www.instagram.com\/reel\/DLNr1eWN2ii\/embed\" title=\"Ouvrir le lien sur Instagram\" rel=\"nofollow noopener\" target=\"_blank\">Visualiser le contenu sur Instagram<\/a><\/p>\n<p class=\" wall-content\">Ed Sheeran est un habitu\u00e9 du genre. Depuis le d\u00e9but de sa tourn\u00e9e en 2022, il <b>accueille r\u00e9guli\u00e8rement sur sc\u00e8ne un artiste \u00ab\u2009local\u2009\u00bb<\/b>. Il y a quelques jours, il avait propos\u00e9 au rappeur marseillais Soprano de partager la sc\u00e8ne du V\u00e9lodrome, quelques minutes avec lui. Ensemble, ils avaient repris \u00ab\u2009En feu\u2009\u00bb.<\/p>\n<p class=\" wall-content\"><a href=\"https:\/\/www.instagram.com\/reel\/DLLYrmmi05M\/embed\" title=\"Ouvrir le lien sur Instagram\" rel=\"nofollow noopener\" target=\"_blank\">Visualiser le contenu sur Instagram<\/a><\/p>\n<p class=\" wall-content\">Samedi \u00e0 Lille, Ed Sheeran a lanc\u00e9 les premi\u00e8res notes de Ceux qu\u2019on \u00e9tait \u00e0 la guitare. <b>Le public a tr\u00e8s vite repris les paroles<\/b> de son c\u00f4t\u00e9, semblant ne faire qu\u2019un vocalement autour des deux artistes pr\u00e9sents sur sc\u00e8ne. Un beau souvenir de plus pour Pierre Garnier dont la carri\u00e8re s\u2019emballe compl\u00e8tement depuis deux ans.<\/p>\n<p class=\" wall-content\">Suivez toute l\u2019actualit\u00e9 de vos villes et m\u00e9dias favoris en vous inscrivant \u00e0 <a href=\"https:\/\/moncompte.actu.fr\" title=\"D\u00e9couvez Mon Actu\" rel=\"nofollow noopener\" data-trk=\"{&quot;cta&quot;:{&quot;action&quot;:&quot;https:\\\/\\\/moncompte.actu.fr&quot;,&quot;category&quot;:&quot;mon compte&quot;,&quot;from&quot;:&quot;article footer&quot;,&quot;name&quot;:&quot;Mon actu&quot;,&quot;type&quot;:&quot;cta&quot;}}\" target=\"_blank\">Mon Actu<\/a>.<\/p>\n<p>                    <script async src=\"\/\/www.instagram.com\/embed.js\"><\/script><\/p>\n","protected":false},"excerpt":{"rendered":"Par R\u00e9daction Caen Publi\u00e9 le 23 juin 2025 \u00e0 7h06 Dans le r\u00e9troviseur de la vie de Pierre&hellip;\n","protected":false},"author":2,"featured_media":197383,"comment_status":"","ping_status":"","sticky":false,"template":"","format":"standard","meta":{"footnotes":""},"categories":[2815],"tags":[1111,11,5164,1777,674,1011,27,811,1307,1652,12,5096,25,5095],"class_list":{"0":"post-197382","1":"post","2":"type-post","3":"status-publish","4":"format-standard","5":"has-post-thumbnail","7":"category-lille","8":"tag-actu","9":"tag-actualites","10":"tag-calvados","11":"tag-eu","12":"tag-europe","13":"tag-fr","14":"tag-france","15":"tag-hauts-de-france","16":"tag-lille","17":"tag-loisirs-culture","18":"tag-news","19":"tag-pierre-garnier","20":"tag-republique-francaise","21":"tag-star-academy"},"share_on_mastodon":{"url":"https:\/\/pubeurope.com\/@fr\/114730987987133359","error":""},"_links":{"self":[{"href":"https:\/\/www.europesays.com\/fr\/wp-json\/wp\/v2\/posts\/197382","targetHints":{"allow":["GET"]}}],"collection":[{"href":"https:\/\/www.europesays.com\/fr\/wp-json\/wp\/v2\/posts"}],"about":[{"href":"https:\/\/www.europesays.com\/fr\/wp-json\/wp\/v2\/types\/post"}],"author":[{"embeddable":true,"href":"https:\/\/www.europesays.com\/fr\/wp-json\/wp\/v2\/users\/2"}],"replies":[{"embeddable":true,"href":"https:\/\/www.europesays.com\/fr\/wp-json\/wp\/v2\/comments?post=197382"}],"version-history":[{"count":0,"href":"https:\/\/www.europesays.com\/fr\/wp-json\/wp\/v2\/posts\/197382\/revisions"}],"wp:featuredmedia":[{"embeddable":true,"href":"https:\/\/www.europesays.com\/fr\/wp-json\/wp\/v2\/media\/197383"}],"wp:attachment":[{"href":"https:\/\/www.europesays.com\/fr\/wp-json\/wp\/v2\/media?parent=197382"}],"wp:term":[{"taxonomy":"category","embeddable":true,"href":"https:\/\/www.europesays.com\/fr\/wp-json\/wp\/v2\/categories?post=197382"},{"taxonomy":"post_tag","embeddable":true,"href":"https:\/\/www.europesays.com\/fr\/wp-json\/wp\/v2\/tags?post=197382"}],"curies":[{"name":"wp","href":"https:\/\/api.w.org\/{rel}","templated":true}]}}