{"id":197384,"date":"2025-06-23T05:18:09","date_gmt":"2025-06-23T05:18:09","guid":{"rendered":"https:\/\/www.europesays.com\/fr\/197384\/"},"modified":"2025-06-23T05:18:09","modified_gmt":"2025-06-23T05:18:09","slug":"voici-ou-il-fait-le-plus-chaud","status":"publish","type":"post","link":"https:\/\/www.europesays.com\/fr\/197384\/","title":{"rendered":"voici o\u00f9 il fait le plus chaud"},"content":{"rendered":"<p>            Par<br \/>\n        <strong><br \/>\n            <a href=\"https:\/\/actu.fr\/auteur\/fabien-binacchi\" title=\"Consulter tous les articles de Fabien Binacchi\" rel=\"nofollow noopener\" target=\"_blank\">Fabien Binacchi<\/a><br \/>\n        <\/strong><\/p>\n<p>        Publi\u00e9 le<\/p>\n<p>            23 juin 2025 \u00e0 7h02        <\/p>\n<p>Les temp\u00e9ratures continuent \u00e0 grimper avec <strong>jusqu\u2019\u00e0 39\u00b0C attendus<\/strong> pr\u00e8s de <a href=\"https:\/\/actu.fr\/marseille\/\" rel=\"nofollow noopener\" target=\"_blank\">Marseille<\/a> cette semaine. Ce lundi 23\u00a0juin 2025, \u00e0 partir de midi, M\u00e9t\u00e9o France place le d\u00e9partement des <a href=\"https:\/\/actu.fr\/provence-alpes-cote-d-azur\/bouches-du-rhone_13\" rel=\"nofollow noopener\" target=\"_blank\">Bouches-du-Rh\u00f4ne<\/a> en vigilance jaune \u00ab\u2009canicule\u2009\u00bb. Et <strong>\u00e7a devrait durer.<\/strong><\/p>\n<p class=\" wall-content\">Voici o\u00f9 il va faire le plus chaud.<\/p>\n<p>\u00ab\u2009Pour au moins trois jours\u2009\u00bb<\/p>\n<p class=\" wall-content\">C\u2019\u00e9tait annonc\u00e9, c\u2019est arriv\u00e9. \u00c0 partir de midi, ce lundi 23\u00a0juin 2025, Marseille et le d\u00e9partement des Bouches-du-Rh\u00f4ne sont officiellement en alerte \u00ab\u2009canicule\u2009\u00bb. La vigilance \u00ab\u2009jaune\u2009\u00bb, <strong>le premier niveau, <\/strong>est activ\u00e9e par M\u00e9t\u00e9o France \u00ab\u2009et ce, pour au moins trois jours\u2009\u00bb, pr\u00e9voit le m\u00e9t\u00e9orologue ind\u00e9pendant Paul Marquis.<\/p>\n<p>    <a href=\"https:\/\/www.facebook.com\/plugins\/post.php?href=https%3A%2F%2Fwww.facebook.com%2Flameteodu13%2Fposts%2Fpfbid035CTyCp6jNnvJrRxuyazPkXF8UBfEEbuUCyXfopJYeyfdmqPQfMzUijswKEciZBbvl&amp;show_text=true&amp;width=350\" title=\"Ouvrie le lien\" rel=\"nofollow noopener\" target=\"_blank\">Cliquez ici pour visualiser le contenu<\/a><\/p>\n<p class=\" wall-content\">Selon le fondateur de La M\u00e9t\u00e9o du 13, <strong>\u00ab\u2009un nouveau pic de chaleur\u2009\u00bb est \u00e0 attendre pour la journ\u00e9e du mardi 24\u00a0juin<\/strong> \u00ab\u2009o\u00f9 il fera jusqu\u2019\u00e0 39\u00b0C localement\u2009\u00bb.<\/p>\n<p>Vid\u00e9os : en ce moment sur Actu<\/p>\n<blockquote class=\"ac-article-quote wall-content\">\n<p>Les temp\u00e9ratures vont aussi se r\u00e9chauffer la nuit. Avec, fr\u00e9quemment, 22\u00b0C \u00e0 24\u00b0C pr\u00e8s des littoraux.<\/p>\n<p>    <strong>Paul Marquis<\/strong>\n            <\/p><\/blockquote>\n<p>Le littoral un peu moins chaud\u00a0avec l\u2019air marin<\/p>\n<p class=\" wall-content\">Aussi bien que, d\u00e8s le matin, ce lundi 23\u00a0juin, il fait d\u00e9j\u00e0 26\u00b0C \u00e0 Marseille et jusqu\u2019\u00e0 30\u00b0C \u00e0 l\u2019int\u00e9rieur des terres, dans le nord-est du d\u00e9partement. Dans l\u2019apr\u00e8s-midi, on attend m\u00eame <strong>34\u00b0C du c\u00f4t\u00e9 de Peyrolles-en-Provence et Trets<\/strong>, dans une atmosph\u00e8re tr\u00e8s lourde. Le d\u00e9partement est \u00e9galement en vigilance jaune pour le risque d\u2019orage.<\/p>\n<p class=\" wall-content\">Mardi, l\u2019air devient encore plus \u00e9touffant\u2009: il fait <strong>30\u00b0C \u00e0 32\u00b0C dans la matin\u00e9e<\/strong> et <strong>jusqu\u2019\u00e0 36\u00b0C, voire 39\u00b0C tr\u00e8s localement,<\/strong> apr\u00e8s midi, toujours pr\u00e8s de l\u2019ouest du Var.<\/p>\n<p class=\" wall-content\">\u00c0 part une l\u00e9g\u00e8re fluctuation, \u00e0 la baisse, pour la journ\u00e9e du jeudi 26 juin, la tendance restera \u00e0 peu pr\u00e8s la m\u00eame toute la semaine, sous un soleil de plomb, sauf dans de rares exceptions. Samedi et dimanche, il fera <strong>jusqu\u2019\u00e0 31\u00b0C \u00e0 Marseille<\/strong> et <strong>35\u00b0C plus au nord.<\/strong><\/p>\n<p>Attention aux enfants et aux personnes vuln\u00e9rables<\/p>\n<p class=\" wall-content\">Dans ces conditions, la pr\u00e9fecture des Bouches-du-Rh\u00f4ne rappelle <strong>\u00ab\u2009les dangers de la canicule\u2009\u00bb<\/strong> pour \u00ab\u2009les nourrissons, les jeunes enfants et les adultes\u2009\u00bb, notamment \u00ab\u2009les travailleurs expos\u00e9s \u00e0 la chaleur et les personnes vuln\u00e9rables\u2009\u00bb.<\/p>\n<blockquote class=\"ac-article-quote wall-content\">\n<p>L\u2019exposition \u00e0 des temp\u00e9ratures \u00e9lev\u00e9es sans p\u00e9riode de fra\u00eecheur suffisante pour permettre \u00e0 l\u2019organisme de r\u00e9cup\u00e9rer, est susceptible d\u2019entra\u00eener de graves complications par d\u00e9passement des capacit\u00e9s de r\u00e9gulation thermique du corps humain. Ces p\u00e9riodes de fortes chaleurs sont alors propices \u00e0 l\u2019aggravation de pathologies li\u00e9es \u00e0 la chaleur.<\/p>\n<p>    <strong>La pr\u00e9fecture des Bouches-du-Rh\u00f4ne<\/strong>\n            <\/p><\/blockquote>\n<p>Boire r\u00e9guli\u00e8rement et \u00e9viter les heures les plus chaudes<\/p>\n<p class=\" wall-content\">Les services de l\u2019\u00c9tat livrent quelques <strong>conseils de pr\u00e9vention\u2009:<\/strong><\/p>\n<ul class=\" wall-content\">\n<li>Maintenir son logement frais (en fermant fen\u00eatres et volets la journ\u00e9e et en les ouvrant le soir et la nuit, s\u2019il fait plus frais)<\/li>\n<li>Boire r\u00e9guli\u00e8rement et fr\u00e9quemment de l\u2019eau sans attendre d\u2019avoir soif<\/li>\n<li>Se rafra\u00eechir et se mouiller le corps plusieurs fois par jour<\/li>\n<li>Passer si possible 2 \u00e0 3\u00a0heures par jour dans un lieu frais<\/li>\n<li>\u00c9viter de sortir aux heures les plus chaudes et de pratiquer une activit\u00e9 physique<\/li>\n<li>Les nourrissons et les jeunes enfants ne doivent jamais \u00eatre laiss\u00e9s en plein soleil, m\u00eame quelques minutes, particuli\u00e8rement dans des v\u00e9hicules ferm\u00e9s.<\/li>\n<\/ul>\n<p class=\" wall-content\">\n<p class=\" wall-content\">La vigilance jaune \u00ab\u2009canicule\u2009\u00bb est pour le moment, officiellement, <strong>en vigueur jusqu\u2019au mardi 24\u00a0juin, \u00e0 minuit,<\/strong> mais <strong>elle devrait \u00eatre renouvel\u00e9e<\/strong> au moins pendant trois jours et tr\u00e8s probablement au cours du week-end, selon les pr\u00e9visions de temp\u00e9ratures.<\/p>\n<p class=\" wall-content\">Suivez toute l\u2019actualit\u00e9 de vos villes et m\u00e9dias favoris en vous inscrivant \u00e0 <a href=\"https:\/\/moncompte.actu.fr\" title=\"D\u00e9couvez Mon Actu\" rel=\"nofollow noopener\" data-trk=\"{&quot;cta&quot;:{&quot;action&quot;:&quot;https:\\\/\\\/moncompte.actu.fr&quot;,&quot;category&quot;:&quot;mon compte&quot;,&quot;from&quot;:&quot;article footer&quot;,&quot;name&quot;:&quot;Mon actu&quot;,&quot;type&quot;:&quot;cta&quot;}}\" target=\"_blank\">Mon Actu<\/a>.<\/p>\n<ul class=\"ac-article-tag wall-content\">\n<li><a href=\"https:\/\/actu.fr\/tag\/meteo-france\" data-trk=\"{&quot;cta&quot;:{&quot;action&quot;:&quot;M\\u00e9t\\u00e9o France&quot;,&quot;category&quot;:&quot;tag&quot;,&quot;from&quot;:&quot;article footer&quot;,&quot;name&quot;:&quot;M\\u00e9t\\u00e9o France&quot;,&quot;type&quot;:&quot;cta&quot;}}\" rel=\"nofollow noopener\" target=\"_blank\">#M\u00e9t\u00e9o France<\/a><\/li>\n<li><a href=\"https:\/\/actu.fr\/tag\/vague-de-chaleur\" data-trk=\"{&quot;cta&quot;:{&quot;action&quot;:&quot;Vague de chaleur&quot;,&quot;category&quot;:&quot;tag&quot;,&quot;from&quot;:&quot;article footer&quot;,&quot;name&quot;:&quot;Vague de chaleur&quot;,&quot;type&quot;:&quot;cta&quot;}}\" rel=\"nofollow noopener\" target=\"_blank\">#Vague de chaleur<\/a><\/li>\n<\/ul>\n","protected":false},"excerpt":{"rendered":"Par Fabien Binacchi Publi\u00e9 le 23 juin 2025 \u00e0 7h02 Les temp\u00e9ratures continuent \u00e0 grimper avec jusqu\u2019\u00e0 39\u00b0C&hellip;\n","protected":false},"author":2,"featured_media":197385,"comment_status":"","ping_status":"","sticky":false,"template":"","format":"standard","meta":{"footnotes":""},"categories":[2814],"tags":[1111,11,1777,674,1011,27,884,2487,2357,12,882,25,15637],"class_list":{"0":"post-197384","1":"post","2":"type-post","3":"status-publish","4":"format-standard","5":"has-post-thumbnail","7":"category-marseille","8":"tag-actu","9":"tag-actualites","10":"tag-eu","11":"tag-europe","12":"tag-fr","13":"tag-france","14":"tag-marseille","15":"tag-meteo","16":"tag-meteo-france","17":"tag-news","18":"tag-provence-alpes-cote-dazur","19":"tag-republique-francaise","20":"tag-vague-de-chaleur"},"share_on_mastodon":{"url":"https:\/\/pubeurope.com\/@fr\/114730991806098098","error":""},"_links":{"self":[{"href":"https:\/\/www.europesays.com\/fr\/wp-json\/wp\/v2\/posts\/197384","targetHints":{"allow":["GET"]}}],"collection":[{"href":"https:\/\/www.europesays.com\/fr\/wp-json\/wp\/v2\/posts"}],"about":[{"href":"https:\/\/www.europesays.com\/fr\/wp-json\/wp\/v2\/types\/post"}],"author":[{"embeddable":true,"href":"https:\/\/www.europesays.com\/fr\/wp-json\/wp\/v2\/users\/2"}],"replies":[{"embeddable":true,"href":"https:\/\/www.europesays.com\/fr\/wp-json\/wp\/v2\/comments?post=197384"}],"version-history":[{"count":0,"href":"https:\/\/www.europesays.com\/fr\/wp-json\/wp\/v2\/posts\/197384\/revisions"}],"wp:featuredmedia":[{"embeddable":true,"href":"https:\/\/www.europesays.com\/fr\/wp-json\/wp\/v2\/media\/197385"}],"wp:attachment":[{"href":"https:\/\/www.europesays.com\/fr\/wp-json\/wp\/v2\/media?parent=197384"}],"wp:term":[{"taxonomy":"category","embeddable":true,"href":"https:\/\/www.europesays.com\/fr\/wp-json\/wp\/v2\/categories?post=197384"},{"taxonomy":"post_tag","embeddable":true,"href":"https:\/\/www.europesays.com\/fr\/wp-json\/wp\/v2\/tags?post=197384"}],"curies":[{"name":"wp","href":"https:\/\/api.w.org\/{rel}","templated":true}]}}