{"id":197391,"date":"2025-06-23T05:23:16","date_gmt":"2025-06-23T05:23:16","guid":{"rendered":"https:\/\/www.europesays.com\/fr\/197391\/"},"modified":"2025-06-23T05:23:16","modified_gmt":"2025-06-23T05:23:16","slug":"plus-de-35-degres-mercredi-nouveau-risque-de-canicule-sur-la-region","status":"publish","type":"post","link":"https:\/\/www.europesays.com\/fr\/197391\/","title":{"rendered":"plus de 35 degr\u00e9s mercredi ! Nouveau risque de canicule sur la r\u00e9gion ?"},"content":{"rendered":"<p> <img decoding=\"async\" fetchpriority=\"high\" src=\"https:\/\/www.europesays.com\/fr\/wp-content\/uploads\/2025\/06\/dailymotion-x9lqf2a_1024.jpg\"  width=\"768\" height=\"432\" id=\"x9lqf2a\"\/>  <\/p>\n<p>Apr\u00e8s un samedi tr\u00e8s chaud avec plus de 35 degr\u00e9s, les temp\u00e9ratures ont fortement baiss\u00e9 hier. Mais elles devraient rapidement repartir \u00e0 la hausse. Y a-t-il un nouveau risque de temp\u00e9ratures caniculaires cette semaine en r\u00e9gion parisienne ?<\/p>\n<p>    <img decoding=\"async\" fetchpriority=\"high\" src=\"https:\/\/www.europesays.com\/fr\/wp-content\/uploads\/2025\/04\/marc-hay.jpg\" alt=\"Marc Hay\" width=\"40\" height=\"40\"\/>    <a class=\"nombre text-hv\" href=\"https:\/\/www.tameteo.com\/auteur\/marc-hay\/\" title=\"Marc Hay\" target=\"_blank\" rel=\"noopener\">Marc Hay<\/a>         23\/06\/2025 07:03   5 min   <\/p>\n<p>Le week-end a \u00e9t\u00e9 chaud, peut-\u00eatre m\u00eame trop chaud, notamment au cours de la journ\u00e9e de samedi <strong>avec une temp\u00e9rature difficilement supportable de 35,3\u00b0C \u00e0 Paris. <\/strong>Les temp\u00e9ratures ont ensuite sensiblement baiss\u00e9 dimanche, mais la chaleur restait bien pr\u00e9sente hier apr\u00e8s-midi dans les rues de la capitale, avec 29,7\u00b0C relev\u00e9s.<\/p>\n<p><strong>Ce d\u00e9but de semaine s\u2019annonce plus respirable, <\/strong>du moins pour cette journ\u00e9e de lundi, gr\u00e2ce \u00e0 un vent d\u2019ouest qui souffle sur la r\u00e9gion et un ciel parfois assez nuageux. Le r\u00e9pit sera toutefois de tr\u00e8s courte dur\u00e9e,<strong> car les temp\u00e9ratures vont franchement repartir \u00e0 la hausse d\u00e8s demain.<\/strong><\/p>\n<p>Mercredi,<strong> une nouvelle fournaise est attendue en \u00cele-de-France, avec des pointes au-del\u00e0 des 35 degr\u00e9s. <\/strong>Cela annonce-t-il un nouveau risque de canicule sur la r\u00e9gion parisienne ? Pour le savoir, retrouvez nos pr\u00e9visions m\u00e9t\u00e9o compl\u00e8tes dans cet article.<\/p>\n<p>Chaleur raisonnable ! <\/p>\n<p>Un front tr\u00e8s att\u00e9nu\u00e9 aborde les c\u00f4tes de la Manche ce lundi matin et apporte quelques pluies faibles. \u00c0 l&rsquo;avant du front, <strong>le ciel est tr\u00e8s nuageux sur la r\u00e9gion parisienne. <\/strong>Le soleil brille toutefois encore temporairement sur le sud de la <a href=\"https:\/\/www.tameteo.com\/meteo-Europe-France-Ile+de+France-Seine+et+Marne-1-1-135-29-5839.html\" data-mrf-recirculation=\"cuerpo_intext\" target=\"_blank\" rel=\"noopener\">Seine-et-Marne<\/a>.<\/p>\n<p><img loading=\"lazy\" decoding=\"async\" fetchpriority=\"low\" class=\"lazy \" src=\"https:\/\/www.europesays.com\/fr\/wp-content\/uploads\/2025\/06\/meteo-a-paris-et-en-ile-de-france-a-nouveau-des-temperatures-caniculaires-cette-semaine-que-montrent.png\"  width=\"768\" height=\"432\" alt=\"Chaleur raisonnable pour d\u00e9buter la semaine : temp\u00e9ratures pr\u00e9vues cet apr\u00e8s-midi en r\u00e9gion parisienne.\" title=\"Chaleur raisonnable pour d\u00e9buter la semaine : temp\u00e9ratures pr\u00e9vues cet apr\u00e8s-midi en r\u00e9gion parisienne.\" data-image=\"tw057v2idt2h\"\/>Chaleur raisonnable pour d\u00e9buter la semaine : temp\u00e9ratures pr\u00e9vues cet apr\u00e8s-midi en r\u00e9gion parisienne.<\/p>\n<p>Cet apr\u00e8s-midi, la perturbation progressera vers l\u2019\u00cele-de-France, mais elle perdra de son activit\u00e9 en raison des hautes pressions. Cons\u00e9quence :<strong> la couverture nuageuse se morcellera et quelques belles \u00e9claircies devraient finir par s\u2019inviter.<\/strong><\/p>\n<p><a class=\"imagen \" href=\"https:\/\/www.tameteo.com\/actualites\/previsions\/mercredi-des-orages-sont-attendus-en-france-decouvrez-quels-secteurs-seront-les-plus-exposes-risque-intemperie-meteo-chaleur.html\" title=\"Des orages sont attendus en France, notamment d&#039;ici mercredi ! D\u00e9couvrez si vous \u00eates expos\u00e9s.\" target=\"_blank\" rel=\"noopener\"><img loading=\"lazy\" decoding=\"async\" fetchpriority=\"low\" class=\"lazy img-body non-editable\" src=\"https:\/\/www.europesays.com\/fr\/wp-content\/uploads\/2025\/06\/mercredi-des-orages-sont-attendus-en-france-decouvrez-quels-secteurs-seront-les-plus-exposes-risque-.png\"  width=\"320\" height=\"225\" alt=\"Des orages sont attendus en France, notamment d'ici mercredi ! D\u00e9couvrez si vous \u00eates expos\u00e9s.\"\/><\/a><\/p>\n<p>Le vent reste orient\u00e9 au secteur ouest, ce qui permet de conserver des temp\u00e9ratures tout \u00e0 fait raisonnables. <strong>Une moyenne de 26 degr\u00e9s est pr\u00e9vue cet apr\u00e8s-midi sur la r\u00e9gion, <\/strong>soit une temp\u00e9rature conforme pour un 23 juin.<\/p>\n<p>Forte hausse d\u00e8s demain <\/p>\n<p>D\u00e8s demain, un franc soleil s\u2019imposera de nouveau sur la r\u00e9gion avec le retour de l\u2019anticyclone. <strong>Les temp\u00e9ratures en profiteront pour gagner environ 5 degr\u00e9s par rapport \u00e0 la veille.<\/strong><\/p>\n<p><img loading=\"lazy\" decoding=\"async\" fetchpriority=\"low\" class=\"lazy \" src=\"https:\/\/www.europesays.com\/fr\/wp-content\/uploads\/2025\/06\/1750656194_815_meteo-a-paris-et-en-ile-de-france-a-nouveau-des-temperatures-caniculaires-cette-semaine-que-montrent.png\"  width=\"768\" height=\"432\" alt=\"Tr\u00e8s forte hausse des temp\u00e9ratures entre mardi et mercredi !\" title=\"Tr\u00e8s forte hausse des temp\u00e9ratures entre mardi et mercredi !\" data-image=\"ihf5m6fu01e5\"\/>Tr\u00e8s forte hausse des temp\u00e9ratures entre mardi et mercredi !<\/p>\n<p><strong>Il est pr\u00e9vu pas moins de 30 degr\u00e9s \u00e0 l\u2019ombre mardi apr\u00e8s-midi \u00e0 <a href=\"https:\/\/www.tameteo.com\/meteo_Paris-Europe-France-Paris-LFPB-1-26048.html\" data-mrf-recirculation=\"cuerpo_intext\" target=\"_blank\" rel=\"noopener\">Paris<\/a> et en r\u00e9gion parisienne.<\/strong> \u00c0 noter que le mercure devrait descendre jusqu\u2019\u00e0 16 degr\u00e9s mardi matin dans la capitale, ce qui permettra aux organismes de ne pas trop souffrir de la chaleur.<\/p>\n<p>Pic de chaleur mercredi <\/p>\n<p>D\u00e8s mercredi, un nouveau pic de chaleur est tr\u00e8s probable sur la r\u00e9gion parisienne, <strong>avec des maximales qui devraient d\u00e9passer les 35 degr\u00e9s. <\/strong><\/p>\n<p><img loading=\"lazy\" decoding=\"async\" fetchpriority=\"low\" class=\"lazy \" src=\"https:\/\/www.europesays.com\/fr\/wp-content\/uploads\/2025\/06\/1750656195_384_meteo-a-paris-et-en-ile-de-france-a-nouveau-des-temperatures-caniculaires-cette-semaine-que-montrent.png\"  width=\"768\" height=\"432\" alt=\"Plus de 35 degr\u00e9s mercredi apr\u00e8s-midi !\" title=\"Plus de 35 degr\u00e9s mercredi apr\u00e8s-midi !\" data-image=\"2dtrs8z1xhff\"\/>Plus de 35 degr\u00e9s mercredi apr\u00e8s-midi !<\/p>\n<p>Localement,<strong> des pointes \u00e0 36 voire 37 degr\u00e9s sont envisag\u00e9es par certains mod\u00e8les.<\/strong><\/p>\n<p><img loading=\"lazy\" decoding=\"async\" fetchpriority=\"low\" class=\"lazy \" src=\"https:\/\/www.europesays.com\/fr\/wp-content\/uploads\/2025\/06\/1750656196_984_meteo-a-paris-et-en-ile-de-france-a-nouveau-des-temperatures-caniculaires-cette-semaine-que-montrent.png\"  width=\"768\" height=\"432\" alt=\"D\u00e9gradation orageuse attendue mercredi soir en \u00cele-de-France.\" title=\"D\u00e9gradation orageuse attendue mercredi soir en \u00cele-de-France.\" data-image=\"49uwovoslg0q\"\/>D\u00e9gradation orageuse attendue mercredi soir en \u00cele-de-France. <\/p>\n<p>Il faudra toutefois surveiller en soir\u00e9e<strong> l\u2019arriv\u00e9e d\u2019une d\u00e9gradation orageuse marqu\u00e9e par les r\u00e9gions de l\u2019ouest (orages attendus apr\u00e8s 18 heures a priori). <\/strong><\/p>\n<p>Nouvelle baisse ensuite <\/p>\n<p>Apr\u00e8s le passage des orages, <strong>une nouvelle baisse des temp\u00e9ratures est attendue jeudi sur la r\u00e9gion, <\/strong>avec le maintien de conditions encore instables et orageuses au cours de la journ\u00e9e.<\/p>\n<p><a class=\"imagen \" href=\"https:\/\/www.tameteo.com\/actualites\/previsions\/meteo-de-la-semaine-en-france-vers-un-nouveau-pic-de-forte-chaleur-decouvrez-nos-previsions-et-nos-cartes-temperatures-risque-canicule-goutte-froide.html\" title=\"M\u00e9t\u00e9o de la semaine en France : vers un nouveau pic de forte chaleur ? D\u00e9couvrez nos pr\u00e9visions et nos cartes\" target=\"_blank\" rel=\"noopener\"><img loading=\"lazy\" decoding=\"async\" fetchpriority=\"low\" class=\"lazy img-body non-editable\" src=\"https:\/\/www.europesays.com\/fr\/wp-content\/uploads\/2025\/06\/meteo-de-la-semaine-en-france-vers-un-nouveau-pic-de-forte-chaleur-decouvrez-nos-previsions-et-nos-c.png\"  width=\"320\" height=\"225\" alt=\"M\u00e9t\u00e9o de la semaine en France : vers un nouveau pic de forte chaleur ? D\u00e9couvrez nos pr\u00e9visions et nos cartes\"\/><\/a><\/p>\n<p>D\u00e8s vendredi,<strong> les temp\u00e9ratures repartiront \u00e0 la hausse, <\/strong>m\u00eame si le ciel restera sans doute encore assez nuageux.<\/p>\n<p>Nouveau pic de chaleur le week-end prochain <\/p>\n<p>Entre samedi et dimanche, <strong>les temp\u00e9ratures devraient \u00e0 nouveau repartir \u00e0 la hausse, <\/strong>avec des conditions m\u00e9t\u00e9o de plus en plus ensoleill\u00e9es.<\/p>\n<p>Selon les toutes derni\u00e8res pr\u00e9visions, la chaleur pourrait encore s\u2019accentuer dimanche, <strong>avec des maximales qui d\u00e9passeraient largement la barre des 30 degr\u00e9s.<\/strong> La fin du mois de juin pourrait donc, une nouvelle fois, \u00eatre tr\u00e8s chaude sur la r\u00e9gion parisienne.<\/p>\n","protected":false},"excerpt":{"rendered":"Apr\u00e8s un samedi tr\u00e8s chaud avec plus de 35 degr\u00e9s, les temp\u00e9ratures ont fortement baiss\u00e9 hier. Mais elles&hellip;\n","protected":false},"author":2,"featured_media":197392,"comment_status":"","ping_status":"","sticky":false,"template":"","format":"standard","meta":{"footnotes":""},"categories":[1592],"tags":[1111,11,6698,13208,1777,674,1011,27,662,2487,12,4594,626,25,13209,27202],"class_list":{"0":"post-197391","1":"post","2":"type-post","3":"status-publish","4":"format-standard","5":"has-post-thumbnail","7":"category-ile-de-france","8":"tag-actu","9":"tag-actualites","10":"tag-canicule","11":"tag-chaleur","12":"tag-eu","13":"tag-europe","14":"tag-fr","15":"tag-france","16":"tag-ile-de-france","17":"tag-meteo","18":"tag-news","19":"tag-orages","20":"tag-paris","21":"tag-republique-francaise","22":"tag-temperatures","23":"tag-vigilance-orange"},"share_on_mastodon":{"url":"https:\/\/pubeurope.com\/@fr\/114731012042319378","error":""},"_links":{"self":[{"href":"https:\/\/www.europesays.com\/fr\/wp-json\/wp\/v2\/posts\/197391","targetHints":{"allow":["GET"]}}],"collection":[{"href":"https:\/\/www.europesays.com\/fr\/wp-json\/wp\/v2\/posts"}],"about":[{"href":"https:\/\/www.europesays.com\/fr\/wp-json\/wp\/v2\/types\/post"}],"author":[{"embeddable":true,"href":"https:\/\/www.europesays.com\/fr\/wp-json\/wp\/v2\/users\/2"}],"replies":[{"embeddable":true,"href":"https:\/\/www.europesays.com\/fr\/wp-json\/wp\/v2\/comments?post=197391"}],"version-history":[{"count":0,"href":"https:\/\/www.europesays.com\/fr\/wp-json\/wp\/v2\/posts\/197391\/revisions"}],"wp:featuredmedia":[{"embeddable":true,"href":"https:\/\/www.europesays.com\/fr\/wp-json\/wp\/v2\/media\/197392"}],"wp:attachment":[{"href":"https:\/\/www.europesays.com\/fr\/wp-json\/wp\/v2\/media?parent=197391"}],"wp:term":[{"taxonomy":"category","embeddable":true,"href":"https:\/\/www.europesays.com\/fr\/wp-json\/wp\/v2\/categories?post=197391"},{"taxonomy":"post_tag","embeddable":true,"href":"https:\/\/www.europesays.com\/fr\/wp-json\/wp\/v2\/tags?post=197391"}],"curies":[{"name":"wp","href":"https:\/\/api.w.org\/{rel}","templated":true}]}}