{"id":197413,"date":"2025-06-23T05:34:12","date_gmt":"2025-06-23T05:34:12","guid":{"rendered":"https:\/\/www.europesays.com\/fr\/197413\/"},"modified":"2025-06-23T05:34:12","modified_gmt":"2025-06-23T05:34:12","slug":"la-priorite-des-patriotes-est-de-changer-le-leadership-a-bruxelles","status":"publish","type":"post","link":"https:\/\/www.europesays.com\/fr\/197413\/","title":{"rendered":"\u00ab La priorit\u00e9 des patriotes est de changer le leadership \u00e0 Bruxelles \u00bb"},"content":{"rendered":"<p style=\"text-align: justify;\">Alors que l\u2019Union europ\u00e9enne s\u2019enlise dans des crises multiples \u2014 migratoires, \u00e9conomiques, identitaires \u2014, la Hongrie de Viktor Orb\u00e1n affiche une ambition claire : renverser le pouvoir bruxellois et restaurer la souverainet\u00e9 des nations<a href=\"https:\/\/europeanconservative.com\/articles\/interviews\/patriots-balazs-orban-brussels-elites-hungary-ep-changing-eu-leadership\/\" target=\"_blank\" rel=\"noopener\">. C\u2019est le message sans d\u00e9tour port\u00e9 par Bal\u00e1zs Orb\u00e1n, conseiller politique du Premier ministre hongrois<\/a>, lors d\u2019un entretien \u00e0 Paris \u00e0 l\u2019occasion du sommet des\u00a0Patriotes pour l\u2019Europe.<\/p>\n<p><strong>Vers une refondation patriote de l\u2019Union europ\u00e9enne ?<\/strong><\/p>\n<p style=\"text-align: justify;\">Un an apr\u00e8s les \u00e9lections europ\u00e9ennes de 2024, les forces nationales-conservatrices regroup\u00e9es au sein des Patriotes pour l\u2019Europe (PfE) ont pris une place centrale au Parlement europ\u00e9en. Bal\u00e1zs Orb\u00e1n ne cache pas son objectif : \u00ab Nous voulons \u00eatre le plus grand groupe, et nous voulons renverser Bruxelles. \u00bb<\/p>\n<p style=\"text-align: justify;\">Selon lui, cette dynamique est aliment\u00e9e par la trahison des partis dits \u00ab traditionnels \u00bb de droite, notamment le PPE, qui ont choisi de s\u2019aligner sur l\u2019agenda progressiste europ\u00e9en au lieu d\u2019\u00e9couter les peuples. \u00ab Sur l\u2019immigration, l\u2019id\u00e9ologie du genre, la guerre, la transition verte, la comp\u00e9titivit\u00e9 : ce sont des conflits de civilisation, et les partis de l\u2019ancien syst\u00e8me ont abandonn\u00e9 leurs \u00e9lecteurs \u00bb, ass\u00e8ne-t-il.<\/p>\n<p style=\"text-align: justify;\">Aujourd\u2019hui, les trois principaux groupes conservateurs \u2014 les Patriotes (PfE), les R\u00e9formistes (ECR) et les Souverainistes (ESN) \u2014 disposent ensemble d\u2019un poids parlementaire sup\u00e9rieur \u00e0 celui du PPE. Une coalition alternative aurait pu \u00e9merger si le centre-droit n\u2019avait pas choisi de s\u2019allier aux sociaux-d\u00e9mocrates, aux lib\u00e9raux de Renew et aux Verts. En proc\u00e9dant ainsi, ces derniers ont mis en place un \u00ab cordon sanitaire \u00bb contre toute opposition patriote, excluant de facto des millions d\u2019\u00e9lecteurs du jeu politique europ\u00e9en.<\/p>\n<p style=\"text-align: justify;\">Malgr\u00e9 cela, Orb\u00e1n affirme que les forces patriotes gagnent du terrain partout : \u00ab Presque tous les partis membres du groupe des Patriotes remportent des \u00e9lections nationales et locales. L\u2019\u00e9lan est l\u00e0. \u00bb<\/p>\n<p><strong>La Hongrie en fer de lance<\/strong><\/p>\n<p style=\"text-align: justify;\">Si la Hongrie occupe une place de choix dans cette offensive patriote, c\u2019est parce que le parti au pouvoir, Fidesz, n\u2019est pas seulement cofondateur du PfE : il en est aussi l\u2019unique force gouvernementale majeure, \u00e0 l\u2019exception du parti de Matteo Salvini en Italie.<\/p>\n<p style=\"text-align: justify;\">Mais c\u2019est aussi la raison pour laquelle Bruxelles ne cesse de cibler Budapest, sous couvert de \u00ab protection de l\u2019\u00c9tat de droit \u00bb ou de \u00ab valeurs europ\u00e9ennes \u00bb. Pour Bal\u00e1zs Orb\u00e1n, cela masque mal une guerre politique visant \u00e0 \u00e9touffer toute voix dissidente : \u00ab Que ce soit pour prot\u00e9ger les enfants de l\u2019id\u00e9ologie du genre, limiter l\u2019influence des ONG \u00e9trang\u00e8res ou d\u00e9fendre nos fronti\u00e8res, la Hongrie ne c\u00e9dera pas. \u00bb<\/p>\n<p style=\"text-align: justify;\">Et de rappeler : \u00ab Notre identit\u00e9 nationale repose sur mille ans de lutte pour la souverainet\u00e9. \u00bb<\/p>\n<p style=\"text-align: justify;\">L\u2019un des principaux chevaux de bataille de Bruxelles concerne la suppression du droit de veto des \u00c9tats au sein du Conseil de l\u2019Union. Une ligne rouge pour la Hongrie. \u00ab Nous avons retrouv\u00e9 notre souverainet\u00e9 apr\u00e8s cinq si\u00e8cles critiques, ce n\u2019est pas pour la livrer \u00e0 Bruxelles de mani\u00e8re volontaire \u00bb, affirme Orb\u00e1n.<\/p>\n<p style=\"text-align: justify;\">Autre point de friction : la volont\u00e9 de la Commission europ\u00e9enne d\u2019int\u00e9grer l\u2019Ukraine d\u2019ici 2029, sans m\u00eame consulter les peuples. Budapest a lanc\u00e9 une large consultation nationale \u00e0 ce sujet, tant les cons\u00e9quences \u00e9conomiques de cette adh\u00e9sion sont jug\u00e9es catastrophiques.<\/p>\n<p style=\"text-align: justify;\">Selon les projections, la reconstruction de l\u2019Ukraine pourrait co\u00fbter jusqu\u2019\u00e0 1 000 milliards de dollars, auxquels s\u2019ajouteraient 100 milliards d\u2019euros par an pour faire fonctionner le pays. Une charge qui ferait de tous les autres membres (sauf peut-\u00eatre la Bulgarie) des contributeurs nets, mettant fin aux fonds de coh\u00e9sion et agricoles pour les \u00c9tats membres existants.<\/p>\n<p style=\"text-align: justify;\">\u00ab L\u2019objectif de cette adh\u00e9sion pr\u00e9cipit\u00e9e est clair : emp\u00eacher les \u00e9lecteurs europ\u00e9ens de s\u2019y opposer lors des prochaines \u00e9lections \u00bb, d\u00e9nonce Orb\u00e1n.<\/p>\n<p><strong>Un pr\u00e9texte pour centraliser toujours plus le pouvoir<\/strong><\/p>\n<p style=\"text-align: justify;\">Pour le politologue hongrois, le projet d\u2019\u00e9largissement n\u2019est en r\u00e9alit\u00e9 qu\u2019un levier pour acc\u00e9l\u00e9rer la centralisation du pouvoir bruxellois. \u00ab Les f\u00e9d\u00e9ralistes pro-guerre cherchent une nouvelle identit\u00e9 \u00e0 Bruxelles et justifient la centralisation au nom de l\u2019\u00e9largissement. C\u2019est une man\u0153uvre habile, mais c\u2019est un mensonge \u00bb, mart\u00e8le-t-il.<\/p>\n<p style=\"text-align: justify;\">Il y voit une alliance entre bureaucrates f\u00e9d\u00e9ralistes et \u00e9lites lib\u00e9rales pro-guerre d\u00e9termin\u00e9es \u00e0 poursuivre l\u2019affrontement avec la Russie \u00ab aussi longtemps que n\u00e9cessaire \u00bb, au d\u00e9triment des int\u00e9r\u00eats fondamentaux des Europ\u00e9ens. Face \u00e0 l\u2019explosion des co\u00fbts de l\u2019\u00e9nergie, \u00e0 la perte de comp\u00e9titivit\u00e9, au vieillissement d\u00e9mographique et \u00e0 l\u2019effondrement culturel, Orb\u00e1n lance un avertissement solennel : \u00ab Si l\u2019Europe ne change pas de strat\u00e9gie, elle deviendra la grande perdante du XXIe si\u00e8cle. \u00bb<\/p>\n<p style=\"text-align: justify;\">Et de conclure : \u00ab Ce que nous faisons en Hongrie, nous devons maintenant le faire \u00e0 l\u2019\u00e9chelle europ\u00e9enne. Il faut changer la direction de l\u2019Union. Voil\u00e0 la priorit\u00e9 des patriotes. \u00bb<\/p>\n<p style=\"text-align: justify;\">[cc] Breizh-info.com, 2025, d\u00e9p\u00eaches libres de copie et de diffusion sous r\u00e9serve de mention et de lien vers la source d\u2019origine<\/p>\n","protected":false},"excerpt":{"rendered":"Alors que l\u2019Union europ\u00e9enne s\u2019enlise dans des crises multiples \u2014 migratoires, \u00e9conomiques, identitaires \u2014, la Hongrie de Viktor&hellip;\n","protected":false},"author":2,"featured_media":197414,"comment_status":"","ping_status":"","sticky":false,"template":"","format":"standard","meta":{"footnotes":""},"categories":[1586],"tags":[11,33719,2360,1777,674,1779,1011,27,12,25,1778,364],"class_list":{"0":"post-197413","1":"post","2":"type-post","3":"status-publish","4":"format-standard","5":"has-post-thumbnail","7":"category-europe","8":"tag-actualites","9":"tag-balazs-orban","10":"tag-bruxelles","11":"tag-eu","12":"tag-europe","13":"tag-european-union","14":"tag-fr","15":"tag-france","16":"tag-news","17":"tag-republique-francaise","18":"tag-ue","19":"tag-union-europeenne"},"share_on_mastodon":{"url":"https:\/\/pubeurope.com\/@fr\/114731054798246305","error":""},"_links":{"self":[{"href":"https:\/\/www.europesays.com\/fr\/wp-json\/wp\/v2\/posts\/197413","targetHints":{"allow":["GET"]}}],"collection":[{"href":"https:\/\/www.europesays.com\/fr\/wp-json\/wp\/v2\/posts"}],"about":[{"href":"https:\/\/www.europesays.com\/fr\/wp-json\/wp\/v2\/types\/post"}],"author":[{"embeddable":true,"href":"https:\/\/www.europesays.com\/fr\/wp-json\/wp\/v2\/users\/2"}],"replies":[{"embeddable":true,"href":"https:\/\/www.europesays.com\/fr\/wp-json\/wp\/v2\/comments?post=197413"}],"version-history":[{"count":0,"href":"https:\/\/www.europesays.com\/fr\/wp-json\/wp\/v2\/posts\/197413\/revisions"}],"wp:featuredmedia":[{"embeddable":true,"href":"https:\/\/www.europesays.com\/fr\/wp-json\/wp\/v2\/media\/197414"}],"wp:attachment":[{"href":"https:\/\/www.europesays.com\/fr\/wp-json\/wp\/v2\/media?parent=197413"}],"wp:term":[{"taxonomy":"category","embeddable":true,"href":"https:\/\/www.europesays.com\/fr\/wp-json\/wp\/v2\/categories?post=197413"},{"taxonomy":"post_tag","embeddable":true,"href":"https:\/\/www.europesays.com\/fr\/wp-json\/wp\/v2\/tags?post=197413"}],"curies":[{"name":"wp","href":"https:\/\/api.w.org\/{rel}","templated":true}]}}