{"id":197425,"date":"2025-06-23T05:41:09","date_gmt":"2025-06-23T05:41:09","guid":{"rendered":"https:\/\/www.europesays.com\/fr\/197425\/"},"modified":"2025-06-23T05:41:09","modified_gmt":"2025-06-23T05:41:09","slug":"pronostic-tomas-martin-etcheverry-roberto-bautista-agut-atp-majorque","status":"publish","type":"post","link":"https:\/\/www.europesays.com\/fr\/197425\/","title":{"rendered":"Pronostic Tomas Martin Etcheverry Roberto Bautista-Agut &#8211; ATP Majorque"},"content":{"rendered":"<p class=\"text-xs leading-5 text-gray-400 mb-2\">\n                        Publi\u00e9 le 22\/06\/2025 11:40<br \/>\n                        \u00a0par<br \/>\n                                                            <a href=\"https:\/\/www.sportytrader.com\/auteur\/leo-measson-54\/\" target=\"_blank\" rel=\"noopener\">L\u00e9o Measson<\/a><\/p>\n<p>                                                    |<br \/>\n                            Modifi\u00e9 le<br \/>\n                                22\/06\/2025<br \/>\n                                \u00e0 11:52<\/p>\n<p>                                                                                                            dans<br \/>\n                                <a data-trans=\"tips.published.sport %sport%\" href=\"https:\/\/www.sportytrader.com\/pronostics\/tennis\/\" target=\"_blank\" rel=\"noopener\"><br \/>\n                                    Pronostics Tennis<br \/>\n                                <\/a><\/p>\n<p>Cette semaine, c&rsquo;est au tour du tournoi sur gazon de Majorque d&rsquo;ouvrir ses portes pour pr\u00e9parer au mieux les joueurs au prochain Grand Chelem de Wimbledon ! Et dans ce 16e de finale, ce sont l&rsquo;argentin\u00a0Tomas Martin Etcheverry et le local espagnol\u00a0Roberto Bautista-Agut qui vont s&rsquo;affronter pour une place en 8e de finale.\u00a0<\/p>\n<p>Tomas Martin Etcheverry a d\u00e9but\u00e9 sa saison sur gazon par une d\u00e9faite d\u00e8s le premier tour au tournoi de S-Hertogenbosch sans r\u00e9ussir \u00e0 remporter de set\u00a0face au finlandais et 99e mondial\u00a0Otto Virtanen. Mais l&rsquo;argentin a rapidement su remonter la pente puisqu&rsquo;il a remporter ses 2 premiers tours au tournoi de Halle la semaine derni\u00e8re en stoppant Pedro Martinez au premier tour puis le top 15 Andrey Rublev dans un duel en 3 sets, avant d&rsquo;\u00eatre stopp\u00e9 par Karen Khachanov.<\/p>\n<p>Roberto Bautista-Agut, de son c\u00f4t\u00e9, est la t\u00eate de s\u00e9rie num\u00e9ro 7 de ce tournoi. L&rsquo;espagnol de 37 ans a \u00e9galement mal d\u00e9but\u00e9 sa saison sur gazon en s&rsquo;inclinant au m\u00eame tournoi hollandais que son adversaire d\u00e8s le premier tour face \u00e0 Hubert Hurcakz. Mais les courts de tennis du Queen&rsquo;s lui ont bien mieux r\u00e9ussi puisqu&rsquo;il a su remporter 3 exceptionnelles victoires cons\u00e9cutives face \u00e0 Nuno Borges, Jakub Mensik et Holger Rune avant de s&rsquo;incliner en demi-finale face \u00e0 Carlos Alcaraz.\u00a0<\/p>\n","protected":false},"excerpt":{"rendered":"Publi\u00e9 le 22\/06\/2025 11:40 \u00a0par L\u00e9o Measson | Modifi\u00e9 le 22\/06\/2025 \u00e0 11:52 dans Pronostics Tennis Cette semaine,&hellip;\n","protected":false},"author":2,"featured_media":197426,"comment_status":"","ping_status":"","sticky":false,"template":"","format":"standard","meta":{"footnotes":""},"categories":[1415],"tags":[33690,1011,27,1817,1821,33181,60,1467,33720],"class_list":{"0":"post-197425","1":"post","2":"type-post","3":"status-publish","4":"format-standard","5":"has-post-thumbnail","7":"category-tennis","8":"tag-atp-majorque","9":"tag-fr","10":"tag-france","11":"tag-pronostic","12":"tag-pronostics","13":"tag-roberto-bautista-agut","14":"tag-sports","15":"tag-tennis","16":"tag-tomas-martin-etcheverry"},"share_on_mastodon":{"url":"https:\/\/pubeurope.com\/@fr\/114731082267397897","error":""},"_links":{"self":[{"href":"https:\/\/www.europesays.com\/fr\/wp-json\/wp\/v2\/posts\/197425","targetHints":{"allow":["GET"]}}],"collection":[{"href":"https:\/\/www.europesays.com\/fr\/wp-json\/wp\/v2\/posts"}],"about":[{"href":"https:\/\/www.europesays.com\/fr\/wp-json\/wp\/v2\/types\/post"}],"author":[{"embeddable":true,"href":"https:\/\/www.europesays.com\/fr\/wp-json\/wp\/v2\/users\/2"}],"replies":[{"embeddable":true,"href":"https:\/\/www.europesays.com\/fr\/wp-json\/wp\/v2\/comments?post=197425"}],"version-history":[{"count":0,"href":"https:\/\/www.europesays.com\/fr\/wp-json\/wp\/v2\/posts\/197425\/revisions"}],"wp:featuredmedia":[{"embeddable":true,"href":"https:\/\/www.europesays.com\/fr\/wp-json\/wp\/v2\/media\/197426"}],"wp:attachment":[{"href":"https:\/\/www.europesays.com\/fr\/wp-json\/wp\/v2\/media?parent=197425"}],"wp:term":[{"taxonomy":"category","embeddable":true,"href":"https:\/\/www.europesays.com\/fr\/wp-json\/wp\/v2\/categories?post=197425"},{"taxonomy":"post_tag","embeddable":true,"href":"https:\/\/www.europesays.com\/fr\/wp-json\/wp\/v2\/tags?post=197425"}],"curies":[{"name":"wp","href":"https:\/\/api.w.org\/{rel}","templated":true}]}}