{"id":197427,"date":"2025-06-23T05:43:12","date_gmt":"2025-06-23T05:43:12","guid":{"rendered":"https:\/\/www.europesays.com\/fr\/197427\/"},"modified":"2025-06-23T05:43:12","modified_gmt":"2025-06-23T05:43:12","slug":"johann-zarco-a-un-vrai-sentiment-de-mauvaise-spirale","status":"publish","type":"post","link":"https:\/\/www.europesays.com\/fr\/197427\/","title":{"rendered":"Johann Zarco a \u00ab\u00a0un vrai sentiment de mauvaise spirale\u00a0\u00bb"},"content":{"rendered":"<p>De bout en bout, le Grand Prix d&rsquo;Italie aura \u00e9t\u00e9 un calvaire pour <a href=\"https:\/\/fr.motorsport.com\/driver\/johann-zarco\/96107\/\" target=\"_blank\" rel=\"noopener\">Johann Zarco<\/a>. C&rsquo;est dans les graviers qu&rsquo;il a mis un terme \u00e0 trois journ\u00e9es de difficult\u00e9s constantes au Mugello, et alors qu&rsquo;il figurait aux portes du top 10 en course apr\u00e8s s&rsquo;\u00eatre \u00e9lanc\u00e9 14e sur la grille. Une situation frustrante \u00e0 plus d&rsquo;un titre pour le pilote tricolore, qui encaisse la d\u00e9ception d&rsquo;un nouveau z\u00e9ro point\u00e9 mais \u00e9galement de n&rsquo;avoir pas pu exploiter une machine sur laquelle il pensait avoir trouv\u00e9 un petit d\u00e9clic.\u00a0<\/p>\n<p>D\u00e9crivant \u00ab\u00a0un vrai sentiment de mauvaise spirale depuis deux courses\u00a0\u00bb, Johann Zarco vient d&rsquo;encha\u00eener deux r\u00e9sultats vierges.\u00a0\u00c7a ne lui \u00e9tait plus arriv\u00e9 depuis l&rsquo;an dernier et la succession des Grands Prix de Catalogne et&#8230; d&rsquo;Italie.\u00a0\u00a0<\/p>\n<p>\u00ab\u00a0Le sentiment plus positif, c&rsquo;est que j&rsquo;avais un meilleur contr\u00f4le de la moto\u00a0\u00bb, explique-t-il. \u00ab\u00a0En course, j&rsquo;ai fait de tr\u00e8s beaux d\u00e9passements. Je me suis fait compl\u00e8tement surprendre par cette chute au dernier virage. C&rsquo;est un virage qui me plaisait bien tout le week-end, et l\u00e0, en essayant de rester derri\u00e8re Binder, j&rsquo;ai gliss\u00e9. Est-ce que le pneu avait d\u00e9j\u00e0 trop surchauff\u00e9\u00a0? C&rsquo;est vrai que derri\u00e8re les autres motos, \u00e7a chamboule un peu les temp\u00e9ratures. Mais je suis d\u00e9go\u00fbt\u00e9.\u00a0\u00bb<\/p>\n<p>\u00ab\u00a0OK, apr\u00e8s un tr\u00e8s bon moment il y a un mois, il faut accepter de revenir \u00e0 une normalit\u00e9, mais l\u00e0 ce n&rsquo;est pas une normalit\u00e9, c&rsquo;est juste z\u00e9ro point, et ce sont des chutes, des erreurs. Je n&rsquo;aime pas r\u00e9p\u00e9ter des erreurs. L&rsquo;erreur peut arriver, car je pousse bien la moto dans ses limites, et \u00e7a prouve qu&rsquo;il y a une limite.\u00a0\u00bb<\/p>\n<p>\u00ab\u00a0Je suis d\u00e9\u00e7u mais j&rsquo;esp\u00e8re r\u00e9cup\u00e9rer au mieux pour les prochaines courses, pour r\u00e9ussir \u00e0 reconstruire quelque chose de plut\u00f4t bon. Parce que mes objectifs sur ce dimanche n&rsquo;\u00e9taient pas fous, c&rsquo;\u00e9tait d&rsquo;aller au bout et je ne l&rsquo;ai pas fait, et \u00e7a me met les boules.\u00a0\u00bb<\/p>\n<p>Rebondir \u00e0 Assen sans trop de pression<br \/>\n   <img decoding=\"async\" draggable=\"false\" src=\"https:\/\/www.europesays.com\/fr\/wp-content\/uploads\/2025\/06\/1750657392_780_johann-zarco-team-lcr-honda-br.jpg\" alt=\"Deux chutes en deux courses pour Johann Zarco au Mugello.\" width=\"1200\" height=\"800\" loading=\"lazy\"\/> <\/p>\n<p class=\"title\">Deux chutes en deux courses pour Johann Zarco au Mugello.<\/p>\n<p class=\"photographer\">Photo de: Tiziana Fabi \/ AFP via Getty Images<\/p>\n<p>Johann Zarco veut tr\u00e8s vite se remettre dans le droit chemin, mais il confesse ne pas encore savoir exactement quelle approche il adoptera \u00e0 Assen, d\u00e8s la semaine prochaine pour le Grand Prix des Pays-Bas.\u00a0<\/p>\n<p>\u00ab\u00a0Si on revient \u00e0 quelque chose de plus technique, il y a eu deux Grands Prix o\u00f9 il a fait tr\u00e8s chaud\u00a0\u00bb, note-t-il. \u00ab\u00a0Je suis curieux de voir \u00e0 Assen s&rsquo;il y a des temp\u00e9ratures plus basses, si on redevient comp\u00e9titif, ce sera une bonne r\u00e9ponse. \u00ab\u00a0<\/p>\n<p>\u00ab\u00a0Je ne sais pas encore comment l&rsquo;aborder, mais je vois qu&rsquo;il ne faut pas non plus trop se prendre la t\u00eate, car \u00e7a met la pression. Je vais faire au mieux pour kiffer sur cette piste. La moto, m\u00eame ici, elle donne des sensations vraiment incroyables, o\u00f9 on sent que \u00e7a peut super bien accrocher. C&rsquo;est tout le compromis qui fait qu&rsquo;on ne va pas assez vite. \u00c0 Assen, il faut aller d&rsquo;entrer sur les points positifs de la moto et voir si \u00e7a matche.\u00a0\u00bb<\/p>\n<p>Sur le plan physique, le pilote LCR Honda a tenu \u00e0 se montrer rassurant, m\u00eame si la chute de la veille en course sprint a laiss\u00e9 quelques traces. \u00ab\u00a0Aujourd&rsquo;hui la chute \u00e9tait tr\u00e8s douce, j&rsquo;\u00e9tais tr\u00e8s pench\u00e9, mais hier j&rsquo;ai tap\u00e9 tr\u00e8s fort les chevilles\u00a0\u00bb, pr\u00e9cise-t-il. \u00ab\u00a0En chutant elles ont tap\u00e9 le sol, d&rsquo;abord la cheville gauche puis mon pied droit. Le pied droit a gonfl\u00e9 ce matin mais \u00e7a va. Je boitais mais ce n&rsquo;\u00e9tait qu&rsquo;un coup.\u00a0\u00bb<\/p>\n<p>Lire aussi :<\/p>\n<p>Dans cet article<\/p>\n<p>    Basile Davoine\n<\/p>\n<p>    MotoGP\n<\/p>\n<p>    Johann Zarco\n<\/p>\n<p>    Team LCR\n<\/p>\n<p>Soyez le premier inform\u00e9 et souscrivez aux alertes mails pour recevoir les infos en temps r\u00e9el<\/p>\n<p>    S&rsquo;abonner aux alertes de news<\/p>\n","protected":false},"excerpt":{"rendered":"De bout en bout, le Grand Prix d&rsquo;Italie aura \u00e9t\u00e9 un calvaire pour Johann Zarco. C&rsquo;est dans les&hellip;\n","protected":false},"author":2,"featured_media":197428,"comment_status":"","ping_status":"","sticky":false,"template":"","format":"standard","meta":{"footnotes":""},"categories":[1413],"tags":[1011,27,31123,1741,1457,1456,1458,31124,60,3771],"class_list":{"0":"post-197427","1":"post","2":"type-post","3":"status-publish","4":"format-standard","5":"has-post-thumbnail","7":"category-moto","8":"tag-fr","9":"tag-france","10":"tag-gp-ditalie","11":"tag-johann-zarco","12":"tag-moto","13":"tag-motocycle","14":"tag-motogp","15":"tag-mugello","16":"tag-sports","17":"tag-team-lcr"},"share_on_mastodon":{"url":"https:\/\/pubeurope.com\/@fr\/114731090433240017","error":""},"_links":{"self":[{"href":"https:\/\/www.europesays.com\/fr\/wp-json\/wp\/v2\/posts\/197427","targetHints":{"allow":["GET"]}}],"collection":[{"href":"https:\/\/www.europesays.com\/fr\/wp-json\/wp\/v2\/posts"}],"about":[{"href":"https:\/\/www.europesays.com\/fr\/wp-json\/wp\/v2\/types\/post"}],"author":[{"embeddable":true,"href":"https:\/\/www.europesays.com\/fr\/wp-json\/wp\/v2\/users\/2"}],"replies":[{"embeddable":true,"href":"https:\/\/www.europesays.com\/fr\/wp-json\/wp\/v2\/comments?post=197427"}],"version-history":[{"count":0,"href":"https:\/\/www.europesays.com\/fr\/wp-json\/wp\/v2\/posts\/197427\/revisions"}],"wp:featuredmedia":[{"embeddable":true,"href":"https:\/\/www.europesays.com\/fr\/wp-json\/wp\/v2\/media\/197428"}],"wp:attachment":[{"href":"https:\/\/www.europesays.com\/fr\/wp-json\/wp\/v2\/media?parent=197427"}],"wp:term":[{"taxonomy":"category","embeddable":true,"href":"https:\/\/www.europesays.com\/fr\/wp-json\/wp\/v2\/categories?post=197427"},{"taxonomy":"post_tag","embeddable":true,"href":"https:\/\/www.europesays.com\/fr\/wp-json\/wp\/v2\/tags?post=197427"}],"curies":[{"name":"wp","href":"https:\/\/api.w.org\/{rel}","templated":true}]}}