{"id":197450,"date":"2025-06-23T05:57:10","date_gmt":"2025-06-23T05:57:10","guid":{"rendered":"https:\/\/www.europesays.com\/fr\/197450\/"},"modified":"2025-06-23T05:57:10","modified_gmt":"2025-06-23T05:57:10","slug":"comment-la-guerre-des-generations-senflamme-sur-les-reseaux-sociaux","status":"publish","type":"post","link":"https:\/\/www.europesays.com\/fr\/197450\/","title":{"rendered":"comment la guerre des g\u00e9n\u00e9rations s\u2019enflamme sur les r\u00e9seaux sociaux"},"content":{"rendered":"<p><strong>D\u00c9CRYPTAGE &#8211;<\/strong> \u00c0 coups de m\u00e8mes caricaturaux et de d\u00e9bats enflamm\u00e9s, un mouvement \u00abanti-boomers\u00bb s\u2019installe sur la toile. Au c\u0153ur de la contestation: l\u2019id\u00e9e que les retrait\u00e9s spolieraient aux actifs le fruit de leur travail.<\/p>\n<p class=\"fig-paragraph\">Sur les r\u00e9seaux sociaux, les discussions oscillent entre d\u00e9bats argument\u00e9s et d\u00e9cha\u00eenement de passions. Alors que le\u00a0<a href=\"http:\/\/www.lefigaro.fr\/social\/conclave-sur-les-retraites-les-discussions-entrent-dans-la-derniere-ligne-droite-20250604\" data-fig-type=\"NewsFlash\" data-gtm-custom-categorie=\"navigation\" data-gtm-custom-action=\"crossclick\" data-gtm-custom-label=\"Contextuel\" data-gtm-event=\"customEventSPE\" data-fig-domain=\"LEFIGARO\" target=\"_blank\" rel=\"noopener\">conclave sur les retraites<\/a>, lanc\u00e9 en d\u00e9but d\u2019ann\u00e9e par Fran\u00e7ois Bayrou \u00absans totem ni tabou\u00bb, devrait s\u2019achever ce 23 juin, la question de l\u2019\u00e9quit\u00e9 du syst\u00e8me par r\u00e9partition agite toujours plus la toile. En filigrane\u00a0: un ressentiment croissant de certains actifs \u00e0 l\u2019\u00e9gard des \u00abboomers\u00bb, terme devenu un fourre-tout\u00a0<a href=\"https:\/\/www.lefigaro.fr\/actualite-france\/antoine-de-caunes-je-fais-partie-de-ces-boomers-qui-ont-profite-des-trente-glorieuses-je-ne-vais-pas-me-flageller-pour-ca-20240630\" data-fig-type=\"Article\" data-gtm-custom-categorie=\"navigation\" data-gtm-custom-action=\"crossclick\" data-gtm-custom-label=\"Contextuel\" data-gtm-event=\"customEventSPE\" data-fig-domain=\"LEFIGARO\" target=\"_blank\" rel=\"noopener\">pour d\u00e9signer les retrait\u00e9s<\/a>, et plus particuli\u00e8rement les plus ais\u00e9s d\u2019entre eux. \u00abOn observe une grogne, une fracture de plus en plus nette\u00bb, constate l\u2019\u00e9conomiste Sylvain Catherine, qui cumule\u00a0<a href=\"https:\/\/x.com\/sc_cath\" target=\"_blank\" rel=\"nofollow noopener\" data-gtm-custom-categorie=\"navigation\" data-gtm-custom-action=\"crossclick\" data-gtm-custom-label=\"Contextuel\" data-gtm-event=\"customEventSPE\">35.000 abonn\u00e9s sur X<\/a>. \u00abQuelque chose s\u2019est pass\u00e9 \u00e0 l\u2019automne 2023, avec la r\u00e9forme des retraites. Depuis, le sujet est une tendance de fond sur les r\u00e9seaux. L\u2019effet Barnier, puis Bayrou, a encore raviv\u00e9 la pol\u00e9mique.\u00bb<\/p>\n<p class=\"fig-paragraph\">Une pol\u00e9mique qui adopte largement les codes du web, qui fait la part belle \u00e0 la caricature. Sur X, le personnage fictif de \u00abNicolasQuiPaie\u00bb \u2014 le\u00a0<a href=\"http:\/\/www.lefigaro.fr\/conjoncture\/en-2024-les-contribuables-ont-paye-2-milliards-d-euros-de-taxe-fonciere-en-plus-20250506\" data-fig-type=\"Article\" data-gtm-custom-categorie=\"navigation\" data-gtm-custom-action=\"crossclick\" data-gtm-custom-label=\"Contextuel\" data-gtm-event=\"customEventSPE\" data-fig-domain=\"LEFIGARO\" target=\"_blank\" rel=\"noopener\">contribuable<\/a><\/p>\n<p class=\"fig-premium-paywall__infos\">\n        Cet article est r\u00e9serv\u00e9 aux abonn\u00e9s.        Il vous reste 82% \u00e0 d\u00e9couvrir.\n    <\/p>\n<p>                <img  data- alt=\"Le Figaro\" class=\"fig-img--complete fig-img\"\/><\/p>\n<p class=\"fig-premium-paywall__title\">Vente Flash<\/p>\n<p class=\"fig-premium-paywall__subtitle\">3,99\u20ac par mois pendant 12 mois. Sans engagement.<\/p>\n<p class=\"fig-premium-paywall__connect\">\n                D\u00e9j\u00e0 abonn\u00e9\u00a0?                <a class=\"fig-premium-paywall__connect-link\" href=\"https:\/\/connect.lefigaro.fr\/login?client=horizon_web&amp;type=main&amp;redirect_uri=https%3A%2F%2Fwww.lefigaro.fr%2Fconjoncture%2Fbaisser-la-retraite-geante-des-boomers-comment-la-guerre-des-generations-s-enflamme-sur-les-reseaux-sociaux-20250623\" data-js-gtm=\"{&quot;customCategorie&quot;: &quot;conversion&quot;, &quot;customAction&quot;: &quot;before_Landing_Connexion_paywall_auto&quot;, &quot;customLabel&quot;: &quot;bGVmaWdhcm8uZnJfXzFmMDQyMTBkLTVmMjUtNjFjZS04NDAxLWU3ZDUzNmE2ZjkyMl9fQXJ0aWNsZQ==_\u00abBaisser la retraite g\u00e9ante des boomers\u00bb: comment la guerre des g\u00e9n\u00e9rations s\u2019enflamme sur les r\u00e9seaux sociaux_148&quot;, &quot;customIDSPE&quot;: &quot;bGVmaWdhcm8uZnJfXzFmMDQyMTBkLTVmMjUtNjFjZS04NDAxLWU3ZDUzNmE2ZjkyMl9fQXJ0aWNsZQ==&quot;, &quot;event&quot;: &quot;customEventSPE&quot;}\" target=\"_blank\" rel=\"noopener\"><br \/>\n                    Connectez-vous<br \/>\n                <\/a>\n            <\/p>\n","protected":false},"excerpt":{"rendered":"D\u00c9CRYPTAGE &#8211; \u00c0 coups de m\u00e8mes caricaturaux et de d\u00e9bats enflamm\u00e9s, un mouvement \u00abanti-boomers\u00bb s\u2019installe sur la toile.&hellip;\n","protected":false},"author":2,"featured_media":197451,"comment_status":"","ping_status":"","sticky":false,"template":"","format":"standard","meta":{"footnotes":""},"categories":[6],"tags":[339,340,35,343,345,350,130,344,352,349,33,34,341,313,1011,27,346,342,353,351,347,348,938,137,354],"class_list":{"0":"post-197450","1":"post","2":"type-post","3":"status-publish","4":"format-standard","5":"has-post-thumbnail","7":"category-economie","8":"tag-actualite-economique","9":"tag-bourse","10":"tag-business","11":"tag-cac-40","12":"tag-chef-dentreprise","13":"tag-concurrence","14":"tag-consommation","15":"tag-creation-dentreprise","16":"tag-crise","17":"tag-delocalisations","18":"tag-economie","19":"tag-economy","20":"tag-emploi","21":"tag-entreprises","22":"tag-fr","23":"tag-france","24":"tag-grands-patrons","25":"tag-impots","26":"tag-licenciements","27":"tag-monopole","28":"tag-multinationales","29":"tag-privatisation","30":"tag-reseaux-sociaux","31":"tag-retraite","32":"tag-unio"},"share_on_mastodon":{"url":"https:\/\/pubeurope.com\/@fr\/114731145153579012","error":""},"_links":{"self":[{"href":"https:\/\/www.europesays.com\/fr\/wp-json\/wp\/v2\/posts\/197450","targetHints":{"allow":["GET"]}}],"collection":[{"href":"https:\/\/www.europesays.com\/fr\/wp-json\/wp\/v2\/posts"}],"about":[{"href":"https:\/\/www.europesays.com\/fr\/wp-json\/wp\/v2\/types\/post"}],"author":[{"embeddable":true,"href":"https:\/\/www.europesays.com\/fr\/wp-json\/wp\/v2\/users\/2"}],"replies":[{"embeddable":true,"href":"https:\/\/www.europesays.com\/fr\/wp-json\/wp\/v2\/comments?post=197450"}],"version-history":[{"count":0,"href":"https:\/\/www.europesays.com\/fr\/wp-json\/wp\/v2\/posts\/197450\/revisions"}],"wp:featuredmedia":[{"embeddable":true,"href":"https:\/\/www.europesays.com\/fr\/wp-json\/wp\/v2\/media\/197451"}],"wp:attachment":[{"href":"https:\/\/www.europesays.com\/fr\/wp-json\/wp\/v2\/media?parent=197450"}],"wp:term":[{"taxonomy":"category","embeddable":true,"href":"https:\/\/www.europesays.com\/fr\/wp-json\/wp\/v2\/categories?post=197450"},{"taxonomy":"post_tag","embeddable":true,"href":"https:\/\/www.europesays.com\/fr\/wp-json\/wp\/v2\/tags?post=197450"}],"curies":[{"name":"wp","href":"https:\/\/api.w.org\/{rel}","templated":true}]}}