{"id":197452,"date":"2025-06-23T05:59:08","date_gmt":"2025-06-23T05:59:08","guid":{"rendered":"https:\/\/www.europesays.com\/fr\/197452\/"},"modified":"2025-06-23T05:59:08","modified_gmt":"2025-06-23T05:59:08","slug":"une-fete-de-la-musique-mouvementee-mais-sans-heurt-a-lyon","status":"publish","type":"post","link":"https:\/\/www.europesays.com\/fr\/197452\/","title":{"rendered":"une F\u00eate de la Musique mouvement\u00e9e mais sans heurt \u00e0 Lyon"},"content":{"rendered":"<p itemprop=\"description\"><strong>Ce samedi soir, Lyon \u00e9tait noire de monde.<\/strong><\/p>\n<p>Comme le reste du pays, la capitale des Gaules c\u00e9l\u00e9brait la F\u00eate de la Musique, avec m\u00eame des artistes dont la venue n&rsquo;\u00e9tait pas annonc\u00e9e comme -M- ou T\u00e9o Lavabo.<\/p>\n<p>Et pour une fois que les orages n&rsquo;\u00e9taient pas de la partie, certains en ont profit\u00e9 sans penser au lendemain.<\/p>\n<p>Ainsi, le SDMIS annonce avoir r\u00e9alis\u00e9 175 interventions, essentiellement pour venir en aide \u00e0 des personnes victimes de malaises ou de comas \u00e9thyliques.<\/p>\n<p>La police \u00e9tait \u00e9galement sur le pont, avec 400 fonctionnaires et gendarmes d\u00e9ploy\u00e9s, \u00e9galement pour couvrir la demi-finale de Top 14 qui se jouait au Groupama Stadium.<\/p>\n<p>Les forces de l&rsquo;ordre ont proc\u00e9d\u00e9 \u00e0 11 interpellations en Presqu&rsquo;\u00eele, r\u00e9sultant de fouilles menant \u00e0 la d\u00e9couverte de mortiers d&rsquo;artifice ou de matraques.<\/p>\n<p>Aucun d\u00e9bordement majeur n&rsquo;a \u00e9t\u00e9 relev\u00e9. Un exemple \u00e0 suivre pour le 14 juillet ?<\/p>\n<p>En France, le bilan est \u00e9lev\u00e9, avec 371 interpellations menant \u00e0 305 gardes \u00e0 vue, dont un quart pour la seule ville de Paris. Quatorze personnes ont \u00e9t\u00e9 gri\u00e8vement bless\u00e9es et 1500 f\u00eatards ont \u00e9t\u00e9 pris en charge en urgence relative.<\/p>\n<blockquote class=\"tiktok-embed\" style=\"max-width: 605px; min-width: 325px;\" cite=\"https:\/\/www.tiktok.com\/@matteoww__\/video\/7518606048433802518\" data-video-id=\"7518606048433802518\"><p>&#13;<br \/>\n<a title=\"@matteoww__\" href=\"https:\/\/www.tiktok.com\/@matteoww__?refer=embed\" target=\"_blank\" rel=\"noopener\">@matteoww__<\/a> @milanruga merci pour les travaux \ud83c\udfa7<a title=\"fetedelamusique\" href=\"https:\/\/www.tiktok.com\/tag\/fetedelamusique?refer=embed\" target=\"_blank\" rel=\"noopener\">#fetedelamusique<\/a> <a title=\"lyon\" href=\"https:\/\/www.tiktok.com\/tag\/lyon?refer=embed\" target=\"_blank\" rel=\"noopener\">#lyon<\/a> <a title=\"placeterreaux\" href=\"https:\/\/www.tiktok.com\/tag\/placeterreaux?refer=embed\" target=\"_blank\" rel=\"noopener\">#placeterreaux<\/a> <a title=\"2025\" href=\"https:\/\/www.tiktok.com\/tag\/2025?refer=embed\" target=\"_blank\" rel=\"noopener\">#2025<\/a> <a title=\"\u266c son original - \ud83c\udde6\ud83c\uddf2 Matteo \ud83c\uddea\ud83c\udde6\" href=\"https:\/\/www.tiktok.com\/music\/son-original-7518605993589754646?refer=embed\" target=\"_blank\" rel=\"noopener\">\u266c son original &#8211; \ud83c\udde6\ud83c\uddf2 Matteo \ud83c\uddea\ud83c\udde6<\/a>&#13;\n<\/p><\/blockquote>\n<p>\t\t  <script async src=\"\/\/www.tiktok.com\/embed.js\"><\/script><\/p>\n","protected":false},"excerpt":{"rendered":"Ce samedi soir, Lyon \u00e9tait noire de monde. Comme le reste du pays, la capitale des Gaules c\u00e9l\u00e9brait&hellip;\n","protected":false},"author":2,"featured_media":197453,"comment_status":"","ping_status":"","sticky":false,"template":"","format":"standard","meta":{"footnotes":""},"categories":[4],"tags":[1111,11,2813,2190,1109,251,1112,2811,118,1011,27,1922,1110,1114,2428,2810,12,241,316,25,2812,517,800],"class_list":{"0":"post-197452","1":"post","2":"type-post","3":"status-publish","4":"format-standard","5":"has-post-thumbnail","7":"category-france","8":"tag-actu","9":"tag-actualites","10":"tag-article","11":"tag-asvel","12":"tag-breves","13":"tag-culture","14":"tag-depeches","15":"tag-economique","16":"tag-faits-divers","17":"tag-fr","18":"tag-france","19":"tag-info","20":"tag-informations","21":"tag-infos","22":"tag-lyon","23":"tag-lyonmag","24":"tag-news","25":"tag-ol","26":"tag-politique","27":"tag-republique-francaise","28":"tag-sociale","29":"tag-sport","30":"tag-transports"},"share_on_mastodon":{"url":"https:\/\/pubeurope.com\/@fr\/114731153109988213","error":""},"_links":{"self":[{"href":"https:\/\/www.europesays.com\/fr\/wp-json\/wp\/v2\/posts\/197452","targetHints":{"allow":["GET"]}}],"collection":[{"href":"https:\/\/www.europesays.com\/fr\/wp-json\/wp\/v2\/posts"}],"about":[{"href":"https:\/\/www.europesays.com\/fr\/wp-json\/wp\/v2\/types\/post"}],"author":[{"embeddable":true,"href":"https:\/\/www.europesays.com\/fr\/wp-json\/wp\/v2\/users\/2"}],"replies":[{"embeddable":true,"href":"https:\/\/www.europesays.com\/fr\/wp-json\/wp\/v2\/comments?post=197452"}],"version-history":[{"count":0,"href":"https:\/\/www.europesays.com\/fr\/wp-json\/wp\/v2\/posts\/197452\/revisions"}],"wp:featuredmedia":[{"embeddable":true,"href":"https:\/\/www.europesays.com\/fr\/wp-json\/wp\/v2\/media\/197453"}],"wp:attachment":[{"href":"https:\/\/www.europesays.com\/fr\/wp-json\/wp\/v2\/media?parent=197452"}],"wp:term":[{"taxonomy":"category","embeddable":true,"href":"https:\/\/www.europesays.com\/fr\/wp-json\/wp\/v2\/categories?post=197452"},{"taxonomy":"post_tag","embeddable":true,"href":"https:\/\/www.europesays.com\/fr\/wp-json\/wp\/v2\/tags?post=197452"}],"curies":[{"name":"wp","href":"https:\/\/api.w.org\/{rel}","templated":true}]}}