{"id":197456,"date":"2025-06-23T06:01:10","date_gmt":"2025-06-23T06:01:10","guid":{"rendered":"https:\/\/www.europesays.com\/fr\/197456\/"},"modified":"2025-06-23T06:01:10","modified_gmt":"2025-06-23T06:01:10","slug":"vallee-du-gier-la-guerre-de-leau-bat-son-plein-cet-ete","status":"publish","type":"post","link":"https:\/\/www.europesays.com\/fr\/197456\/","title":{"rendered":"VALL\u00c9E DU GIER : LA GUERRE DE L&rsquo;EAU BAT SON PLEIN CET \u00c9T\u00c9"},"content":{"rendered":"<p>Ces espaces aquatiques exercent un pouvoir d\u2019attraction irr\u00e9sistible sur une population en qu\u00eate de rafra\u00eechissement, transformant ces zones prot\u00e9g\u00e9es en v\u00e9ritables terrains de jeu improvis\u00e9s. Les gendarmes de Saint-Paul-en-Jarez ont d\u00e9cid\u00e9 de passer \u00e0 la vitesse sup\u00e9rieure. \u00c9paul\u00e9s par leurs homologues du Peloton de surveillance et d\u2019intervention de Saint-Chamond, ils multiplient les tourn\u00e9es de contr\u00f4le sur l\u2019ensemble des sites sensibles de la r\u00e9gion.<\/p>\n<p>Le responsable des op\u00e9rations pr\u00f4ne une approche en deux temps. \u00ab\u00a0Notre priorit\u00e9 reste l\u2019\u00e9ducation et l\u2019information\u00a0\u00bb, pr\u00e9cise-t-il. Cette strat\u00e9gie vise \u00e0 faire comprendre aux visiteurs imprudents la gravit\u00e9 des situations qu\u2019ils cr\u00e9ent, qu\u2019il s\u2019agisse des dangers mortels de la noyade ou des risques catastrophiques d\u2019embrasement.<\/p>\n<p>Des interdictions ignor\u00e9es<\/p>\n<p>Malgr\u00e9 une signal\u00e9tique claire et visible, de nombreux estivants persistent \u00e0 transformer ces lieux en zones de loisirs. Plongeons depuis les hauteurs, sessions de bronzage sur bou\u00e9es gonflables et pique-niques avec grillades improvis\u00e9es : tout y passe dans l\u2019indiff\u00e9rence la plus totale aux r\u00e8glements. Lorsque la sensibilisation \u00e9choue, notamment face \u00e0 ceux qui installent leurs \u00e9quipements de cuisson \u00e0 quelques pas des panneaux d\u2019avertissement, les forces de l\u2019ordre passent aux actes. Les contraventions pleuvent alors sur ces contrevenants obstin\u00e9s.<\/p>\n<p>Ces \u00e9tendues d\u2019eau ne sont pas de simples d\u00e9cors naturels destin\u00e9s aux loisirs. Elles constituent l\u2019approvisionnement hydrique vital de l\u2019ensemble des municipalit\u00e9s environnantes, n\u00e9cessitant une pr\u00e9servation absolue de leur puret\u00e9. Depuis 2011, un arr\u00eat\u00e9 pr\u00e9fectoral prohibe cat\u00e9goriquement toute pratique aquatique sur ces sites. Cette mesure administrative r\u00e9pond \u00e0 un imp\u00e9ratif de sant\u00e9 publique majeur : garantir la qualit\u00e9 de l\u2019eau distribu\u00e9e aux foyers de la vall\u00e9e.<\/p>\n<p>Cette bataille estivale illustre parfaitement les tensions entre d\u00e9sirs personnels et contraintes d\u2019int\u00e9r\u00eat g\u00e9n\u00e9ral. Les autorit\u00e9s tentent de maintenir un \u00e9quilibre d\u00e9licat entre compr\u00e9hension des besoins de d\u00e9tente et fermet\u00e9 face aux comportements mettant en p\u00e9ril la s\u00e9curit\u00e9 de tous.<\/p>\n","protected":false},"excerpt":{"rendered":"Ces espaces aquatiques exercent un pouvoir d\u2019attraction irr\u00e9sistible sur une population en qu\u00eate de rafra\u00eechissement, transformant ces zones&hellip;\n","protected":false},"author":2,"featured_media":197457,"comment_status":"","ping_status":"","sticky":false,"template":"","format":"standard","meta":{"footnotes":""},"categories":[9653],"tags":[1111,11,2430,4858,1777,674,1011,27,3367,12,25,4001,33721],"class_list":{"0":"post-197456","1":"post","2":"type-post","3":"status-publish","4":"format-standard","5":"has-post-thumbnail","7":"category-saint-etienne","8":"tag-actu","9":"tag-actualites","10":"tag-auvergne-rhone-alpes","11":"tag-eau","12":"tag-eu","13":"tag-europe","14":"tag-fr","15":"tag-france","16":"tag-loire","17":"tag-news","18":"tag-republique-francaise","19":"tag-saint-etienne","20":"tag-vallee-du-gier"},"share_on_mastodon":{"url":"https:\/\/pubeurope.com\/@fr\/114731160885950421","error":""},"_links":{"self":[{"href":"https:\/\/www.europesays.com\/fr\/wp-json\/wp\/v2\/posts\/197456","targetHints":{"allow":["GET"]}}],"collection":[{"href":"https:\/\/www.europesays.com\/fr\/wp-json\/wp\/v2\/posts"}],"about":[{"href":"https:\/\/www.europesays.com\/fr\/wp-json\/wp\/v2\/types\/post"}],"author":[{"embeddable":true,"href":"https:\/\/www.europesays.com\/fr\/wp-json\/wp\/v2\/users\/2"}],"replies":[{"embeddable":true,"href":"https:\/\/www.europesays.com\/fr\/wp-json\/wp\/v2\/comments?post=197456"}],"version-history":[{"count":0,"href":"https:\/\/www.europesays.com\/fr\/wp-json\/wp\/v2\/posts\/197456\/revisions"}],"wp:featuredmedia":[{"embeddable":true,"href":"https:\/\/www.europesays.com\/fr\/wp-json\/wp\/v2\/media\/197457"}],"wp:attachment":[{"href":"https:\/\/www.europesays.com\/fr\/wp-json\/wp\/v2\/media?parent=197456"}],"wp:term":[{"taxonomy":"category","embeddable":true,"href":"https:\/\/www.europesays.com\/fr\/wp-json\/wp\/v2\/categories?post=197456"},{"taxonomy":"post_tag","embeddable":true,"href":"https:\/\/www.europesays.com\/fr\/wp-json\/wp\/v2\/tags?post=197456"}],"curies":[{"name":"wp","href":"https:\/\/api.w.org\/{rel}","templated":true}]}}