{"id":197462,"date":"2025-06-23T06:04:21","date_gmt":"2025-06-23T06:04:21","guid":{"rendered":"https:\/\/www.europesays.com\/fr\/197462\/"},"modified":"2025-06-23T06:04:21","modified_gmt":"2025-06-23T06:04:21","slug":"ces-magasins-jennyfer-ne-vont-finalement-pas-fermer-voici-lesquels","status":"publish","type":"post","link":"https:\/\/www.europesays.com\/fr\/197462\/","title":{"rendered":"ces magasins Jennyfer ne vont finalement pas fermer, voici lesquels"},"content":{"rendered":"<p>            Par<br \/>\n        <strong><br \/>\n            <a href=\"https:\/\/actu.fr\/auteur\/amandine-mehl\" title=\"Consulter tous les articles de Amandine Mehl\" rel=\"nofollow noopener\" target=\"_blank\">Amandine Mehl<\/a><br \/>\n        <\/strong><\/p>\n<p>        Publi\u00e9 le<\/p>\n<p>            16 juin 2025 \u00e0 16h56        <\/p>\n<p>Annonc\u00e9e en <strong>liquidation judiciaire<\/strong> il y a plusieurs semaines, <a href=\"https:\/\/actu.fr\/economie\/l-enseigne-jennyfer-ne-va-finalement-pas-fermer-une-partie-des-magasins-repris-par-celio-et-beaumanoir_62763962.html\" rel=\"nofollow noopener\" target=\"_blank\">l\u2019enseigne Jennyfer<\/a> ne va finalement pas dispara\u00eetre totalement puisqu\u2019<strong>une partie de ses magasins vont \u00eatre repris par Celio et le groupe Beaumanoir<\/strong>.<\/p>\n<p class=\" wall-content\">Dans le Grand Est, <strong>trois boutiques sont concern\u00e9es<\/strong>.<\/p>\n<p>Trois magasins Jennyfer repris par Beaumanoir dans le Grand Est<\/p>\n<p class=\" wall-content\">D\u2019apr\u00e8s une <strong>source syndicale<\/strong>, le groupe Beaumanoir va reprendre les magasins <a href=\"https:\/\/actu.fr\/grand-est\/nancy_54395\/nouveau-magasin-don-t-call-me-jennyfer-au-centre-saint-sebastien-pourquoi-le-projet-est-annule_60569411.html\" rel=\"nofollow noopener\" target=\"_blank\">Jennyfer<\/a> suivants :<\/p>\n<ul class=\" wall-content\">\n<li>Metz Waves Actisud ;<\/li>\n<li>Nancy Houdemont ;<\/li>\n<li>Strasbourg Vendenheim.<\/li>\n<\/ul>\n<p class=\" wall-content\">Pour l\u2019heure, le <strong>devenir<\/strong> des boutiques n\u2019est pas connu. Toutefois, le choix de la nouvelle marque se fera en fonction des enseignes d\u00e9tenues par le groupe, c\u2019est-\u00e0-dire <strong>Bonobo<\/strong>, <strong>Cache Cache<\/strong>, <strong>Caroll<\/strong> ou encore <strong>Morgan<\/strong>.\u00a0<\/p>\n<p>Vid\u00e9os : en ce moment sur Actu<\/p>\n<p class=\" wall-content\">\u00c0 noter que les salari\u00e9s seront pr\u00e9serv\u00e9s.<\/p>\n<p class=\" wall-content\">Suivez toute l\u2019actualit\u00e9 de vos villes et m\u00e9dias favoris en vous inscrivant \u00e0 <a href=\"https:\/\/moncompte.actu.fr\" title=\"D\u00e9couvez Mon Actu\" rel=\"nofollow noopener\" data-trk=\"{&quot;cta&quot;:{&quot;action&quot;:&quot;https:\\\/\\\/moncompte.actu.fr&quot;,&quot;category&quot;:&quot;mon compte&quot;,&quot;from&quot;:&quot;article footer&quot;,&quot;name&quot;:&quot;Mon actu&quot;,&quot;type&quot;:&quot;cta&quot;}}\" target=\"_blank\">Mon Actu<\/a>.<\/p>\n","protected":false},"excerpt":{"rendered":"Par Amandine Mehl Publi\u00e9 le 16 juin 2025 \u00e0 16h56 Annonc\u00e9e en liquidation judiciaire il y a plusieurs&hellip;\n","protected":false},"author":2,"featured_media":197463,"comment_status":"","ping_status":"","sticky":false,"template":"","format":"standard","meta":{"footnotes":""},"categories":[9635],"tags":[1111,11,215,33,1777,674,1011,27,775,1702,12,25],"class_list":{"0":"post-197462","1":"post","2":"type-post","3":"status-publish","4":"format-standard","5":"has-post-thumbnail","7":"category-nancy","8":"tag-actu","9":"tag-actualites","10":"tag-commerce","11":"tag-economie","12":"tag-eu","13":"tag-europe","14":"tag-fr","15":"tag-france","16":"tag-grand-est","17":"tag-nancy","18":"tag-news","19":"tag-republique-francaise"},"share_on_mastodon":{"url":"https:\/\/pubeurope.com\/@fr\/114731173088674953","error":""},"_links":{"self":[{"href":"https:\/\/www.europesays.com\/fr\/wp-json\/wp\/v2\/posts\/197462","targetHints":{"allow":["GET"]}}],"collection":[{"href":"https:\/\/www.europesays.com\/fr\/wp-json\/wp\/v2\/posts"}],"about":[{"href":"https:\/\/www.europesays.com\/fr\/wp-json\/wp\/v2\/types\/post"}],"author":[{"embeddable":true,"href":"https:\/\/www.europesays.com\/fr\/wp-json\/wp\/v2\/users\/2"}],"replies":[{"embeddable":true,"href":"https:\/\/www.europesays.com\/fr\/wp-json\/wp\/v2\/comments?post=197462"}],"version-history":[{"count":0,"href":"https:\/\/www.europesays.com\/fr\/wp-json\/wp\/v2\/posts\/197462\/revisions"}],"wp:featuredmedia":[{"embeddable":true,"href":"https:\/\/www.europesays.com\/fr\/wp-json\/wp\/v2\/media\/197463"}],"wp:attachment":[{"href":"https:\/\/www.europesays.com\/fr\/wp-json\/wp\/v2\/media?parent=197462"}],"wp:term":[{"taxonomy":"category","embeddable":true,"href":"https:\/\/www.europesays.com\/fr\/wp-json\/wp\/v2\/categories?post=197462"},{"taxonomy":"post_tag","embeddable":true,"href":"https:\/\/www.europesays.com\/fr\/wp-json\/wp\/v2\/tags?post=197462"}],"curies":[{"name":"wp","href":"https:\/\/api.w.org\/{rel}","templated":true}]}}