{"id":197476,"date":"2025-06-23T06:15:10","date_gmt":"2025-06-23T06:15:10","guid":{"rendered":"https:\/\/www.europesays.com\/fr\/197476\/"},"modified":"2025-06-23T06:15:10","modified_gmt":"2025-06-23T06:15:10","slug":"vous-avez-une-semaine-pour-voter-pour-votre-felin-favori","status":"publish","type":"post","link":"https:\/\/www.europesays.com\/fr\/197476\/","title":{"rendered":"vous avez une semaine pour voter pour votre f\u00e9lin favori"},"content":{"rendered":"<p>            Par<br \/>\n        <strong><br \/>\n            <a href=\"https:\/\/actu.fr\/auteur\/brian-legoff\" title=\"Consulter tous les articles de Brian Le Goff\" rel=\"nofollow noopener\" target=\"_blank\">Brian Le Goff<\/a><br \/>\n        <\/strong><\/p>\n<p>        Publi\u00e9 le<\/p>\n<p>            23 juin 2025 \u00e0 7h32        <\/p>\n<p>Le <strong>concours du Plus Beau Chat<\/strong> de <a href=\"https:\/\/actu.fr\/rennes\/\" rel=\"nofollow noopener\" target=\"_blank\">Rennes<\/a> revient en fanfare pour <a href=\"https:\/\/actu.fr\/bretagne\/rennes_35238\/rennes-votre-chat-sera-t-il-elu-le-plus-beau-de-l-annee-2025-le-concours-est-lance_62741210.html#:~:text=La%207e%20%C3%A9dition%20du%20concours,jusqu&#039;au%2019%20juin%202025.&amp;text=Votre%20chat%20est%20vraiment%2C%20vraiment,chat%20de%20la%20capitale%20bretonne.\" rel=\"nofollow noopener\" target=\"_blank\">sa 7\u1d49 \u00e9dition !<\/a> Organis\u00e9 par CatBnB, service de garde de chats \u00e0 domicile \u00e0 Rennes, l\u2019\u00e9v\u00e9nement f\u00e9lin attire chaque ann\u00e9e toujours plus de participants. En 2025, ce sont<strong> plus de 200 chats rennais qui ont \u00e9t\u00e9 inscrits,<\/strong> tous candidats au titre tr\u00e8s convoit\u00e9 de plus beau chat de la ville.<\/p>\n<p class=\" wall-content\">Face \u00e0 l\u2019enthousiasme grandissant et \u00e0 la diversit\u00e9 des candidatures, <strong>le jury compos\u00e9 de passionn\u00e9\u00b7es de chats a d\u00fb longuement d\u00e9lib\u00e9rer<\/strong> pour s\u00e9lectionner 40 demi-finalistes.<\/p>\n<p class=\" wall-content\"><strong>Les crit\u00e8res ?<\/strong> Un regard expressif, de l\u2019originalit\u00e9, une belle photog\u00e9nie, un vrai coup de c\u0153ur\u2026 le tout en veillant \u00e0 repr\u00e9senter tous les profils de chats, de race ou non.<\/p>\n<p>Une nouvelle cat\u00e9gorie mise en lumi\u00e8re<\/p>\n<p class=\" wall-content\">Petite nouveaut\u00e9 cette ann\u00e9e : les <strong>chats europ\u00e9ens,<\/strong> tr\u00e8s nombreux parmi les participants, b\u00e9n\u00e9ficient d\u00e9sormais d\u2019une <strong>cat\u00e9gorie \u00e9largie<\/strong> \u00e0 20 demi-finalistes. L\u2019objectif : leur offrir une chance \u00e9quitable d\u2019acc\u00e9der \u00e0 la grande finale.<\/p>\n<p class=\" wall-content\">Voici la r\u00e9partition des chats s\u00e9lectionn\u00e9s :<\/p>\n<ul class=\" wall-content\">\n<li>10 chatons ;<\/li>\n<li>10 chats de race ;<\/li>\n<li>20 chats europ\u00e9ens.<\/li>\n<\/ul>\n<p>Vid\u00e9os : en ce moment sur ActuVotez jusqu\u2019au 28 juin<\/p>\n<p class=\" wall-content\">Le vote du public est ouvert ! Pour soutenir vos f\u00e9lins pr\u00e9f\u00e9r\u00e9s, il suffit de se rendre sur la <a href=\"https:\/\/www.facebook.com\/catbnbRennes\/?locale=fr_FR\" rel=\"nofollow noopener\" target=\"_blank\">page Facebook de CatBnB<\/a> et de \u201cliker\u201d les photos de vos coups de c\u0153ur.\u00a0<strong>Cl\u00f4ture des votes :<\/strong> samedi 28 juin <strong>\u00e0 18h<\/strong>.<\/p>\n<p>    <a href=\"https:\/\/www.facebook.com\/plugins\/post.php?href=https%3A%2F%2Fwww.facebook.com%2FcatbnbRennes%2Fposts%2Fpfbid02Nmwf9wT38xjLj7Vv1vGJusoiAKyybKjCmTXQb3afvMekYQvSCUNbMVBJeQrxMiFLl&amp;show_text=true&amp;width=350\" title=\"Ouvrie le lien\" rel=\"nofollow noopener\" target=\"_blank\">Cliquez ici pour visualiser le contenu<\/a><\/p>\n<p class=\" wall-content\"><strong>Les 3 chats ayant re\u00e7u le plus de \u201clikes\u201d<\/strong> dans chaque cat\u00e9gorie acc\u00e9deront \u00e0 la <strong>grande finale<\/strong>, dont le<strong> r\u00e9sultat sera d\u00e9voil\u00e9 dimanche 30 juin<\/strong>. Le jury tiendra alors compte des votes du public et des anecdotes transmises par les propri\u00e9taires pour d\u00e9signer le grand gagnant.<\/p>\n<p class=\" wall-content\">Des <strong>r\u00e9compenses \u00e0 la cl\u00e9<\/strong> pour les finalistes :<\/p>\n<ul class=\" wall-content\">\n<li>une formule \u201cConfort\u201d CatBnB, un shooting photo et des box pour chats pour le vainqueur toutes cat\u00e9gories ;<\/li>\n<li>deux formules \u201cEssentielles\u201d et des box pour les autres finalistes ;<\/li>\n<li>et une formule \u201cEssentielle\u201d suppl\u00e9mentaire pour le 2\u1d49 chat europ\u00e9en, en clin d\u2019\u0153il \u00e0 cette cat\u00e9gorie pl\u00e9biscit\u00e9e.<\/li>\n<\/ul>\n<p class=\" wall-content\">\u00c0 vos clics, pr\u00eats\u2026 votez !<\/p>\n<p class=\" wall-content\">Suivez toute l\u2019actualit\u00e9 de vos villes et m\u00e9dias favoris en vous inscrivant \u00e0 <a href=\"https:\/\/moncompte.actu.fr\" title=\"D\u00e9couvez Mon Actu\" rel=\"nofollow noopener\" data-trk=\"{&quot;cta&quot;:{&quot;action&quot;:&quot;https:\\\/\\\/moncompte.actu.fr&quot;,&quot;category&quot;:&quot;mon compte&quot;,&quot;from&quot;:&quot;article footer&quot;,&quot;name&quot;:&quot;Mon actu&quot;,&quot;type&quot;:&quot;cta&quot;}}\" target=\"_blank\">Mon Actu<\/a>.<\/p>\n","protected":false},"excerpt":{"rendered":"Par Brian Le Goff Publi\u00e9 le 23 juin 2025 \u00e0 7h32 Le concours du Plus Beau Chat de&hellip;\n","protected":false},"author":2,"featured_media":197477,"comment_status":"","ping_status":"","sticky":false,"template":"","format":"standard","meta":{"footnotes":""},"categories":[2821],"tags":[1111,11,829,7654,1777,674,1011,27,1757,12,584,25],"class_list":{"0":"post-197476","1":"post","2":"type-post","3":"status-publish","4":"format-standard","5":"has-post-thumbnail","7":"category-rennes","8":"tag-actu","9":"tag-actualites","10":"tag-bretagne","11":"tag-chat","12":"tag-eu","13":"tag-europe","14":"tag-fr","15":"tag-france","16":"tag-insolite","17":"tag-news","18":"tag-rennes","19":"tag-republique-francaise"},"share_on_mastodon":{"url":"https:\/\/pubeurope.com\/@fr\/114731215928278248","error":""},"_links":{"self":[{"href":"https:\/\/www.europesays.com\/fr\/wp-json\/wp\/v2\/posts\/197476","targetHints":{"allow":["GET"]}}],"collection":[{"href":"https:\/\/www.europesays.com\/fr\/wp-json\/wp\/v2\/posts"}],"about":[{"href":"https:\/\/www.europesays.com\/fr\/wp-json\/wp\/v2\/types\/post"}],"author":[{"embeddable":true,"href":"https:\/\/www.europesays.com\/fr\/wp-json\/wp\/v2\/users\/2"}],"replies":[{"embeddable":true,"href":"https:\/\/www.europesays.com\/fr\/wp-json\/wp\/v2\/comments?post=197476"}],"version-history":[{"count":0,"href":"https:\/\/www.europesays.com\/fr\/wp-json\/wp\/v2\/posts\/197476\/revisions"}],"wp:featuredmedia":[{"embeddable":true,"href":"https:\/\/www.europesays.com\/fr\/wp-json\/wp\/v2\/media\/197477"}],"wp:attachment":[{"href":"https:\/\/www.europesays.com\/fr\/wp-json\/wp\/v2\/media?parent=197476"}],"wp:term":[{"taxonomy":"category","embeddable":true,"href":"https:\/\/www.europesays.com\/fr\/wp-json\/wp\/v2\/categories?post=197476"},{"taxonomy":"post_tag","embeddable":true,"href":"https:\/\/www.europesays.com\/fr\/wp-json\/wp\/v2\/tags?post=197476"}],"curies":[{"name":"wp","href":"https:\/\/api.w.org\/{rel}","templated":true}]}}