{"id":197484,"date":"2025-06-23T06:19:10","date_gmt":"2025-06-23T06:19:10","guid":{"rendered":"https:\/\/www.europesays.com\/fr\/197484\/"},"modified":"2025-06-23T06:19:10","modified_gmt":"2025-06-23T06:19:10","slug":"nice-capitale-de-la-mandarine-dici-dix-ans-le-mediatique-agroclimatologue-serge-zaka-rejoint-le-haut-conseil-local-pour-le-climat-et-il-a-des-idees","status":"publish","type":"post","link":"https:\/\/www.europesays.com\/fr\/197484\/","title":{"rendered":"\u00ab\u00a0Nice capitale de la mandarine d\u2019ici dix ans?\u00a0\u00bb: le m\u00e9diatique agroclimatologue Serge Zaka rejoint le Haut conseil local pour le climat et il a des id\u00e9es&#8230;"},"content":{"rendered":"<p>97.800 followers sur X (ex-Twitter) o\u00f9 il vulgarise l\u2019impact du changement climatique et, une autobiographie sortie il y a trois mois (1) et un look \u00e0 nul autre pareil.<\/p>\n<p>Lui, c\u2019est Serge Zaka, pionnier de l\u2019agroclimatologie et chasseur d\u2019orages. Depuis plus de 20 ans, ce Franco libanais mod\u00e9lise les interactions entre modifications du climat et agriculture&#8230; et sillonne la France, avec son appareil photo pour traquer les \u00e9clairs les plus spectaculaires.<\/p>\n<p>Mais pas que.<\/p>\n<p>Lors de la derni\u00e8re s\u00e9ance pl\u00e9ni\u00e8re de la M\u00e9tropole Nice C\u00f4te d\u2019Azur, son nom s\u2019est invit\u00e9 dans la liste des recrues du Haut conseil local pour le climat. Fond\u00e9e en 2023 (lire ci-dessous), l\u2019instance r\u00e9unit des experts pour \u00e9clairer la d\u00e9cision publique en mati\u00e8re d\u2019action climatique locale.<\/p>\n<p>Apr\u00e8s des d\u00e9parts, la collectivit\u00e9 y fait entrer trois nouvelles t\u00eates: Robin Degron, directeur du Plan bleu, instance de l\u2019ONU pour la protection de la M\u00e9diterran\u00e9e, Laure Verneyre, cheffe de l\u2019antenne Paca-Corse du Centre d\u2019\u00e9tudes et d\u2019expertise sur les risques, l\u2019environnement, la mobilit\u00e9 et l\u2019am\u00e9nagement (Cerema) et le tr\u00e8s m\u00e9diatique Serge Zaka.<\/p>\n<p>\u00ab\u00a0Nice, future capitale des mandarines?\u00a0\u00bb<\/p>\n<p>Contact\u00e9, force est de constater que le scientifique au chapeau de cow-boy n\u2019arrive pas sans id\u00e9e.<\/p>\n<p>\u00ab\u00a0La m\u00e9tropole ni\u00e7oise n\u2019est pas qu\u2019une ville. Tout autour, il y a des villages, des reliefs, des for\u00eats&#8230; J\u2019apporterai mes connaissances sur ce qu\u2019on pourra planter en 2050, comment favoriser les liens entre ville et agriculture\u00a0\u00bb, pose Serge Zaka.<\/p>\n<p>Pour le futur m\u00e9tropolitain, c\u2019est justement sur les agrumes qu\u2019il lorgne.<\/p>\n<p>\u00ab\u00a0Comme \u00e0 Menton, il faudrait un embl\u00e8me. Nice a la pissaladi\u00e8re, la socca mais ces sp\u00e9cialit\u00e9s ne reposent pas sur des produits purement du terroir. Des cultures seraient tr\u00e8s favorables au climat local: le kaki, l\u2019orange, la n\u00e8fle&#8230; Pourquoi pas, d\u2019ici 10 ans, imaginer la mandarine de Nice: avec des vergers municipaux dans la ville, aptes \u00e0 la rafra\u00eechir, propose-t-il. Crucial quand on sait que Nice a multipli\u00e9 par 4 son nombre de nuits tropicales en \u00e9t\u00e9\u00a0\u00bb. <\/p>\n<p>\u00ab\u00a0Agr\u00e9ablement surpris\u00a0\u00bb par l\u2019existence de ce Haut conseil local pour le climat, l\u2019expert esp\u00e8re se servir de sa notori\u00e9t\u00e9 pour propager la d\u00e9marche \u00ab\u00a0\u00e0 Montpellier, N\u00eemes, Perpignan&#8230;\u00a0\u00bb. <\/p>\n<p>D\u00e9but septembre, Serge Zaka viendra \u00e0 Nice pour sa premi\u00e8re r\u00e9union en pr\u00e9sentielle, une participation qu\u2019il veut constructive. <\/p>\n<p>\u00ab\u00a0Je ne viens pas pour dire non \u00e0 tout ou m\u2019accrocher \u00e0 des arbres mais pour \u00e9clairer de mani\u00e8re neutre avec des donn\u00e9es scientifiques\u00a0\u00bb, conclut-il.<\/p>\n<p>1. Orages sur le climat, \u00e9d. Harper Collins, 2025.<\/p>\n<p>            \u00ab\u00a0Ce n&rsquo;\u00e9tait pas vraiment une carte blanche\u00a0\u00bb<\/p>\n<p>Certains arrivent, d\u2019autres partent&#8230; Le 13 f\u00e9vrier 2023, ce sont \u00a0\u00bb les 17 meilleurs sp\u00e9cialistes fran\u00e7ais dans tous les domaines\u00a0\u00bb que pr\u00e9sentait en ces mots Christian Estrosi, pr\u00e9sident de la M\u00e9tropole Nice C\u00f4te d\u2019Azur, <a href=\"https:\/\/www.nicematin.com\/environnement\/mais-a-quoi-va-servir-le-haut-conseil-pour-le-climat-de-la-metropole-de-nice-815737\" target=\"_blank\" rel=\"noopener\">en installant officiellement son Haut conseil local pour le climat<\/a>.<\/p>\n<p>Depuis, l\u2019instance a essuy\u00e9 quelques d\u00e9parts. Exit Pascal Dassonville, alors directeur r\u00e9gional d\u2019Enedis, d\u00e9sormais chef de projet \u00e0 Paris, toujours pour le compte du gestionnaire du r\u00e9seau de distribution \u00e9lectrique.<\/p>\n<p>Parti aussi, l\u2019entomologiste et directeur de recherche au CNRS Philippe Grandcolas, vivant et travaillant en Ile-de-France.<\/p>\n<p>\u00ab\u00a0Je me suis malheureusement aper\u00e7u que j\u2019\u00e9tais beaucoup plus sollicit\u00e9 que cela n\u2019avait \u00e9t\u00e9 envisag\u00e9 a priori. Je me suis trouv\u00e9 dans l\u2019impossibilit\u00e9 de suivre les r\u00e9unions\u00a0\u00bb, explique-t-il.<\/p>\n<p>\u00ab\u00a0Une certaine frustration\u00a0\u00bb<\/p>\n<p>\u00c9cologue et g\u00e9ographe, aujourd\u2019hui directeur de recherche \u00e9m\u00e9rite, Wolfgang Cramer s\u2019est lui aussi d\u00e9sengag\u00e9 de l\u2019instance, apr\u00e8s y avoir plac\u00e9 quelques espoirs, d\u00e9\u00e7us.<\/p>\n<p>\u00ab\u00a0Lors de l\u2019installation, le cadre qui nous avait \u00e9t\u00e9 donn\u00e9 \u00e9tait celui d\u2019une carte blanche pour nous exprimer sur les sujets qui nous semblaient pertinents. Or,  [en septembre 2023, N.D.L.R.], il n\u2019a pas \u00e9t\u00e9 possible d\u2019avoir une discussion au sein du Haut conseil local. Par rapport aux objectifs de d\u00e9part, je n\u2019ai pas ressenti de r\u00e9elle \u00e9coute. J\u2019ai trouv\u00e9 cela frustrant\u00a0\u00bb, d\u00e9taille le scientifique, pointant, au passage, des frais de mission \u00ab\u00a0rembours\u00e9s a minima\u00a0\u00bb. <\/p>\n<p>Sous couvert d\u2019anonymat, une personne, toujours membre de l\u2019instance, \u00e9voque aussi quelques regrets: \u00ab\u00a0Des sujets tr\u00e8s importants n\u2019ont pas \u00e9t\u00e9 trait\u00e9s, comme celui de l\u2019extension de l\u2019a\u00e9roport de Nice. Le tabou n\u2019est pas pos\u00e9 ouvertement, mais il y a clairement eu des r\u00e9ticences \u00e0 l\u2019\u00e9voquer\u00a0\u00bb, d\u00e9plore cette source.<\/p>\n","protected":false},"excerpt":{"rendered":"97.800 followers sur X (ex-Twitter) o\u00f9 il vulgarise l\u2019impact du changement climatique et, une autobiographie sortie il y&hellip;\n","protected":false},"author":2,"featured_media":197485,"comment_status":"","ping_status":"","sticky":false,"template":"","format":"standard","meta":{"footnotes":""},"categories":[2819],"tags":[1111,11,1129,1777,674,1011,27,12,2401,882,25],"class_list":{"0":"post-197484","1":"post","2":"type-post","3":"status-publish","4":"format-standard","5":"has-post-thumbnail","7":"category-nice","8":"tag-actu","9":"tag-actualites","10":"tag-climat","11":"tag-eu","12":"tag-europe","13":"tag-fr","14":"tag-france","15":"tag-news","16":"tag-nice","17":"tag-provence-alpes-cote-dazur","18":"tag-republique-francaise"},"share_on_mastodon":{"url":"https:\/\/pubeurope.com\/@fr\/114731231692651430","error":""},"_links":{"self":[{"href":"https:\/\/www.europesays.com\/fr\/wp-json\/wp\/v2\/posts\/197484","targetHints":{"allow":["GET"]}}],"collection":[{"href":"https:\/\/www.europesays.com\/fr\/wp-json\/wp\/v2\/posts"}],"about":[{"href":"https:\/\/www.europesays.com\/fr\/wp-json\/wp\/v2\/types\/post"}],"author":[{"embeddable":true,"href":"https:\/\/www.europesays.com\/fr\/wp-json\/wp\/v2\/users\/2"}],"replies":[{"embeddable":true,"href":"https:\/\/www.europesays.com\/fr\/wp-json\/wp\/v2\/comments?post=197484"}],"version-history":[{"count":0,"href":"https:\/\/www.europesays.com\/fr\/wp-json\/wp\/v2\/posts\/197484\/revisions"}],"wp:featuredmedia":[{"embeddable":true,"href":"https:\/\/www.europesays.com\/fr\/wp-json\/wp\/v2\/media\/197485"}],"wp:attachment":[{"href":"https:\/\/www.europesays.com\/fr\/wp-json\/wp\/v2\/media?parent=197484"}],"wp:term":[{"taxonomy":"category","embeddable":true,"href":"https:\/\/www.europesays.com\/fr\/wp-json\/wp\/v2\/categories?post=197484"},{"taxonomy":"post_tag","embeddable":true,"href":"https:\/\/www.europesays.com\/fr\/wp-json\/wp\/v2\/tags?post=197484"}],"curies":[{"name":"wp","href":"https:\/\/api.w.org\/{rel}","templated":true}]}}