{"id":197493,"date":"2025-06-23T06:24:09","date_gmt":"2025-06-23T06:24:09","guid":{"rendered":"https:\/\/www.europesays.com\/fr\/197493\/"},"modified":"2025-06-23T06:24:09","modified_gmt":"2025-06-23T06:24:09","slug":"pres-de-bordeaux-cette-ville-a-gauche-depuis-le-seconde-guerre-mondiale-pourrait-basculer-lors-des-municipales-de-2026","status":"publish","type":"post","link":"https:\/\/www.europesays.com\/fr\/197493\/","title":{"rendered":"Pr\u00e8s de Bordeaux, cette ville \u00e0 gauche depuis le Seconde Guerre mondiale, pourrait basculer lors des municipales de 2026"},"content":{"rendered":"<p>Fief de la gauche depuis 1944, la ville de M\u00e9rignac pourrait \u00eatre reprise par la droite lors des \u00e9lections municipales de 2026. Et l\u2019opposition semble pr\u00eate \u00e0 faire union pour le voir advenir.<\/p>\n<p class=\"fig-paragraph\">\u00c0\u00a0<a href=\"http:\/\/www.lefigaro.fr\/bordeaux\/un-avion-deroute-en-urgence-vers-l-aeroport-de-bordeaux-merignac-a-cause-d-une-odeur-de-chaud-dans-la-cabine-20250617\" data-fig-type=\"NewsFlash\" data-gtm-custom-categorie=\"navigation\" data-gtm-custom-action=\"crossclick\" data-gtm-custom-label=\"Contextuel\" data-gtm-event=\"customEventSPE\" data-fig-domain=\"LEFIGARO\" target=\"_blank\" rel=\"noopener\">M\u00e9rignac<\/a>, fief historique du\u00a0<a href=\"http:\/\/www.lefigaro.fr\/politique\/le-congres-de-nancy-acte-l-existence-de-deux-parti-socialiste-en-un-seul-20250615\" data-fig-type=\"Article\" data-gtm-custom-categorie=\"navigation\" data-gtm-custom-action=\"crossclick\" data-gtm-custom-label=\"Contextuel\" data-gtm-event=\"customEventSPE\" data-fig-domain=\"LEFIGARO\" target=\"_blank\" rel=\"noopener\">parti socialiste<\/a>\u00a0(PS) depuis 1944, l\u2019assise traditionnelle de la gauche vacille. \u00c0 moins d\u2019un an des \u00e9lections municipales de 2026, l\u2019opposition pr\u00e9pare sa revanche, port\u00e9e par la\u00a0<a href=\"http:\/\/www.lefigaro.fr\/bordeaux\/frappe-par-la-maladie-le-maire-de-merignac-alain-anziani-annonce-sa-demission-20250326\" data-fig-type=\"NewsFlash\" data-gtm-custom-categorie=\"navigation\" data-gtm-custom-action=\"crossclick\" data-gtm-custom-label=\"Contextuel\" data-gtm-event=\"customEventSPE\" data-fig-domain=\"LEFIGARO\" target=\"_blank\" rel=\"noopener\">d\u00e9mission pour des raisons de sant\u00e9<\/a>\u00a0du dernier maire embl\u00e9matique de la commune, Alain Anziani. \u00abLa ville peut basculer et c\u2019est absolument n\u00e9cessaire pour son avenir\u00bb, nous indique le conseiller municipal Thierry Millet, pressenti pour mener la fronde. Conseiller municipal depuis trente ans, le sexag\u00e9naire s\u2019est d\u00e9j\u00e0 pr\u00e9sent\u00e9 six fois au scrutin pour administrer la commune. \u00abLouison Bobet s\u2019y est repris \u00e0 six fois pour gagner le Tour de France\u00bb, balai l\u2019\u00e9lu d\u2019un revers de la main. Avant d\u2019ajouter\u00a0: \u00abJe cherche avant tout \u00e0 construire une alliance de personnes, au-del\u00e0 des partis, dont les id\u00e9es sont compatibles avec ma personnalit\u00e9. Cela va du centre gauche aux confins de la droite, je discute avec des gens qui aiment bien Madame Knafo (d\u00e9put\u00e9e europ\u00e9enne et conjointe d\u2019\u00c9ric Zemmour, le pr\u00e9sident de Reconqu\u00eate!, NDLR). Ma seule limite, ce sont les trotskistes.\u00bb<\/p>\n<p class=\"fig-paragraph\">Une ambition partag\u00e9e par R\u00e9mi Cocuelle (Horizons), l\u2019autre figure de l\u2019opposition. Conseiller municipal entre 2015 et 2020, avant une br\u00e8ve pause pour des raisons personnelles, l\u2019homme politique travaille la conqu\u00eate de la mairie depuis deux ans avec son collectif M\u00e9rignac Ensemble. \u00abL\u2019id\u00e9e, c\u2019est de rassembler toutes les personnes qui peuvent avoir un r\u00f4le \u00e0 jouer. Pour l\u2019instant, nous avons des d\u00e9marches parall\u00e8les avec Thierry Millet et nous discutons\u00bb, indique-t-il. R\u00e9mi Cocuelle a lui aussi l\u2019intuition que la ville pourrait changer de couleurs en 2026. \u00abM\u00eame si la majorit\u00e9 est en place depuis 1944, une \u00e9lection peut par nature permettre un basculement, avance-t-il. Alain Anziani n\u2019est plus maire et le nouveau maire, Thierry Trijoulet, semble faire face \u00e0 des lignes de fractures \u00e0 gauche qui posent questions sur la configuration de 2026.\u00bb<\/p>\n<p>Une gauche \u00absans certitude\u00bb pour 2026<\/p>\n<p class=\"fig-paragraph\">Loin d\u2019\u00eatre inquiet, le nouveau premier magistrat de la ville et ex-adjoint d\u2019Alain Anziani, aborde le sujet avec prudence. \u00abM\u00e9rignac est la ville o\u00f9 j\u2019ai grandi depuis mes trois ans, j\u2019ai un v\u00e9ritable amour pour elle et j\u2019ai envie de continuer \u00e0 m\u2019y investir. Mais le peuple souverain d\u00e9cide et je me dois de le convaincre\u00bb, d\u00e9clare-t-il. Attaqu\u00e9 sur son bilan en mati\u00e8re d\u2019urbanisme que l\u2019opposition qualifie de \u00abprojet de b\u00e9tonisation\u00bb, le maire sortant se d\u00e9fend et se dit \u00abserein\u00bb bien que \u00absans certitude\u00bb.<\/p>\n<p class=\"fig-paragraph\">Si aucun candidat n\u2019envisage officiellement d\u2019alliance avec le Rassemblement national, tous devront toutefois faire face \u00e0 sa progression dans la ville. Pressenti pour en \u00eatre le candidat, le d\u00e9l\u00e9gu\u00e9 d\u00e9partemental du parti en Gironde, Jimmy Bourlieux, a enregistr\u00e9 25% des votes des M\u00e9rignacais aux \u00e9lections l\u00e9gislatives de 2024 contre 14% en 2022. \u00abThierry Trijoulet est assez affaibli car il est m\u00e9connu et contest\u00e9 par la d\u00e9put\u00e9e Marie R\u00e9calde dans son camp. Or en 2020, la gauche l\u2019a emport\u00e9 parce que la droite et le centre \u00e9taient partis s\u00e9par\u00e9. Il n\u2019est pas l\u2019heure d\u2019une alliance, mais je suis pr\u00eat \u00e0 leur tendre la main car mon objectif est vraiment de mettre fin au r\u00e8gne des socialistes \u00e0 M\u00e9rignac. C\u2019est le moment ou jamais\u00bb, annonce-t-il d\u2019embl\u00e9e. Contact\u00e9e, Marie R\u00e9calde n\u2019a pas r\u00e9pondu \u00e0 nos sollicitations pour l\u2019instant.<\/p>\n","protected":false},"excerpt":{"rendered":"Fief de la gauche depuis 1944, la ville de M\u00e9rignac pourrait \u00eatre reprise par la droite lors des&hellip;\n","protected":false},"author":2,"featured_media":197494,"comment_status":"","ping_status":"","sticky":false,"template":"","format":"standard","meta":{"footnotes":""},"categories":[2817],"tags":[1111,11,1997,2916,2911,2910,2915,2909,2904,2913,2912,2914,2906,2907,11035,1777,674,1011,27,2905,2908,12,2219,316,25],"class_list":{"0":"post-197493","1":"post","2":"type-post","3":"status-publish","4":"format-standard","5":"has-post-thumbnail","7":"category-bordeaux","8":"tag-actu","9":"tag-actualites","10":"tag-bordeaux","11":"tag-bordeaux-cauderan","12":"tag-bordeaux-centre-ville","13":"tag-bordeaux-chartrons-grand-parc-jardin-public","14":"tag-bordeaux-la-bastide","15":"tag-bordeaux-maritime","16":"tag-bordeaux-metropole","17":"tag-bordeaux-nansouty-st-genes","18":"tag-bordeaux-st-augustin-tauzin-alphonse-dupeux","19":"tag-bordeaux-sud","20":"tag-capitale-de-gaule","21":"tag-cathedrale-gothique-de-saint-andre","22":"tag-election","23":"tag-eu","24":"tag-europe","25":"tag-fr","26":"tag-france","27":"tag-gironde","28":"tag-girondins-de-bordeaux","29":"tag-news","30":"tag-nouvelle-aquitaine","31":"tag-politique","32":"tag-republique-francaise"},"share_on_mastodon":{"url":"","error":""},"_links":{"self":[{"href":"https:\/\/www.europesays.com\/fr\/wp-json\/wp\/v2\/posts\/197493","targetHints":{"allow":["GET"]}}],"collection":[{"href":"https:\/\/www.europesays.com\/fr\/wp-json\/wp\/v2\/posts"}],"about":[{"href":"https:\/\/www.europesays.com\/fr\/wp-json\/wp\/v2\/types\/post"}],"author":[{"embeddable":true,"href":"https:\/\/www.europesays.com\/fr\/wp-json\/wp\/v2\/users\/2"}],"replies":[{"embeddable":true,"href":"https:\/\/www.europesays.com\/fr\/wp-json\/wp\/v2\/comments?post=197493"}],"version-history":[{"count":0,"href":"https:\/\/www.europesays.com\/fr\/wp-json\/wp\/v2\/posts\/197493\/revisions"}],"wp:featuredmedia":[{"embeddable":true,"href":"https:\/\/www.europesays.com\/fr\/wp-json\/wp\/v2\/media\/197494"}],"wp:attachment":[{"href":"https:\/\/www.europesays.com\/fr\/wp-json\/wp\/v2\/media?parent=197493"}],"wp:term":[{"taxonomy":"category","embeddable":true,"href":"https:\/\/www.europesays.com\/fr\/wp-json\/wp\/v2\/categories?post=197493"},{"taxonomy":"post_tag","embeddable":true,"href":"https:\/\/www.europesays.com\/fr\/wp-json\/wp\/v2\/tags?post=197493"}],"curies":[{"name":"wp","href":"https:\/\/api.w.org\/{rel}","templated":true}]}}