{"id":197495,"date":"2025-06-23T06:25:08","date_gmt":"2025-06-23T06:25:08","guid":{"rendered":"https:\/\/www.europesays.com\/fr\/197495\/"},"modified":"2025-06-23T06:25:08","modified_gmt":"2025-06-23T06:25:08","slug":"le-chu-de-toulouse-se-dote-dune-salle-melanie-pour-recueillir-la-parole-des-enfants-victimes-de-violence","status":"publish","type":"post","link":"https:\/\/www.europesays.com\/fr\/197495\/","title":{"rendered":"Le CHU de Toulouse se dote d&rsquo;une salle \u00ab\u00a0M\u00e9lanie\u00a0\u00bb pour recueillir la parole des enfants victimes de violence"},"content":{"rendered":"<p>            Par<br \/>\n        <strong><br \/>\n            <a href=\"https:\/\/actu.fr\/auteur\/lucie-2\" title=\"Consulter tous les articles de Lucie Fraisse\" rel=\"nofollow noopener\" target=\"_blank\">Lucie Fraisse<\/a><br \/>\n        <\/strong><\/p>\n<p>        Publi\u00e9 le<\/p>\n<p>            23 juin 2025 \u00e0 7h12        <\/p>\n<p>C\u2019est un outil essentiel dans la prise en charge des mineurs victimes de violence. Au <a href=\"https:\/\/actu.fr\/tag\/chu-de-toulouse\" rel=\"nofollow noopener\" target=\"_blank\">CHU de Toulouse<\/a>, les locaux de l\u2019Unit\u00e9 d\u2019accueil p\u00e9diatrique enfants en danger (UAPED 31), disposent d\u00e9sormais d\u2019une salle d\u2019audition o\u00f9 les enfants peuvent \u00eatre entendus par les enqu\u00eateurs dans un environnement rassurant, <strong>\u00e0 l\u2019h\u00f4pital Paule-de-Viguier, \u00e0 Purpan<\/strong>.<\/p>\n<p>Environnement rassurant\u00a0<\/p>\n<p class=\" wall-content\">Cette salle est dite salle \u00ab\u00a0M\u00e9lanie\u00a0\u00bb, <a href=\"https:\/\/actu.fr\/nouvelle-aquitaine\/marmande_47157\/gendarmerie-pourquoi-les-salles-d-audition-d-enfants-victimes-s-appellent-melanie_57599235.html\" rel=\"nofollow noopener\" target=\"_blank\">du nom de la premi\u00e8re enfant \u00e0 en avoir b\u00e9n\u00e9fici\u00e9 dans les ann\u00e9es 90<\/a>, \u00e0 La R\u00e9union. Une salle tr\u00e8s \u00e9loign\u00e9e des froides salles d\u2019audition, avec une d\u00e9coration rassurante pour les enfants. Et qui, vu sa situation dans l\u2019h\u00f4pital, a l\u2019avantage d\u2019\u00e9viter de d\u00e9placer les enfants entre diff\u00e9rents services, <strong>pour r\u00e9duire leur stress<\/strong>.\u00a0<\/p>\n<p class=\" wall-content\">\u00ab\u00a0Les enfants et leurs accompagnants sont accueillis par l\u2019\u00e9quipe p\u00e9diatrique afin que l\u2019audition se passe dans les meilleures conditions possibles, selon un protocole \u00e9crit conjointement entre notre \u00e9quipe et celle des services de la Justice\u00a0\u00bb, indique Professeur Yves Chaix, neurop\u00e9diatre au CHU de Toulouse, coordonnateur de l\u2019UAPED.\u00a0<\/p>\n<p>Une psychologue lors de l\u2019audition\u00a0<\/p>\n<p class=\" wall-content\">Sp\u00e9cificit\u00e9 du dispositif mis en place au <strong>CHU de Toulouse<\/strong> : une psychologue est pr\u00e9sente pendant l\u2019audition par le premier enqu\u00eateur. L\u2019audition est enregistr\u00e9e sur vid\u00e9o. Un second enqu\u00eateur et un membre de l\u2019\u00e9quipe de soins sont aussi pr\u00e9sents dans un local technique \u00e0 proximit\u00e9, ce qui permet notamment un autre regard sur \u00ab\u00a0les comportements non verbaux de l\u2019enfant\u00a0\u00bb.<\/p>\n<p class=\" wall-content\">\u200bLa salle est aussi \u00e9quip\u00e9e d\u2019une vitre sans tain, ce qui permet \u00e0 des stagiaires en formation de suivre l\u2019audition, sans interf\u00e9rer dans la proc\u00e9dure.<\/p>\n<p>Vid\u00e9os : en ce moment sur ActuAussi en amont d\u2019une proc\u00e9dure judiciaire\u00a0<\/p>\n<p class=\" wall-content\">L\u2019Unit\u00e9 d\u2019accueil p\u00e9diatrique enfants en danger assure l\u2019\u00e9valuation et la prise en charge des mineurs ayant subi \u2013 ou susceptibles d\u2019avoir subi \u2013 des violences physiques, psychologiques ou sexuelles, ainsi que des enfants t\u00e9moins de violences familiales ou victimes de n\u00e9gligences graves.\u200b<\/p>\n<p class=\" wall-content\">L\u2019UAPED peut \u00eatre sollicit\u00e9e<strong> en amont d\u2019une proc\u00e9dure judiciaire<\/strong> ou \u00e0 la demande de la justice. En 2024, 93 r\u00e9quisitions ont \u00e9t\u00e9 effectu\u00e9es par la justice au cours d\u2019une proc\u00e9dure judiciaire, dont 42 auditions\u200b, 201 \u00e9valuations ont \u00e9t\u00e9 r\u00e9alis\u00e9es en amont d\u2019une proc\u00e9dure judiciaire\u200b et 135 demandes d\u2019avis trait\u00e9s.\u00a0<\/p>\n<p class=\" wall-content\">Deux p\u00e9diatres, deux \u00e9ducatrices, deux psychologues, deux assistantes sociales et une secr\u00e9taire m\u00e9dicale travaillent dans cette unit\u00e9 sp\u00e9cialis\u00e9e.<\/p>\n<p class=\" wall-content\">Suivez toute l\u2019actualit\u00e9 de vos villes et m\u00e9dias favoris en vous inscrivant \u00e0 <a href=\"https:\/\/moncompte.actu.fr\" title=\"D\u00e9couvez Mon Actu\" rel=\"nofollow noopener\" data-trk=\"{&quot;cta&quot;:{&quot;action&quot;:&quot;https:\\\/\\\/moncompte.actu.fr&quot;,&quot;category&quot;:&quot;mon compte&quot;,&quot;from&quot;:&quot;article footer&quot;,&quot;name&quot;:&quot;Mon actu&quot;,&quot;type&quot;:&quot;cta&quot;}}\" target=\"_blank\">Mon Actu<\/a>.<\/p>\n","protected":false},"excerpt":{"rendered":"Par Lucie Fraisse Publi\u00e9 le 23 juin 2025 \u00e0 7h12 C\u2019est un outil essentiel dans la prise en&hellip;\n","protected":false},"author":2,"featured_media":197496,"comment_status":"","ping_status":"","sticky":false,"template":"","format":"standard","meta":{"footnotes":""},"categories":[2816],"tags":[1111,11,2630,1719,1777,674,1011,27,12,2680,25,104,2312,799],"class_list":{"0":"post-197495","1":"post","2":"type-post","3":"status-publish","4":"format-standard","5":"has-post-thumbnail","7":"category-toulouse","8":"tag-actu","9":"tag-actualites","10":"tag-chu-de-toulouse","11":"tag-enfants","12":"tag-eu","13":"tag-europe","14":"tag-fr","15":"tag-france","16":"tag-news","17":"tag-occitanie","18":"tag-republique-francaise","19":"tag-societe","20":"tag-toulouse","21":"tag-violences-sexuelles"},"share_on_mastodon":{"url":"https:\/\/pubeurope.com\/@fr\/114731255277091401","error":""},"_links":{"self":[{"href":"https:\/\/www.europesays.com\/fr\/wp-json\/wp\/v2\/posts\/197495","targetHints":{"allow":["GET"]}}],"collection":[{"href":"https:\/\/www.europesays.com\/fr\/wp-json\/wp\/v2\/posts"}],"about":[{"href":"https:\/\/www.europesays.com\/fr\/wp-json\/wp\/v2\/types\/post"}],"author":[{"embeddable":true,"href":"https:\/\/www.europesays.com\/fr\/wp-json\/wp\/v2\/users\/2"}],"replies":[{"embeddable":true,"href":"https:\/\/www.europesays.com\/fr\/wp-json\/wp\/v2\/comments?post=197495"}],"version-history":[{"count":0,"href":"https:\/\/www.europesays.com\/fr\/wp-json\/wp\/v2\/posts\/197495\/revisions"}],"wp:featuredmedia":[{"embeddable":true,"href":"https:\/\/www.europesays.com\/fr\/wp-json\/wp\/v2\/media\/197496"}],"wp:attachment":[{"href":"https:\/\/www.europesays.com\/fr\/wp-json\/wp\/v2\/media?parent=197495"}],"wp:term":[{"taxonomy":"category","embeddable":true,"href":"https:\/\/www.europesays.com\/fr\/wp-json\/wp\/v2\/categories?post=197495"},{"taxonomy":"post_tag","embeddable":true,"href":"https:\/\/www.europesays.com\/fr\/wp-json\/wp\/v2\/tags?post=197495"}],"curies":[{"name":"wp","href":"https:\/\/api.w.org\/{rel}","templated":true}]}}