{"id":19750,"date":"2025-04-12T12:01:09","date_gmt":"2025-04-12T12:01:09","guid":{"rendered":"https:\/\/www.europesays.com\/fr\/19750\/"},"modified":"2025-04-12T12:01:09","modified_gmt":"2025-04-12T12:01:09","slug":"michael-youn-de-nouveau-rembarre-par-sa-mere-pour-flashback-je-nai-pas-que-ca-a-faire","status":"publish","type":"post","link":"https:\/\/www.europesays.com\/fr\/19750\/","title":{"rendered":"Micha\u00ebl Youn de nouveau rembarr\u00e9 par sa m\u00e8re pour \u00ab\u00a0Flashback\u00a0\u00bb : \u00ab\u00a0Je n\u2019ai pas que \u00e7a \u00e0 faire\u00a0\u00bb"},"content":{"rendered":"<p><a href=\"https:\/\/www.public.fr\/tag\/michael-youn\" target=\"_blank\" rel=\"noopener\">Micha\u00ebl Youn<\/a> va-t-il de nouveau battre <a href=\"https:\/\/vsd.fr\/tag\/eric-antoine\/\" target=\"_blank\" rel=\"noopener\">\u00c9ric Antoine<\/a> et faire mieux que la semaine derni\u00e8re en rassemblant une nouvelle fois plus de 4 millions de t\u00e9l\u00e9spectateurs ? La r\u00e9ponse, dans quelques heures. En attendant, une chose est s\u00fbre, sa m\u00e8re ne fera pas partie des personnes devant leur \u00e9cran pour regarder <strong>\u00ab\u00a0Flashback\u00a0\u00bb<\/strong>.<\/p>\n<p>Le 3 avril dernier, l\u2019humoriste et com\u00e9dien de 51 ans parvenait \u00e0 rassembler 4,04 millions de t\u00e9l\u00e9spectateurs,\u00a0selon M\u00e9diam\u00e9trie, devant les deux premiers \u00e9pisodes de la nouvelle s\u00e9rie de TF1. Une \u00e9norme audience, permettant \u00e0 la fiction de la Une de battre, haut la main,<strong> \u00ab\u00a0Les Tra\u00eetres\u00a0\u00bb<\/strong>\u00a0 et M6 qui lan\u00e7aient la nouvelle saison de son \u00e9mission phare.\u00a0<\/p>\n<p>Un excellent score, qui a rendu fou de joie Micha\u00ebl Youn, mais beaucoup moins sa m\u00e8re. En effet, cette derni\u00e8re n\u2019a visiblement pas compris le succ\u00e8s des deux premiers \u00e9pisodes de \u00ab\u00a0Flashback\u00a0\u00bb \u00e0 en croire ses SMS \u00e9changes avec son fils.\u00a0<\/p>\n<p>Micha\u00ebl Youn cartonne avec \u00ab\u00a0Flashback\u00a0\u00bb, sa m\u00e8re ne comprend pas<\/p>\n<p>Le com\u00e9dien de 51 ans a publi\u00e9 une capture d\u2019\u00e9cran, de <a href=\"https:\/\/www.public.fr\/flashback-la-mere-de-michael-youn-dezingue-la-serie-de-son-fils-les-sms-assassins-devoiles\" target=\"_blank\" rel=\"noopener\">ses \u00e9changes avec sa m\u00e8re<\/a> sur son compte X. Dans celle-ci, nous pouvions d\u00e9couvrir la surprise de sa maman lorsqu\u2019elle apprenait les scores enregistr\u00e9s par la s\u00e9rie de son fils.\u00a0<\/p>\n<p><strong>\u00ab\u00a04,5 M hier!!!\u00a0\u00bb, lui a envoy\u00e9 Micha\u00ebl Youn, avant que sa m\u00e8re ne lui demande : <\/strong>\u00ab\u00a0Pour ta s\u00e9rie ?\u00a0\u00bb. Apr\u00e8s avoir re\u00e7u la confirmation de l\u2019humoriste, la maman de ce dernier n\u2019a pas pu lui mentir : \u00ab\u00a0Ah&#8230; Suis un peu \u00e9tonn\u00e9.\u00a0Moi je n&rsquo;ai pas accroch\u00e9 du tout. On n&rsquo;y croit pas \u00e0 cette histoire de voyage dans le temps.\u00a0J&rsquo;esp\u00e8re que les \u00e9pisodes suivants seront meilleurs.\u00a0Je ne comprends vraiment pas que vous ayez eu le prix du jury au festival\u00a0\u00bb. De quoi rendre hilare son fils, ainsi que de nombreux internautes.<\/p>\n<p>L&rsquo;humoriste r\u00e9it\u00e8re \u00ab\u00a0l&rsquo;exp\u00e9rience\u00a0\u00bb avec sa maman<\/p>\n<p>Face au \u00ab\u00a0succ\u00e8s\u00a0\u00bb de cet \u00e9change avec sa m\u00e8re, Micha\u00ebl Youn a souhait\u00e9 r\u00e9it\u00e9rer l\u2019exp\u00e9rience \u00e0 l\u2019occasion de la diffusion des \u00e9pisodes 3 et 4 de <strong>\u00ab\u00a0Flashback\u00a0\u00bb<\/strong> ce jeudi 10 avril 2025. <\/p>\n<p>\u00ab\u00a0Regarde Flashback ce soir, \u00e9pisodes 3 et 4, supers\u00a0\u00bb, a-t-il envoy\u00e9 dans un premier temps comme il l&rsquo;a indiqu\u00e9 sur son compte X. Avant que sa maman ne r\u00e9torque, sur un ton similaire \u00e0 celui de la semaine pass\u00e9e : <strong>\u00ab\u00a0encore ? \u00c7a ne peut pas \u00eatre pire que la semaine derni\u00e8re. Il y a combien d\u2019\u00e9pisodes en tout ?\u00a0\u00bb<\/strong><\/p>\n<p>Micha\u00ebl Youn l\u2019a inform\u00e9 que sa s\u00e9rie comportait 6 \u00e9pisodes et qu\u2019une saison 2 allait m\u00eame voir le jour prochainement. <strong>\u00ab\u00a0Il y aura une saison 2 ? Eh bah\u2026 j\u2019ai un boulot monstre avec le comptable. Je n\u2019ai pas que \u00e7a \u00e0 faire. C\u2019est monstrueux\u00a0\u00bb<\/strong>, lui a-t-elle r\u00e9pondu avant d\u2019assurer, dans un autre SMS, qu\u2019elle \u00ab\u00a0plaisantait\u00a0\u00bb.<\/p>\n<p>      Mentionn\u00e9s dans cet article<\/p>\n<p>\u00c0 lire aussi<\/p>\n","protected":false},"excerpt":{"rendered":"Micha\u00ebl Youn va-t-il de nouveau battre \u00c9ric Antoine et faire mieux que la semaine derni\u00e8re en rassemblant une&hellip;\n","protected":false},"author":2,"featured_media":19751,"comment_status":"","ping_status":"","sticky":false,"template":"","format":"standard","meta":{"footnotes":""},"categories":[1359],"tags":[58,59,2177,1011,27,7629,1313,973,741,199],"class_list":{"0":"post-19750","1":"post","2":"type-post","3":"status-publish","4":"format-standard","5":"has-post-thumbnail","7":"category-people","8":"tag-divertissement","9":"tag-entertainment","10":"tag-flashback","11":"tag-fr","12":"tag-france","13":"tag-maman","14":"tag-michael-youn","15":"tag-people","16":"tag-sms","17":"tag-tf1"},"share_on_mastodon":{"url":"https:\/\/pubeurope.com\/@fr\/114324890098718888","error":""},"_links":{"self":[{"href":"https:\/\/www.europesays.com\/fr\/wp-json\/wp\/v2\/posts\/19750","targetHints":{"allow":["GET"]}}],"collection":[{"href":"https:\/\/www.europesays.com\/fr\/wp-json\/wp\/v2\/posts"}],"about":[{"href":"https:\/\/www.europesays.com\/fr\/wp-json\/wp\/v2\/types\/post"}],"author":[{"embeddable":true,"href":"https:\/\/www.europesays.com\/fr\/wp-json\/wp\/v2\/users\/2"}],"replies":[{"embeddable":true,"href":"https:\/\/www.europesays.com\/fr\/wp-json\/wp\/v2\/comments?post=19750"}],"version-history":[{"count":0,"href":"https:\/\/www.europesays.com\/fr\/wp-json\/wp\/v2\/posts\/19750\/revisions"}],"wp:featuredmedia":[{"embeddable":true,"href":"https:\/\/www.europesays.com\/fr\/wp-json\/wp\/v2\/media\/19751"}],"wp:attachment":[{"href":"https:\/\/www.europesays.com\/fr\/wp-json\/wp\/v2\/media?parent=19750"}],"wp:term":[{"taxonomy":"category","embeddable":true,"href":"https:\/\/www.europesays.com\/fr\/wp-json\/wp\/v2\/categories?post=19750"},{"taxonomy":"post_tag","embeddable":true,"href":"https:\/\/www.europesays.com\/fr\/wp-json\/wp\/v2\/tags?post=19750"}],"curies":[{"name":"wp","href":"https:\/\/api.w.org\/{rel}","templated":true}]}}