{"id":197502,"date":"2025-06-23T06:31:10","date_gmt":"2025-06-23T06:31:10","guid":{"rendered":"https:\/\/www.europesays.com\/fr\/197502\/"},"modified":"2025-06-23T06:31:10","modified_gmt":"2025-06-23T06:31:10","slug":"signale-par-un-pedopsychiatre-un-pere-de-56-ans-condamne-a-marseille","status":"publish","type":"post","link":"https:\/\/www.europesays.com\/fr\/197502\/","title":{"rendered":"signal\u00e9 par un p\u00e9dopsychiatre, un p\u00e8re de 56 ans condamn\u00e9 \u00e0 Marseille"},"content":{"rendered":"<p>\u00c0 la barre, Alain se tord les mains, s\u2019effondre. Manifestement malade de honte de se retrouver l\u00e0. Le quinquag\u00e9naire compara\u00eet devant le tribunal correctionnel de <a href=\"https:\/\/www.laprovence.com\/bouches-du-rhone\/marseille-13055\" target=\"_blank\" rel=\"noopener\">Marseille<\/a>, ce mardi 17\u00a0juin, pour d\u00e9tention et fixation d\u2019images <a href=\"https:\/\/www.laprovence.com\/article\/faits-divers-justice\/2089077992026315\/agressions-sexuelles-pedopornographie-exhibitionnisme-enquete-sur-les-derives-du-site-bazoocam\" target=\"_blank\" rel=\"noopener\">p\u00e9dopornographiques<\/a>. Il y a deux ans, c\u2019est le p\u00e9dopsychiatre de sa fille qui a donn\u00e9 l\u2019alerte\u00a0: la fillette de 8\u00a0ans avait confi\u00e9 au m\u00e9decin que son p\u00e8re regardait des femmes nues sur l\u2019ordinateur quand il la croyait endormie\u2026<\/p>\n","protected":false},"excerpt":{"rendered":"\u00c0 la barre, Alain se tord les mains, s\u2019effondre. Manifestement malade de honte de se retrouver l\u00e0. Le&hellip;\n","protected":false},"author":2,"featured_media":197503,"comment_status":"","ping_status":"","sticky":false,"template":"","format":"standard","meta":{"footnotes":""},"categories":[2814],"tags":[17,1111,11,1777,674,274,1011,27,33722,884,12,5912,33723,33725,6552,882,25,33724,18830],"class_list":{"0":"post-197502","1":"post","2":"type-post","3":"status-publish","4":"format-standard","5":"has-post-thumbnail","7":"category-marseille","8":"tag-17","9":"tag-actu","10":"tag-actualites","11":"tag-eu","12":"tag-europe","13":"tag-faits-divers-justice","14":"tag-fr","15":"tag-france","16":"tag-inquietantes","17":"tag-marseille","18":"tag-news","19":"tag-par","20":"tag-pedopornographiques","21":"tag-pedopsychiatre","22":"tag-pere","23":"tag-provence-alpes-cote-dazur","24":"tag-republique-francaise","25":"tag-signale","26":"tag-tendances"},"share_on_mastodon":{"url":"https:\/\/pubeurope.com\/@fr\/114731278915153350","error":""},"_links":{"self":[{"href":"https:\/\/www.europesays.com\/fr\/wp-json\/wp\/v2\/posts\/197502","targetHints":{"allow":["GET"]}}],"collection":[{"href":"https:\/\/www.europesays.com\/fr\/wp-json\/wp\/v2\/posts"}],"about":[{"href":"https:\/\/www.europesays.com\/fr\/wp-json\/wp\/v2\/types\/post"}],"author":[{"embeddable":true,"href":"https:\/\/www.europesays.com\/fr\/wp-json\/wp\/v2\/users\/2"}],"replies":[{"embeddable":true,"href":"https:\/\/www.europesays.com\/fr\/wp-json\/wp\/v2\/comments?post=197502"}],"version-history":[{"count":0,"href":"https:\/\/www.europesays.com\/fr\/wp-json\/wp\/v2\/posts\/197502\/revisions"}],"wp:featuredmedia":[{"embeddable":true,"href":"https:\/\/www.europesays.com\/fr\/wp-json\/wp\/v2\/media\/197503"}],"wp:attachment":[{"href":"https:\/\/www.europesays.com\/fr\/wp-json\/wp\/v2\/media?parent=197502"}],"wp:term":[{"taxonomy":"category","embeddable":true,"href":"https:\/\/www.europesays.com\/fr\/wp-json\/wp\/v2\/categories?post=197502"},{"taxonomy":"post_tag","embeddable":true,"href":"https:\/\/www.europesays.com\/fr\/wp-json\/wp\/v2\/tags?post=197502"}],"curies":[{"name":"wp","href":"https:\/\/api.w.org\/{rel}","templated":true}]}}