{"id":197507,"date":"2025-06-23T06:34:09","date_gmt":"2025-06-23T06:34:09","guid":{"rendered":"https:\/\/www.europesays.com\/fr\/197507\/"},"modified":"2025-06-23T06:34:09","modified_gmt":"2025-06-23T06:34:09","slug":"transports-le-camion-dile-de-france-mobilites-va-vers-les-usagers-eloignes-des-gares","status":"publish","type":"post","link":"https:\/\/www.europesays.com\/fr\/197507\/","title":{"rendered":"Transports\u00a0: le camion d\u2019\u00cele-de-France Mobilit\u00e9s va vers les usagers \u00e9loign\u00e9s des gares"},"content":{"rendered":"<p class=\"paragraph text_align_left lp-f-body-02\">Savoir le num\u00e9ro et les horaires de la ligne de bus pour rejoindre telle ville, conna\u00eetre la diff\u00e9rence entre le passe Navigo Easy et <a href=\"https:\/\/www.leparisien.fr\/info-paris-ile-de-france-oise\/transports\/un-million-dabonnes-facilite-dutilisation-carton-plein-pour-le-passe-liberte-02-04-2025-EA3PKYFMYZEFBDD6TC67WQ3T3Y.php\" target=\"_self\" rel=\"nofollow noopener\">Libert\u00e9 +<\/a>, acheter ou recharger l\u2019un ou l\u2019autre, savoir utiliser l\u2019appli <a href=\"https:\/\/www.leparisien.fr\/info-paris-ile-de-france-oise\/transports\/entre-la-ratp-et-ile-de-france-mobilites-cest-la-guerre-des-polices-de-caracteres-06-05-2025-FYUWA45HLBBBVDHS3QCT2D3FZQ.php\" target=\"_self\" rel=\"nofollow noopener\">\u00cele-de-France Mobilit\u00e9s<\/a>\u2026<\/p>\n<p class=\"paragraph text_align_left lp-f-body-02\">Autant de d\u00e9marches compliqu\u00e9es si on ne dispose pas d\u2019Internet, de smartphone ou s\u2019il est difficile de se rendre \u00e0 la gare la plus proche disposant d\u2019un guichet. D\u2019o\u00f9 le lancement, d\u00e9but 2025, de l\u2019agence mobile d\u2019\u00cele-de-France Mobilit\u00e9s (IDFM), l\u2019autorit\u00e9 organisatrice des transports en \u00cele-de-France.<\/p>\n","protected":false},"excerpt":{"rendered":"Savoir le num\u00e9ro et les horaires de la ligne de bus pour rejoindre telle ville, conna\u00eetre la diff\u00e9rence&hellip;\n","protected":false},"author":2,"featured_media":197508,"comment_status":"","ping_status":"","sticky":false,"template":"","format":"standard","meta":{"footnotes":""},"categories":[1592],"tags":[1111,11,1777,674,1011,27,662,1944,12,626,25,1937],"class_list":{"0":"post-197507","1":"post","2":"type-post","3":"status-publish","4":"format-standard","5":"has-post-thumbnail","7":"category-ile-de-france","8":"tag-actu","9":"tag-actualites","10":"tag-eu","11":"tag-europe","12":"tag-fr","13":"tag-france","14":"tag-ile-de-france","15":"tag-ma-ville","16":"tag-news","17":"tag-paris","18":"tag-republique-francaise","19":"tag-seine-et-marne"},"share_on_mastodon":{"url":"https:\/\/pubeurope.com\/@fr\/114731290658349641","error":""},"_links":{"self":[{"href":"https:\/\/www.europesays.com\/fr\/wp-json\/wp\/v2\/posts\/197507","targetHints":{"allow":["GET"]}}],"collection":[{"href":"https:\/\/www.europesays.com\/fr\/wp-json\/wp\/v2\/posts"}],"about":[{"href":"https:\/\/www.europesays.com\/fr\/wp-json\/wp\/v2\/types\/post"}],"author":[{"embeddable":true,"href":"https:\/\/www.europesays.com\/fr\/wp-json\/wp\/v2\/users\/2"}],"replies":[{"embeddable":true,"href":"https:\/\/www.europesays.com\/fr\/wp-json\/wp\/v2\/comments?post=197507"}],"version-history":[{"count":0,"href":"https:\/\/www.europesays.com\/fr\/wp-json\/wp\/v2\/posts\/197507\/revisions"}],"wp:featuredmedia":[{"embeddable":true,"href":"https:\/\/www.europesays.com\/fr\/wp-json\/wp\/v2\/media\/197508"}],"wp:attachment":[{"href":"https:\/\/www.europesays.com\/fr\/wp-json\/wp\/v2\/media?parent=197507"}],"wp:term":[{"taxonomy":"category","embeddable":true,"href":"https:\/\/www.europesays.com\/fr\/wp-json\/wp\/v2\/categories?post=197507"},{"taxonomy":"post_tag","embeddable":true,"href":"https:\/\/www.europesays.com\/fr\/wp-json\/wp\/v2\/tags?post=197507"}],"curies":[{"name":"wp","href":"https:\/\/api.w.org\/{rel}","templated":true}]}}