{"id":197511,"date":"2025-06-23T06:36:09","date_gmt":"2025-06-23T06:36:09","guid":{"rendered":"https:\/\/www.europesays.com\/fr\/197511\/"},"modified":"2025-06-23T06:36:09","modified_gmt":"2025-06-23T06:36:09","slug":"paris-anne-hidalgo-ne-veut-pas-de-ses-graffitis-pres-de-la-rotonde-de-la-villette-orange-saisit-la-justice","status":"publish","type":"post","link":"https:\/\/www.europesays.com\/fr\/197511\/","title":{"rendered":"Paris. Anne Hidalgo ne veut pas de ses graffitis pr\u00e8s de la Rotonde de la Villette, Orange saisit la justice"},"content":{"rendered":"<p>            Par<br \/>\n        <strong><br \/>\n            <a href=\"https:\/\/actu.fr\/auteur\/redaction-paris\" title=\"Consulter tous les articles de R\u00e9daction Paris\" target=\"_blank\" rel=\"noopener\">R\u00e9daction Paris<\/a><br \/>\n        <\/strong><\/p>\n<p>        Publi\u00e9 le<\/p>\n<p>            23 juin 2025 \u00e0 6h08        <\/p>\n<p><a href=\"https:\/\/actu.fr\/tag\/street-art\" target=\"_blank\" rel=\"noopener\">Art urbain<\/a> versus monument historique. Le <a href=\"https:\/\/actu.fr\/tag\/tribunal-administratif-de-paris\" target=\"_blank\" rel=\"noopener\">tribunal administratif<\/a> a eu \u00e0 se pencher sur une affaire opposant une filiale d\u2019Orange \u00e0 la <a href=\"https:\/\/actu.fr\/tag\/mairie-de-paris\" target=\"_blank\" rel=\"noopener\">Mairie de Paris<\/a> et au pr\u00e9fet de r\u00e9gion. Il y a deux ans, la G\u00e9n\u00e9rale de T\u00e9l\u00e9phone \u2013 plus connue d\u00e9sormais sous le nom de Orange Store et qui g\u00e8re les boutiques de l\u2019op\u00e9rateur de t\u00e9l\u00e9phonie mobile \u2013 n\u2019avait ainsi pas pu \u00ab\u2009r\u00e9gulariser\u2009\u00bb les graffitis faits sur ses locaux situ\u00e9s 270, rue du Faubourg Saint-Martin (10e), l\u2019immeuble situ\u00e9 juste \u00e0 c\u00f4t\u00e9 de la boutique Orange de Stalingrad, implant\u00e9e quant \u00e0 elle au n\u00b0274.<br \/>La maire (PS), <a href=\"https:\/\/actu.fr\/tag\/anne-hidalgo\" target=\"_blank\" rel=\"noopener\">Anne Hidalgo<\/a>, s\u2019\u00e9tait en fait \u00ab\u2009fond\u00e9e\u2009\u00bb sur le veto oppos\u00e9 le 30 juin 2022 par l\u2019architecte des B\u00e2timents de France (ABF) : ce dernier s\u2019\u00e9tait inqui\u00e9t\u00e9 de la \u00ab\u2009covisibilit\u00e9\u2009\u00bb entre ces graffs et la Rotonde de la Villette, class\u00e9e aux Monuments historiques depuis 1907.<\/p>\n<p>Une fa\u00e7on \u00ab\u00a0d\u2019inciter \u00e0 la g\u00e9n\u00e9ralisation des graffitis\u00a0\u00bb<\/p>\n<p class=\" wall-content\">La soci\u00e9t\u00e9 avait donc introduit un recours contre l\u2019avis de l\u2019ABF aupr\u00e8s du pr\u00e9fet de la r\u00e9gion \u00cele-de-France, son autorit\u00e9 de tutelle, mais celui-ci avait \u00ab\u2009explicitement rejet\u00e9\u2009\u00bb sa requ\u00eate le 5 janvier 2023.\u00a0\u00ab\u2009Les travaux envisag\u00e9s pourraient devenir des contre-exemples et inciter \u00e0 la g\u00e9n\u00e9ralisation des graffitis sur les rideaux m\u00e9talliques commerciaux, s\u2019inqui\u00e9tait le repr\u00e9sentant de l\u2019\u00c9tat dans la capitale. Ils sont de nature \u00e0 porter atteinte \u00e0 la qualit\u00e9 et la mise en valeur des abords du monument historique.\u2009\u00bb<\/p>\n<p class=\" wall-content\">Saisi en mars 2023 pour se plaindre du refus oppos\u00e9 en juillet 2022 par la maire \u00e0 la \u00ab\u2009mise en peinture\u2009\u00bb du rideau m\u00e9tallique du magasins, le tribunal administratif de <a href=\"https:\/\/actu.fr\/paris\/dernieres-actus\" target=\"_blank\" rel=\"noopener\">Paris<\/a> vient de d\u00e9bouter la filiale du groupe Orange.<\/p>\n<p class=\" wall-content\">\u00ab\u2009L\u2019immeuble est situ\u00e9 \u00e0 moins de 500 m de la Rotonde de la Villette, lui donnent raison les jugent dans <a href=\"https:\/\/www.doctrine.fr\/d\/TA\/Paris\/2025\/TAA63A870F3BBF3292C961\" target=\"_blank\" rel=\"noopener\">un jugement<\/a> en date du 28 avril 2025, qui vient d\u2019\u00eatre rendu public. Contrairement \u00e0 ce que soutient la soci\u00e9t\u00e9, cet immeuble se situe \u00e9galement dans le champ de covisibilit\u00e9 de ce monument.\u2009\u00bb<\/p>\n<p>\u00ab\u00a0D\u2019autres b\u00e2timents r\u00e9guli\u00e8rement tagu\u00e9s\u00a0\u00bb<\/p>\n<p class=\" wall-content\">La \u00ab\u2009circonstance\u2009\u00bb que le m\u00e9tro a\u00e9rien \u00ab\u2009cache une partie\u2009\u00bb de la Rotonde de la Villette est \u00ab\u2009sans incidence\u2009\u00bb sur le refus oppos\u00e9 par la maire de Paris puisque \u00ab\u2009ce monument est bien visible \u00e0 l\u2019\u0153il nu en m\u00eame temps que l\u2019immeuble situ\u00e9 rue du Faubourg Saint-Martin depuis le croisement entre cette rue et la place de la Bataille de Stalingrad\u2009\u00bb.<\/p>\n<p class=\" wall-content\">\u00ab\u2009Si la soci\u00e9t\u00e9 soutient que les travaux, qui visent la mise en peinture par des \u00e9l\u00e9ments d\u2019art urbain des rideaux m\u00e9talliques prot\u00e9geant la devanture du 270, ne sont pas de nature \u00e0 porter \u00e0 la qualit\u00e9 des abords de la Rotonde, elle n\u2019apporte toutefois pas d\u2019\u00e9l\u00e9ments permettant de remettre en cause une telle appr\u00e9ciation\u2009\u00bb, consid\u00e8rent les juges.<\/p>\n<p class=\" wall-content\">\u00ab\u00a0Si la soci\u00e9t\u00e9 se pr\u00e9vaut de ce que les travaux s\u2019inscrivent dans le cadre d\u2019une mise en valeur de l\u2019art urbain, elle n\u2019apporte aucun \u00e9l\u00e9ment de nature \u00e0 justifier de la valeur artistique des inscriptions figurant sur le rideau m\u00e9tallique\u00a0\u00bb, concluent les juges.<\/p>\n<p class=\" wall-content\">\u00ab\u00a0En outre, de nombreux autres b\u00e2timents situ\u00e9s aux abords de la Rotonde sont r\u00e9guli\u00e8rement d\u00e9grad\u00e9s par des tags et des graffitis. [\u2026] C\u2019est \u00e0 bon droit que le pr\u00e9fet a pu consid\u00e9rer qu\u2019il y avait lieu de ne pas \u2018inciter \u00e0 la g\u00e9n\u00e9ralisation de graffitis sur les rideaux m\u00e9talliques commerciaux\u2019.\u00a0\u00bb<\/p>\n<p class=\" wall-content\">Orange Store a jusqu\u2019au 28 juin 2025 pour contester ce jugement devant la cour administrative d\u2019appel de Paris.<\/p>\n<p class=\" wall-content\"><strong>\/GF (PressPepper)<\/strong><\/p>\n<p class=\" wall-content\">Suivez toute l\u2019actualit\u00e9 de vos villes et m\u00e9dias favoris en vous inscrivant \u00e0 <a href=\"https:\/\/moncompte.actu.fr\" title=\"D\u00e9couvez Mon Actu\" rel=\"nofollow noopener\" data-trk=\"{&quot;cta&quot;:{&quot;action&quot;:&quot;https:\\\/\\\/moncompte.actu.fr&quot;,&quot;category&quot;:&quot;mon compte&quot;,&quot;from&quot;:&quot;article footer&quot;,&quot;name&quot;:&quot;Mon actu&quot;,&quot;type&quot;:&quot;cta&quot;}}\" target=\"_blank\">Mon Actu<\/a>.<\/p>\n","protected":false},"excerpt":{"rendered":"Par R\u00e9daction Paris Publi\u00e9 le 23 juin 2025 \u00e0 6h08 Art urbain versus monument historique. Le tribunal administratif&hellip;\n","protected":false},"author":2,"featured_media":197512,"comment_status":"","ping_status":"","sticky":false,"template":"","format":"standard","meta":{"footnotes":""},"categories":[1888],"tags":[1111,1928,11,1927,2618,1777,674,118,1011,27,303,12,1926,738,626,1925,25],"class_list":{"0":"post-197511","1":"post","2":"type-post","3":"status-publish","4":"format-standard","5":"has-post-thumbnail","7":"category-paris","8":"tag-actu","9":"tag-actu-paris","10":"tag-actualites","11":"tag-actualites-paris","12":"tag-anne-hidalgo","13":"tag-eu","14":"tag-europe","15":"tag-faits-divers","16":"tag-fr","17":"tag-france","18":"tag-justice","19":"tag-news","20":"tag-news-paris","21":"tag-orange","22":"tag-paris","23":"tag-paris-news","24":"tag-republique-francaise"},"share_on_mastodon":{"url":"https:\/\/pubeurope.com\/@fr\/114731298536108269","error":""},"_links":{"self":[{"href":"https:\/\/www.europesays.com\/fr\/wp-json\/wp\/v2\/posts\/197511","targetHints":{"allow":["GET"]}}],"collection":[{"href":"https:\/\/www.europesays.com\/fr\/wp-json\/wp\/v2\/posts"}],"about":[{"href":"https:\/\/www.europesays.com\/fr\/wp-json\/wp\/v2\/types\/post"}],"author":[{"embeddable":true,"href":"https:\/\/www.europesays.com\/fr\/wp-json\/wp\/v2\/users\/2"}],"replies":[{"embeddable":true,"href":"https:\/\/www.europesays.com\/fr\/wp-json\/wp\/v2\/comments?post=197511"}],"version-history":[{"count":0,"href":"https:\/\/www.europesays.com\/fr\/wp-json\/wp\/v2\/posts\/197511\/revisions"}],"wp:featuredmedia":[{"embeddable":true,"href":"https:\/\/www.europesays.com\/fr\/wp-json\/wp\/v2\/media\/197512"}],"wp:attachment":[{"href":"https:\/\/www.europesays.com\/fr\/wp-json\/wp\/v2\/media?parent=197511"}],"wp:term":[{"taxonomy":"category","embeddable":true,"href":"https:\/\/www.europesays.com\/fr\/wp-json\/wp\/v2\/categories?post=197511"},{"taxonomy":"post_tag","embeddable":true,"href":"https:\/\/www.europesays.com\/fr\/wp-json\/wp\/v2\/tags?post=197511"}],"curies":[{"name":"wp","href":"https:\/\/api.w.org\/{rel}","templated":true}]}}