{"id":197515,"date":"2025-06-23T06:41:13","date_gmt":"2025-06-23T06:41:13","guid":{"rendered":"https:\/\/www.europesays.com\/fr\/197515\/"},"modified":"2025-06-23T06:41:13","modified_gmt":"2025-06-23T06:41:13","slug":"grand-paris-ca-y-est-le-passe-navigo-liberte-arrive-enfin-ce-lundi-sur-smartphone","status":"publish","type":"post","link":"https:\/\/www.europesays.com\/fr\/197515\/","title":{"rendered":"Grand Paris\u00a0: \u00e7a y est, le passe Navigo Libert\u00e9 +\u00a0arrive enfin ce lundi sur smartphone"},"content":{"rendered":"<p class=\"paragraph text_align_left lp-f-body-02\"><a href=\"https:\/\/www.leparisien.fr\/info-paris-ile-de-france-oise\/transports\/un-million-dabonnes-facilite-dutilisation-carton-plein-pour-le-passe-liberte-02-04-2025-EA3PKYFMYZEFBDD6TC67WQ3T3Y.php\" target=\"_blank\" rel=\"noreferrer noopener\">Libert\u00e9 +<\/a>, qu\u2019est-ce que c\u2019est ? Une formule tarifaire \u00e0 la carte, qui permet de payer les trajets effectu\u00e9s en diff\u00e9r\u00e9 le mois suivant, tout en b\u00e9n\u00e9ficiant de 20 % de r\u00e9duction. Un voyage sur le r\u00e9seau m\u00e9tro-train-RER est ainsi factur\u00e9 1,99 euro, partout en \u00cele-de-France (hormis les a\u00e9roports), au lieu de 2,50 euros. Avantage suppl\u00e9mentaire : la correspondance avec le bus ou le tram est offerte. Et pour un voyage en bus ou tram seul, le tarif Libert\u00e9 + est \u00e0 1,60 euro, contre 2 euros en ticket \u00e0 l\u2019unit\u00e9.<\/p>\n","protected":false},"excerpt":{"rendered":"Libert\u00e9 +, qu\u2019est-ce que c\u2019est ? Une formule tarifaire \u00e0 la carte, qui permet de payer les trajets&hellip;\n","protected":false},"author":2,"featured_media":197516,"comment_status":"","ping_status":"","sticky":false,"template":"","format":"standard","meta":{"footnotes":""},"categories":[1888],"tags":[11,1777,674,1011,27,1944,12,626,25,2382],"class_list":{"0":"post-197515","1":"post","2":"type-post","3":"status-publish","4":"format-standard","5":"has-post-thumbnail","7":"category-paris","8":"tag-actualites","9":"tag-eu","10":"tag-europe","11":"tag-fr","12":"tag-france","13":"tag-ma-ville","14":"tag-news","15":"tag-paris","16":"tag-republique-francaise","17":"tag-transport-idf-oise"},"share_on_mastodon":{"url":"https:\/\/pubeurope.com\/@fr\/114731318279552714","error":""},"_links":{"self":[{"href":"https:\/\/www.europesays.com\/fr\/wp-json\/wp\/v2\/posts\/197515","targetHints":{"allow":["GET"]}}],"collection":[{"href":"https:\/\/www.europesays.com\/fr\/wp-json\/wp\/v2\/posts"}],"about":[{"href":"https:\/\/www.europesays.com\/fr\/wp-json\/wp\/v2\/types\/post"}],"author":[{"embeddable":true,"href":"https:\/\/www.europesays.com\/fr\/wp-json\/wp\/v2\/users\/2"}],"replies":[{"embeddable":true,"href":"https:\/\/www.europesays.com\/fr\/wp-json\/wp\/v2\/comments?post=197515"}],"version-history":[{"count":0,"href":"https:\/\/www.europesays.com\/fr\/wp-json\/wp\/v2\/posts\/197515\/revisions"}],"wp:featuredmedia":[{"embeddable":true,"href":"https:\/\/www.europesays.com\/fr\/wp-json\/wp\/v2\/media\/197516"}],"wp:attachment":[{"href":"https:\/\/www.europesays.com\/fr\/wp-json\/wp\/v2\/media?parent=197515"}],"wp:term":[{"taxonomy":"category","embeddable":true,"href":"https:\/\/www.europesays.com\/fr\/wp-json\/wp\/v2\/categories?post=197515"},{"taxonomy":"post_tag","embeddable":true,"href":"https:\/\/www.europesays.com\/fr\/wp-json\/wp\/v2\/tags?post=197515"}],"curies":[{"name":"wp","href":"https:\/\/api.w.org\/{rel}","templated":true}]}}